{"id":2632,"date":"2020-03-15T18:25:56","date_gmt":"2020-03-15T21:25:56","guid":{"rendered":"https:\/\/www.bienaleditora.com.br\/site\/?p=2632"},"modified":"2020-03-15T18:29:02","modified_gmt":"2020-03-15T21:29:02","slug":"dirceu-arcoverde-esperanca-interrimpida","status":"publish","type":"post","link":"https:\/\/www.bienaleditora.com.br\/site\/dirceu-arcoverde-esperanca-interrimpida\/","title":{"rendered":"Dirceu Arcoverde &#8211; Esperan\u00e7a interrompida"},"content":{"rendered":"\n<p class=\"wp-block-paragraph\"><strong>Eu vi o\ngovernador! De longe&#8230;<\/strong><\/p>\n\n\n\n<p class=\"wp-block-paragraph\">Era 13 de maio de 1977, uma sexta-feira.&nbsp;Eu tinha 15\nanos e me mostrava curioso diante dos acontecimentos de minha pequena cidade,\n\u00c1gua Branca, a 100 quil\u00f4metros ao Sul de Teresina.&nbsp;&nbsp;<\/p>\n\n\n\n<p class=\"wp-block-paragraph\">Uma manh\u00e3 de\u00a0sol, a Pra\u00e7a 1\u00ba de Julho, \u00e0 \u00e9poca a principal da cidade, estava coalhada de pessoas. S\u00f3 a feira de domingo\u00a0juntava\u00a0tanta gente ao redor da pra\u00e7a, depois batizada de Deputado Gomes Callado. <\/p>\n\n\n\n<figure class=\"wp-block-image size-large\"><img fetchpriority=\"high\" decoding=\"async\" width=\"675\" height=\"1024\" src=\"https:\/\/www.bienaleditora.com.br\/site\/wp-content\/uploads\/2020\/03\/WhatsApp-Image-2020-03-08-at-20.42.03-1-675x1024.jpeg\" alt=\"\" class=\"wp-image-2634\" srcset=\"https:\/\/www.bienaleditora.com.br\/site\/wp-content\/uploads\/2020\/03\/WhatsApp-Image-2020-03-08-at-20.42.03-1-675x1024.jpeg 675w, https:\/\/www.bienaleditora.com.br\/site\/wp-content\/uploads\/2020\/03\/WhatsApp-Image-2020-03-08-at-20.42.03-1-600x910.jpeg 600w, https:\/\/www.bienaleditora.com.br\/site\/wp-content\/uploads\/2020\/03\/WhatsApp-Image-2020-03-08-at-20.42.03-1-198x300.jpeg 198w, https:\/\/www.bienaleditora.com.br\/site\/wp-content\/uploads\/2020\/03\/WhatsApp-Image-2020-03-08-at-20.42.03-1-768x1165.jpeg 768w, https:\/\/www.bienaleditora.com.br\/site\/wp-content\/uploads\/2020\/03\/WhatsApp-Image-2020-03-08-at-20.42.03-1-96x146.jpeg 96w, https:\/\/www.bienaleditora.com.br\/site\/wp-content\/uploads\/2020\/03\/WhatsApp-Image-2020-03-08-at-20.42.03-1-33x50.jpeg 33w, https:\/\/www.bienaleditora.com.br\/site\/wp-content\/uploads\/2020\/03\/WhatsApp-Image-2020-03-08-at-20.42.03-1-49x75.jpeg 49w, https:\/\/www.bienaleditora.com.br\/site\/wp-content\/uploads\/2020\/03\/WhatsApp-Image-2020-03-08-at-20.42.03-1.jpeg 844w\" sizes=\"(max-width: 675px) 100vw, 675px\" \/><\/figure>\n\n\n\n<p class=\"wp-block-paragraph\">Aquela multid\u00e3o&nbsp;se acotovelava no local\npara&nbsp;receber o governador Dirceu Arcoverde, que estava&nbsp;na cidade para\ninaugurar&nbsp;o hospital e o sistema de abastecimento de \u00e1gua.&nbsp;<\/p>\n\n\n\n<p class=\"wp-block-paragraph\">Foi ali que vi Dirceu Arcoverde pela primeira vez. Foi\nali que pela primeira vez tamb\u00e9m vi um governador. Ali\u00e1s, n\u00e3o vi propriamente o\ngovernador. De onde eu estava,&nbsp;na pra\u00e7a, por mais que esticasse o pesco\u00e7o\ne subisse nas pontas dos p\u00e9s, s\u00f3 conseguia distinguir,&nbsp;por cima de\nincont\u00e1veis cabe\u00e7as&nbsp;e chap\u00e9us de palha e de couro, o vulto de um homem\nmagro, de calv\u00edcie avan\u00e7ada, em meio a outros homens, a que todos se dirigiam\ncom rever\u00eancias e louva\u00e7\u00f5es.&nbsp;&nbsp;<\/p>\n\n\n\n<p class=\"wp-block-paragraph\">Todos \u2013 o governador, o prefeito, secret\u00e1rios\nde&nbsp;Estado, deputados, vereadores e outros convidados \u2013 estavam em um\npalanque improvisado na carroceria de um caminh\u00e3o estacionado em frente \u00e0 casa\ndo velho Callado, o chefe pol\u00edtico da cidade.&nbsp;<\/p>\n\n\n\n<p class=\"wp-block-paragraph\">Uma luz passeava sobre a multid\u00e3o e se demorava no\npalanque oficial. Era o holofote da TV Clube, ent\u00e3o a \u00fanica emissora de\ntelevis\u00e3o do Piau\u00ed e que fazia a cobertura da visita do governador.&nbsp;<\/p>\n\n\n\n<p class=\"wp-block-paragraph\">***&nbsp;<\/p>\n\n\n\n<p class=\"wp-block-paragraph\">Voltei a ver o governador, tamb\u00e9m de longe, outra vez, em\n1978, j\u00e1 morando em Teresina, n\u00e3o lembro se em uma inaugura\u00e7\u00e3o ou em um\ncom\u00edcio. <\/p>\n\n\n\n<p class=\"wp-block-paragraph\">Eu havia me transferido no in\u00edcio daquele ano para a\ncapital para cursar o Ensino M\u00e9dio, na Escola T\u00e9cnica Federal do Piau\u00ed, hoje\nIFPI.&nbsp;<\/p>\n\n\n\n<p class=\"wp-block-paragraph\">O que recordo mais nitidamente daquela \u00e9poca \u00e9 que Dirceu\nera o advers\u00e1rio do ex-governador Alberto Silva como candidato a senador. Era\numa campanha da qual todo mundo dava conta na capital, mesmo quem n\u00e3o se\ninteressava muito por pol\u00edtica, tal era o n\u00edvel de seu acirramento.<\/p>\n\n\n\n<p class=\"wp-block-paragraph\">Teresina era&nbsp;albertista&nbsp;\u201cdoente\u201d,\ncomo se dizia ent\u00e3o. A propaganda apresentava Alberto Silva como \u201cO Senador do\nPovo\u201d, acrescentando-lhe o t\u00edtulo de maior governador do Piau\u00ed de todos os\ntempos.&nbsp;<\/p>\n\n\n\n<p class=\"wp-block-paragraph\">O clima eleitoral e o entusiasmo da oposi\u00e7\u00e3o contagiavam\na juventude.&nbsp;Logo fui atingido&nbsp;tamb\u00e9m&nbsp;pelo\nesp\u00edrito&nbsp;oposicionista que dominava a cidade&nbsp;e&nbsp;passei a torcer\npor Alberto Silva.&nbsp;<\/p>\n\n\n\n<p class=\"wp-block-paragraph\">Naquela \u00e9poca, eu tinha 16 anos e os jovens nessa idade\nainda n\u00e3o votavam. Eles s\u00f3 adquiriram esse direito com a Constitui\u00e7\u00e3o de 1988.\nEnt\u00e3o, eu s\u00f3 podia torcer. E foi o que fiz.&nbsp;<\/p>\n\n\n\n<p class=\"wp-block-paragraph\">O candidato Alberto Silva era um furac\u00e3o em Teresina,\nespecialmente pela constru\u00e7\u00e3o do est\u00e1dio&nbsp;Albert\u00e3o, a\nobra-s\u00edmbolo de seu governo&nbsp;e palco dos grandes cl\u00e1ssicos na fase \u00e1urea do\nfutebol piauiense.&nbsp;&nbsp;<\/p>\n\n\n\n<p class=\"wp-block-paragraph\">Pouco se falava da obra do advers\u00e1rio, que o sucedera no\ngoverno. Dirceu tamb\u00e9m era dono de um riqu\u00edssimo acervo de realiza\u00e7\u00f5es em todo\no Piau\u00ed, a partir de Teresina, onde implantou o novo sistema de abastecimento\nde \u00e1gua com capacidade para atender satisfatoriamente a popula\u00e7\u00e3o al\u00e9m do ano\n2.000. Era o maior investimento p\u00fablico no Estado depois da usina hidrel\u00e9trica\nde Boa Esperan\u00e7a.&nbsp;<\/p>\n\n\n\n<p class=\"wp-block-paragraph\">Mas paix\u00e3o pol\u00edtica pr\u00f3pria das campanhas eleitorais, s\u00f3\nenxergava as obras de Alberto Silva, que de fato eram vultosas e volumosas,\nimpactantes, mas n\u00e3o suplantavam as de Dirceu!&nbsp;<\/p>\n\n\n\n<p class=\"wp-block-paragraph\">Al\u00e9m do mais, Alberto&nbsp;era o candidato da\noposi\u00e7\u00e3o.&nbsp;Era o que todo mundo dizia e tamb\u00e9m o que eu sabia.&nbsp;&nbsp;<\/p>\n\n\n\n<p class=\"wp-block-paragraph\">Naquela \u00e9poca, minha imaturidade era tamanha que n\u00e3o me\npermitia ver que Alberto e Dirceu eram da mesma sigla, a Arena, o partido do\ngoverno.&nbsp;&nbsp;<\/p>\n\n\n\n<p class=\"wp-block-paragraph\">Ent\u00e3o, eu misturava alhos com bugalhos, como\nmuitos.&nbsp;Ou seja, n\u00e3o sabia que o primeiro n\u00e3o era oposi\u00e7\u00e3o\nde&nbsp;verdade, mas apenas dissidente.&nbsp;<\/p>\n\n\n\n<p class=\"wp-block-paragraph\">E lembro tamb\u00e9m, daquela \u00e9poca, do clima de como\u00e7\u00e3o\np\u00fablica que dominou Teresina com o prematuro falecimento do senador Dirceu\nArcoverde, em Bras\u00edlia, bem no in\u00edcio de seu mandato.&nbsp;<\/p>\n\n\n\n<p class=\"wp-block-paragraph\">***&nbsp;<\/p>\n\n\n\n<p class=\"wp-block-paragraph\">Quando ingressei na imprensa, em 1980, fui come\u00e7ando a\nconhecer melhor a realidade pol\u00edtica do Piau\u00ed, sobretudo, a partir de 1985.\nNesse ano, passei a me dedicar ao jornalismo pol\u00edtico, acumulando-o, mais na\nfrente, com a fun\u00e7\u00e3o de editor-chefe de v\u00e1rios ve\u00edculos de comunica\u00e7\u00e3o de\nTeresina.&nbsp;&nbsp;<\/p>\n\n\n\n<p class=\"wp-block-paragraph\">Convivi profissionalmente com as principais\npersonalidades pol\u00edticas daquela gera\u00e7\u00e3o e com elas muito aprendi&nbsp;sobre os\nseus contempor\u00e2neos, incluindo Dirceu Arcoverde.&nbsp;<\/p>\n\n\n\n<p class=\"wp-block-paragraph\">Para uma ou duas gera\u00e7\u00f5es, Dirceu hoje n\u00e3o passa do nome\ndo bairro mais populoso de Teresina, o Grande Dirceu; do nome de um pequeno\nmunic\u00edpio do sert\u00e3o do Piau\u00ed e de nome de v\u00e1rios equipamentos e logradouros\np\u00fablicos, notadamente hospitais, ruas e avenidas, em v\u00e1rias cidades.&nbsp;<\/p>\n\n\n\n<p class=\"wp-block-paragraph\">\u00c9, sobretudo, para estes que escrevo este livro, a fim de\nque possam conhecer a hist\u00f3ria de um dos maiores governadores do Piau\u00ed. <\/p>\n\n\n\n<p class=\"wp-block-paragraph\">A obra est\u00e1 dividida em cinco cap\u00edtulos. O primeiro\nrecomp\u00f5e o cen\u00e1rio pol\u00edtico do Brasil em 1979, o ano da morte do senador.\nTamb\u00e9m reconstitui os \u00faltimos dias de sua longa agonia e de seu breve mandato\nparlamentar. <\/p>\n\n\n\n<p class=\"wp-block-paragraph\">O segundo tra\u00e7a o perfil biogr\u00e1fico de Dirceu antes de\nseu ingresso na vida p\u00fablica, inciando com o nascimento dele, em Amarante, e\nindo at\u00e9 a sua formatura em Medicina, no Rio de Janeiro. Destacam-se, nessa\nparte, as paisagens naturais e humanas do Piau\u00ed e os vultos hist\u00f3ricos de ent\u00e3o\nque tiveram influ\u00eancia na vida do biografado.<\/p>\n\n\n\n<p class=\"wp-block-paragraph\">&nbsp;O terceiro\ncap\u00edtulo conta como Dirceu Arcoverde chegou ao Governo do Piau\u00ed, jogando luzes\nsobre os bastidores de sua escolha. Tamb\u00e9m mostra como ele governou e traz um\nbalan\u00e7o de suas realiza\u00e7\u00f5es.<\/p>\n\n\n\n<p class=\"wp-block-paragraph\">&nbsp;O quarto foca as\nelei\u00e7\u00f5es de 1978 no Piau\u00ed, quando ele disputou o mandato de senador em uma das\ncampanhas mais acirradas da hist\u00f3ria do Estado. Pelas voltas e reviravoltas que\na pol\u00edtica d\u00e1, Dirceu enfrentou nas urnas justamente um mito nascente da\npol\u00edtica piauiense, o ex-governador Alberto Silva, de quem fora secret\u00e1rio de\nSa\u00fade.<\/p>\n\n\n\n<p class=\"wp-block-paragraph\">Por \u00faltimo, o quinto cap\u00edtulo narra a como\u00e7\u00e3o p\u00fablica\ncausada no Piau\u00ed pela inesperada morte do senador vitorioso nas urnas, o\nimpacto que ela causou na pol\u00edtica estadual, o v\u00e1cuo que o seu desaparecimento\nprovocou e as homenagens p\u00f3stumas que lhe foram tributadas.&nbsp;&nbsp;&nbsp;&nbsp; <\/p>\n\n\n\n<p class=\"wp-block-paragraph\">A hist\u00f3ria de Dirceu Arcoverde encanta especialmente pela\nfigura humana que ele encarnou como m\u00e9dico, por mais de 20 anos, e homem\np\u00fablico, por breve per\u00edodo.&nbsp;<\/p>\n\n\n\n<p class=\"wp-block-paragraph\">Uma carreira p\u00fablica brilhante que foi interrompida\nbruscamente ainda no come\u00e7o, com a sua morte s\u00fabita.&nbsp;<\/p>\n\n\n\n<p class=\"wp-block-paragraph\">Quarenta anos depois de seu prematuro falecimento, todos\nainda temos muito o que aprender com ele, pelo seu exemplo de sua austeridade,\nde simplicidade&nbsp;e de devo\u00e7\u00e3o ao Piau\u00ed.&nbsp;&nbsp;<\/p>\n\n\n\n<p class=\"wp-block-paragraph\"><em>Z\u00f3zimo Tavares<\/em><\/p>\n\n\n\n<p class=\"wp-block-paragraph\">(Do livro \u201cDirceu Arcoverde \u2013 Esperan\u00e7a interrompida\u201d, a ser\nlan\u00e7ado em breve)<\/p>\n","protected":false},"excerpt":{"rendered":"<p>Eu vi o governador! De longe&#8230; Era 13 de maio de 1977, uma sexta-feira.&nbsp;Eu tinha 15 anos e me mostrava curioso diante dos acontecimentos de minha pequena cidade, \u00c1gua Branca, a 100 quil\u00f4metros ao Sul de Teresina.&nbsp;&nbsp; Uma manh\u00e3 de\u00a0sol, a Pra\u00e7a 1\u00ba de Julho, \u00e0 \u00e9poca a principal da cidade, estava coalhada de pessoas. [&hellip;]<\/p>\n","protected":false},"author":1,"featured_media":2634,"comment_status":"closed","ping_status":"open","sticky":false,"template":"","format":"standard","meta":{"_acf_changed":false,"footnotes":""},"categories":[1],"tags":[],"class_list":["post-2632","post","type-post","status-publish","format-standard","has-post-thumbnail","hentry","category-midia"],"acf":[],"yoast_head":"<!-- This site is optimized with the Yoast SEO plugin v28.0 - https:\/\/yoast.com\/product\/yoast-seo-wordpress\/ -->\n<title>Dirceu Arcoverde - Esperan\u00e7a interrompida - Bienal Editora<\/title>\n<meta name=\"robots\" content=\"index, follow, max-snippet:-1, max-image-preview:large, max-video-preview:-1\" \/>\n<link rel=\"canonical\" href=\"https:\/\/www.bienaleditora.com.br\/site\/dirceu-arcoverde-esperanca-interrimpida\/\" \/>\n<meta property=\"og:locale\" content=\"pt_BR\" \/>\n<meta property=\"og:type\" content=\"article\" \/>\n<meta property=\"og:title\" content=\"Dirceu Arcoverde - Esperan\u00e7a interrompida - Bienal Editora\" \/>\n<meta property=\"og:description\" content=\"Eu vi o governador! De longe&#8230; Era 13 de maio de 1977, uma sexta-feira.&nbsp;Eu tinha 15 anos e me mostrava curioso diante dos acontecimentos de minha pequena cidade, \u00c1gua Branca, a 100 quil\u00f4metros ao Sul de Teresina.&nbsp;&nbsp; Uma manh\u00e3 de\u00a0sol, a Pra\u00e7a 1\u00ba de Julho, \u00e0 \u00e9poca a principal da cidade, estava coalhada de pessoas. [&hellip;]\" \/>\n<meta property=\"og:url\" content=\"https:\/\/www.bienaleditora.com.br\/site\/dirceu-arcoverde-esperanca-interrimpida\/\" \/>\n<meta property=\"og:site_name\" content=\"Bienal Editora\" \/>\n<meta property=\"article:published_time\" content=\"2020-03-15T21:25:56+00:00\" \/>\n<meta property=\"article:modified_time\" content=\"2020-03-15T21:29:02+00:00\" \/>\n<meta property=\"og:image\" content=\"https:\/\/www.bienaleditora.com.br\/site\/wp-content\/uploads\/2020\/03\/WhatsApp-Image-2020-03-08-at-20.42.03-1.jpeg\" \/>\n\t<meta property=\"og:image:width\" content=\"844\" \/>\n\t<meta property=\"og:image:height\" content=\"1280\" \/>\n\t<meta property=\"og:image:type\" content=\"image\/jpeg\" \/>\n<meta name=\"author\" content=\"Roger Bezerra\" \/>\n<meta name=\"twitter:card\" content=\"summary_large_image\" \/>\n<meta name=\"twitter:label1\" content=\"Escrito por\" \/>\n\t<meta name=\"twitter:data1\" content=\"Roger Bezerra\" \/>\n\t<meta name=\"twitter:label2\" content=\"Est. tempo de leitura\" \/>\n\t<meta name=\"twitter:data2\" content=\"6 minutos\" \/>\n<script type=\"application\/ld+json\" class=\"yoast-schema-graph\">{\"@context\":\"https:\\\/\\\/schema.org\",\"@graph\":[{\"@type\":\"Article\",\"@id\":\"https:\\\/\\\/www.bienaleditora.com.br\\\/site\\\/dirceu-arcoverde-esperanca-interrimpida\\\/#article\",\"isPartOf\":{\"@id\":\"https:\\\/\\\/www.bienaleditora.com.br\\\/site\\\/dirceu-arcoverde-esperanca-interrimpida\\\/\"},\"author\":{\"name\":\"Roger Bezerra\",\"@id\":\"https:\\\/\\\/www.bienaleditora.com.br\\\/site\\\/#\\\/schema\\\/person\\\/1f025c0c32fa124b24b784326f419a74\"},\"headline\":\"Dirceu Arcoverde &#8211; Esperan\u00e7a interrompida\",\"datePublished\":\"2020-03-15T21:25:56+00:00\",\"dateModified\":\"2020-03-15T21:29:02+00:00\",\"mainEntityOfPage\":{\"@id\":\"https:\\\/\\\/www.bienaleditora.com.br\\\/site\\\/dirceu-arcoverde-esperanca-interrimpida\\\/\"},\"wordCount\":1291,\"publisher\":{\"@id\":\"https:\\\/\\\/www.bienaleditora.com.br\\\/site\\\/#organization\"},\"image\":{\"@id\":\"https:\\\/\\\/www.bienaleditora.com.br\\\/site\\\/dirceu-arcoverde-esperanca-interrimpida\\\/#primaryimage\"},\"thumbnailUrl\":\"https:\\\/\\\/www.bienaleditora.com.br\\\/site\\\/wp-content\\\/uploads\\\/2020\\\/03\\\/WhatsApp-Image-2020-03-08-at-20.42.03-1.jpeg\",\"articleSection\":[\"M\u00eddia\"],\"inLanguage\":\"pt-BR\"},{\"@type\":\"WebPage\",\"@id\":\"https:\\\/\\\/www.bienaleditora.com.br\\\/site\\\/dirceu-arcoverde-esperanca-interrimpida\\\/\",\"url\":\"https:\\\/\\\/www.bienaleditora.com.br\\\/site\\\/dirceu-arcoverde-esperanca-interrimpida\\\/\",\"name\":\"Dirceu Arcoverde - Esperan\u00e7a interrompida - Bienal Editora\",\"isPartOf\":{\"@id\":\"https:\\\/\\\/www.bienaleditora.com.br\\\/site\\\/#website\"},\"primaryImageOfPage\":{\"@id\":\"https:\\\/\\\/www.bienaleditora.com.br\\\/site\\\/dirceu-arcoverde-esperanca-interrimpida\\\/#primaryimage\"},\"image\":{\"@id\":\"https:\\\/\\\/www.bienaleditora.com.br\\\/site\\\/dirceu-arcoverde-esperanca-interrimpida\\\/#primaryimage\"},\"thumbnailUrl\":\"https:\\\/\\\/www.bienaleditora.com.br\\\/site\\\/wp-content\\\/uploads\\\/2020\\\/03\\\/WhatsApp-Image-2020-03-08-at-20.42.03-1.jpeg\",\"datePublished\":\"2020-03-15T21:25:56+00:00\",\"dateModified\":\"2020-03-15T21:29:02+00:00\",\"breadcrumb\":{\"@id\":\"https:\\\/\\\/www.bienaleditora.com.br\\\/site\\\/dirceu-arcoverde-esperanca-interrimpida\\\/#breadcrumb\"},\"inLanguage\":\"pt-BR\",\"potentialAction\":[{\"@type\":\"ReadAction\",\"target\":[\"https:\\\/\\\/www.bienaleditora.com.br\\\/site\\\/dirceu-arcoverde-esperanca-interrimpida\\\/\"]}]},{\"@type\":\"ImageObject\",\"inLanguage\":\"pt-BR\",\"@id\":\"https:\\\/\\\/www.bienaleditora.com.br\\\/site\\\/dirceu-arcoverde-esperanca-interrimpida\\\/#primaryimage\",\"url\":\"https:\\\/\\\/www.bienaleditora.com.br\\\/site\\\/wp-content\\\/uploads\\\/2020\\\/03\\\/WhatsApp-Image-2020-03-08-at-20.42.03-1.jpeg\",\"contentUrl\":\"https:\\\/\\\/www.bienaleditora.com.br\\\/site\\\/wp-content\\\/uploads\\\/2020\\\/03\\\/WhatsApp-Image-2020-03-08-at-20.42.03-1.jpeg\",\"width\":844,\"height\":1280},{\"@type\":\"BreadcrumbList\",\"@id\":\"https:\\\/\\\/www.bienaleditora.com.br\\\/site\\\/dirceu-arcoverde-esperanca-interrimpida\\\/#breadcrumb\",\"itemListElement\":[{\"@type\":\"ListItem\",\"position\":1,\"name\":\"Home\",\"item\":\"https:\\\/\\\/www.bienaleditora.com.br\\\/site\\\/\"},{\"@type\":\"ListItem\",\"position\":2,\"name\":\"Dirceu Arcoverde &#8211; Esperan\u00e7a interrompida\"}]},{\"@type\":\"WebSite\",\"@id\":\"https:\\\/\\\/www.bienaleditora.com.br\\\/site\\\/#website\",\"url\":\"https:\\\/\\\/www.bienaleditora.com.br\\\/site\\\/\",\"name\":\"Bienal Editora\",\"description\":\"Uma editora jovem, n\u00e3o s\u00f3 na idade \u2014 afinal foi fundada em dezembro de 2012 \u2014 mas no esp\u00edrito inovador de optar pela publica\u00e7\u00e3o de fic\u00e7\u00e3o e n\u00e3o fic\u00e7\u00e3o priorizando a qualidade, e n\u00e3o a quantidade de lan\u00e7amentos.\",\"publisher\":{\"@id\":\"https:\\\/\\\/www.bienaleditora.com.br\\\/site\\\/#organization\"},\"potentialAction\":[{\"@type\":\"SearchAction\",\"target\":{\"@type\":\"EntryPoint\",\"urlTemplate\":\"https:\\\/\\\/www.bienaleditora.com.br\\\/site\\\/?s={search_term_string}\"},\"query-input\":{\"@type\":\"PropertyValueSpecification\",\"valueRequired\":true,\"valueName\":\"search_term_string\"}}],\"inLanguage\":\"pt-BR\"},{\"@type\":\"Organization\",\"@id\":\"https:\\\/\\\/www.bienaleditora.com.br\\\/site\\\/#organization\",\"name\":\"Bienal Editora\",\"url\":\"https:\\\/\\\/www.bienaleditora.com.br\\\/site\\\/\",\"logo\":{\"@type\":\"ImageObject\",\"inLanguage\":\"pt-BR\",\"@id\":\"https:\\\/\\\/www.bienaleditora.com.br\\\/site\\\/#\\\/schema\\\/logo\\\/image\\\/\",\"url\":\"https:\\\/\\\/www.bienaleditora.com.br\\\/site\\\/wp-content\\\/uploads\\\/2014\\\/01\\\/logomarca_png.png\",\"contentUrl\":\"https:\\\/\\\/www.bienaleditora.com.br\\\/site\\\/wp-content\\\/uploads\\\/2014\\\/01\\\/logomarca_png.png\",\"width\":145,\"height\":79,\"caption\":\"Bienal Editora\"},\"image\":{\"@id\":\"https:\\\/\\\/www.bienaleditora.com.br\\\/site\\\/#\\\/schema\\\/logo\\\/image\\\/\"}},{\"@type\":\"Person\",\"@id\":\"https:\\\/\\\/www.bienaleditora.com.br\\\/site\\\/#\\\/schema\\\/person\\\/1f025c0c32fa124b24b784326f419a74\",\"name\":\"Roger Bezerra\",\"image\":{\"@type\":\"ImageObject\",\"inLanguage\":\"pt-BR\",\"@id\":\"https:\\\/\\\/secure.gravatar.com\\\/avatar\\\/e973cf18fd99d88bec2336a214921faf4232ad00b52fc37015da3f217c7025d4?s=96&d=mm&r=g\",\"url\":\"https:\\\/\\\/secure.gravatar.com\\\/avatar\\\/e973cf18fd99d88bec2336a214921faf4232ad00b52fc37015da3f217c7025d4?s=96&d=mm&r=g\",\"contentUrl\":\"https:\\\/\\\/secure.gravatar.com\\\/avatar\\\/e973cf18fd99d88bec2336a214921faf4232ad00b52fc37015da3f217c7025d4?s=96&d=mm&r=g\",\"caption\":\"Roger Bezerra\"},\"url\":\"https:\\\/\\\/www.bienaleditora.com.br\\\/site\\\/author\\\/roger-bezerra\\\/\"}]}<\/script>\n<!-- \/ Yoast SEO plugin. -->","yoast_head_json":{"title":"Dirceu Arcoverde - Esperan\u00e7a interrompida - Bienal Editora","robots":{"index":"index","follow":"follow","max-snippet":"max-snippet:-1","max-image-preview":"max-image-preview:large","max-video-preview":"max-video-preview:-1"},"canonical":"https:\/\/www.bienaleditora.com.br\/site\/dirceu-arcoverde-esperanca-interrimpida\/","og_locale":"pt_BR","og_type":"article","og_title":"Dirceu Arcoverde - Esperan\u00e7a interrompida - Bienal Editora","og_description":"Eu vi o governador! De longe&#8230; Era 13 de maio de 1977, uma sexta-feira.&nbsp;Eu tinha 15 anos e me mostrava curioso diante dos acontecimentos de minha pequena cidade, \u00c1gua Branca, a 100 quil\u00f4metros ao Sul de Teresina.&nbsp;&nbsp; Uma manh\u00e3 de\u00a0sol, a Pra\u00e7a 1\u00ba de Julho, \u00e0 \u00e9poca a principal da cidade, estava coalhada de pessoas. [&hellip;]","og_url":"https:\/\/www.bienaleditora.com.br\/site\/dirceu-arcoverde-esperanca-interrimpida\/","og_site_name":"Bienal Editora","article_published_time":"2020-03-15T21:25:56+00:00","article_modified_time":"2020-03-15T21:29:02+00:00","og_image":[{"width":844,"height":1280,"url":"https:\/\/www.bienaleditora.com.br\/site\/wp-content\/uploads\/2020\/03\/WhatsApp-Image-2020-03-08-at-20.42.03-1.jpeg","type":"image\/jpeg"}],"author":"Roger Bezerra","twitter_card":"summary_large_image","twitter_misc":{"Escrito por":"Roger Bezerra","Est. tempo de leitura":"6 minutos"},"schema":{"@context":"https:\/\/schema.org","@graph":[{"@type":"Article","@id":"https:\/\/www.bienaleditora.com.br\/site\/dirceu-arcoverde-esperanca-interrimpida\/#article","isPartOf":{"@id":"https:\/\/www.bienaleditora.com.br\/site\/dirceu-arcoverde-esperanca-interrimpida\/"},"author":{"name":"Roger Bezerra","@id":"https:\/\/www.bienaleditora.com.br\/site\/#\/schema\/person\/1f025c0c32fa124b24b784326f419a74"},"headline":"Dirceu Arcoverde &#8211; Esperan\u00e7a interrompida","datePublished":"2020-03-15T21:25:56+00:00","dateModified":"2020-03-15T21:29:02+00:00","mainEntityOfPage":{"@id":"https:\/\/www.bienaleditora.com.br\/site\/dirceu-arcoverde-esperanca-interrimpida\/"},"wordCount":1291,"publisher":{"@id":"https:\/\/www.bienaleditora.com.br\/site\/#organization"},"image":{"@id":"https:\/\/www.bienaleditora.com.br\/site\/dirceu-arcoverde-esperanca-interrimpida\/#primaryimage"},"thumbnailUrl":"https:\/\/www.bienaleditora.com.br\/site\/wp-content\/uploads\/2020\/03\/WhatsApp-Image-2020-03-08-at-20.42.03-1.jpeg","articleSection":["M\u00eddia"],"inLanguage":"pt-BR"},{"@type":"WebPage","@id":"https:\/\/www.bienaleditora.com.br\/site\/dirceu-arcoverde-esperanca-interrimpida\/","url":"https:\/\/www.bienaleditora.com.br\/site\/dirceu-arcoverde-esperanca-interrimpida\/","name":"Dirceu Arcoverde - Esperan\u00e7a interrompida - Bienal Editora","isPartOf":{"@id":"https:\/\/www.bienaleditora.com.br\/site\/#website"},"primaryImageOfPage":{"@id":"https:\/\/www.bienaleditora.com.br\/site\/dirceu-arcoverde-esperanca-interrimpida\/#primaryimage"},"image":{"@id":"https:\/\/www.bienaleditora.com.br\/site\/dirceu-arcoverde-esperanca-interrimpida\/#primaryimage"},"thumbnailUrl":"https:\/\/www.bienaleditora.com.br\/site\/wp-content\/uploads\/2020\/03\/WhatsApp-Image-2020-03-08-at-20.42.03-1.jpeg","datePublished":"2020-03-15T21:25:56+00:00","dateModified":"2020-03-15T21:29:02+00:00","breadcrumb":{"@id":"https:\/\/www.bienaleditora.com.br\/site\/dirceu-arcoverde-esperanca-interrimpida\/#breadcrumb"},"inLanguage":"pt-BR","potentialAction":[{"@type":"ReadAction","target":["https:\/\/www.bienaleditora.com.br\/site\/dirceu-arcoverde-esperanca-interrimpida\/"]}]},{"@type":"ImageObject","inLanguage":"pt-BR","@id":"https:\/\/www.bienaleditora.com.br\/site\/dirceu-arcoverde-esperanca-interrimpida\/#primaryimage","url":"https:\/\/www.bienaleditora.com.br\/site\/wp-content\/uploads\/2020\/03\/WhatsApp-Image-2020-03-08-at-20.42.03-1.jpeg","contentUrl":"https:\/\/www.bienaleditora.com.br\/site\/wp-content\/uploads\/2020\/03\/WhatsApp-Image-2020-03-08-at-20.42.03-1.jpeg","width":844,"height":1280},{"@type":"BreadcrumbList","@id":"https:\/\/www.bienaleditora.com.br\/site\/dirceu-arcoverde-esperanca-interrimpida\/#breadcrumb","itemListElement":[{"@type":"ListItem","position":1,"name":"Home","item":"https:\/\/www.bienaleditora.com.br\/site\/"},{"@type":"ListItem","position":2,"name":"Dirceu Arcoverde &#8211; Esperan\u00e7a interrompida"}]},{"@type":"WebSite","@id":"https:\/\/www.bienaleditora.com.br\/site\/#website","url":"https:\/\/www.bienaleditora.com.br\/site\/","name":"Bienal Editora","description":"Uma editora jovem, n\u00e3o s\u00f3 na idade \u2014 afinal foi fundada em dezembro de 2012 \u2014 mas no esp\u00edrito inovador de optar pela publica\u00e7\u00e3o de fic\u00e7\u00e3o e n\u00e3o fic\u00e7\u00e3o priorizando a qualidade, e n\u00e3o a quantidade de lan\u00e7amentos.","publisher":{"@id":"https:\/\/www.bienaleditora.com.br\/site\/#organization"},"potentialAction":[{"@type":"SearchAction","target":{"@type":"EntryPoint","urlTemplate":"https:\/\/www.bienaleditora.com.br\/site\/?s={search_term_string}"},"query-input":{"@type":"PropertyValueSpecification","valueRequired":true,"valueName":"search_term_string"}}],"inLanguage":"pt-BR"},{"@type":"Organization","@id":"https:\/\/www.bienaleditora.com.br\/site\/#organization","name":"Bienal Editora","url":"https:\/\/www.bienaleditora.com.br\/site\/","logo":{"@type":"ImageObject","inLanguage":"pt-BR","@id":"https:\/\/www.bienaleditora.com.br\/site\/#\/schema\/logo\/image\/","url":"https:\/\/www.bienaleditora.com.br\/site\/wp-content\/uploads\/2014\/01\/logomarca_png.png","contentUrl":"https:\/\/www.bienaleditora.com.br\/site\/wp-content\/uploads\/2014\/01\/logomarca_png.png","width":145,"height":79,"caption":"Bienal Editora"},"image":{"@id":"https:\/\/www.bienaleditora.com.br\/site\/#\/schema\/logo\/image\/"}},{"@type":"Person","@id":"https:\/\/www.bienaleditora.com.br\/site\/#\/schema\/person\/1f025c0c32fa124b24b784326f419a74","name":"Roger Bezerra","image":{"@type":"ImageObject","inLanguage":"pt-BR","@id":"https:\/\/secure.gravatar.com\/avatar\/e973cf18fd99d88bec2336a214921faf4232ad00b52fc37015da3f217c7025d4?s=96&d=mm&r=g","url":"https:\/\/secure.gravatar.com\/avatar\/e973cf18fd99d88bec2336a214921faf4232ad00b52fc37015da3f217c7025d4?s=96&d=mm&r=g","contentUrl":"https:\/\/secure.gravatar.com\/avatar\/e973cf18fd99d88bec2336a214921faf4232ad00b52fc37015da3f217c7025d4?s=96&d=mm&r=g","caption":"Roger Bezerra"},"url":"https:\/\/www.bienaleditora.com.br\/site\/author\/roger-bezerra\/"}]}},"_links":{"self":[{"href":"https:\/\/www.bienaleditora.com.br\/site\/wp-json\/wp\/v2\/posts\/2632","targetHints":{"allow":["GET"]}}],"collection":[{"href":"https:\/\/www.bienaleditora.com.br\/site\/wp-json\/wp\/v2\/posts"}],"about":[{"href":"https:\/\/www.bienaleditora.com.br\/site\/wp-json\/wp\/v2\/types\/post"}],"author":[{"embeddable":true,"href":"https:\/\/www.bienaleditora.com.br\/site\/wp-json\/wp\/v2\/users\/1"}],"replies":[{"embeddable":true,"href":"https:\/\/www.bienaleditora.com.br\/site\/wp-json\/wp\/v2\/comments?post=2632"}],"version-history":[{"count":4,"href":"https:\/\/www.bienaleditora.com.br\/site\/wp-json\/wp\/v2\/posts\/2632\/revisions"}],"predecessor-version":[{"id":2637,"href":"https:\/\/www.bienaleditora.com.br\/site\/wp-json\/wp\/v2\/posts\/2632\/revisions\/2637"}],"wp:featuredmedia":[{"embeddable":true,"href":"https:\/\/www.bienaleditora.com.br\/site\/wp-json\/wp\/v2\/media\/2634"}],"wp:attachment":[{"href":"https:\/\/www.bienaleditora.com.br\/site\/wp-json\/wp\/v2\/media?parent=2632"}],"wp:term":[{"taxonomy":"category","embeddable":true,"href":"https:\/\/www.bienaleditora.com.br\/site\/wp-json\/wp\/v2\/categories?post=2632"},{"taxonomy":"post_tag","embeddable":true,"href":"https:\/\/www.bienaleditora.com.br\/site\/wp-json\/wp\/v2\/tags?post=2632"}],"curies":[{"name":"wp","href":"https:\/\/api.w.org\/{rel}","templated":true}]}}