{"id":2650,"date":"2020-07-04T16:23:22","date_gmt":"2020-07-04T19:23:22","guid":{"rendered":"https:\/\/www.bienaleditora.com.br\/site\/?p=2650"},"modified":"2020-07-04T16:23:23","modified_gmt":"2020-07-04T19:23:23","slug":"francisco-um-filho-de-mae-santa","status":"publish","type":"post","link":"https:\/\/www.bienaleditora.com.br\/site\/francisco-um-filho-de-mae-santa\/","title":{"rendered":"Francisco, um filho de m\u00e3e santa"},"content":{"rendered":"\n<p class=\"wp-block-paragraph\"> Joca Oeiras (*)\u00a0\u00a0\u00a0<\/p>\n\n\n\n<p class=\"wp-block-paragraph\">Aceitei o convite para ser o apresentador do livro \u201cAtentai Bem, assim falou M\u00e3o Santa\u201d, do jornalista Z\u00f3zimo Tavares, encarando-o como uma miss\u00e3o a mim confiada pela Funda\u00e7\u00e3o Nogueira Tapety \u2013 FNT. N\u00e3o nego, no entanto, que tremi nas bases, pois o Z\u00f3zimo escreveu n\u00e3o apenas a respeito de um pol\u00edtico vivo e atuante, mas, principalmente, por que este pol\u00edtico se chama M\u00e3o Santa, figura emblem\u00e1tica e extremamente pol\u00eamica, n\u00e3o havendo vivente que possa, em s\u00e3 consci\u00eancia, dizer o contr\u00e1rio!\u00a0<\/p>\n\n\n\n<p class=\"wp-block-paragraph\">\u00a0Como conhe\u00e7o o Z\u00f3zimo, mesmo antes de ler o livro, tinha certeza de que a obra n\u00e3o seria, simplesmente, um laudat\u00f3rio, um exerc\u00edcio de puxa-saquismo expl\u00edcito. Pelo mesmo motivo, sabia que o retratado seria objeto do maior respeito e considera\u00e7\u00e3o, isto \u00e9, sei que o autor \u00e9 incapaz de desrespeitar quem quer que seja.\u00a0\u00a0<\/p>\n\n\n\n<p class=\"wp-block-paragraph\">Mas o Z\u00f3zimo, a par do gentlemam que \u00e9, \u00e9, profundamente, jornalista e a ele \u00e9 atribuida a frase: \u201cSe o jornalista n\u00e3o incomoda, ent\u00e3o n\u00e3o \u00e9 jornalista\u201d.\u00a0\u00a0<\/p>\n\n\n\n<p class=\"wp-block-paragraph\">Conto isso tudo para enfatizar que li o livro armado com todos estes preconceitos. Al\u00e9m de tudo, muito curioso! Assim que a obra chegou-me \u00e0s m\u00e3os, procedi a uma leitura, n\u00e3o vou enganar ningu\u00e9m, seletiva, procurando separar o que era do autor do que havia sido escrito ou dito pelo senador.\u00a0\u00a0<\/p>\n\n\n\n<p class=\"wp-block-paragraph\">Desde logo conclu\u00ed que t\u00edtulo do livro \u201cAtentai bem, assim falou M\u00e3o Santa\u201d, n\u00e3o poderia ser mais adequado. Na verdade, o maior feito do Z\u00f3zimo foi conseguir, atrav\u00e9s de suas p\u00e1ginas, dar express\u00e3o verbal coerente a um discurso fragment\u00e1rio e \u2013 n\u00e3o poucas vezes \u2013 err\u00e1tico do personagem principal da obra, sendo esta, para mim, a grande sacada\u00a0 do autor do celebrado \u201cSociedade dos Poetas Tr\u00e1gicos\u201d.\u00a0\u00a0<\/p>\n\n\n\n<p class=\"wp-block-paragraph\"><strong>Juizo de valor<\/strong><\/p>\n\n\n\n<p class=\"wp-block-paragraph\">Digo isto porque n\u00e3o considero que se trate de uma biografia, nem sequer de um escor\u00e7o biogr\u00e1fico, muito embora o autor tenha arrolado in\u00fameros dados com este teor. E tamb\u00e9m, apesar de toda a evidente simpatia que o parlamentar inspira ao jornalista, este, em nenhum momento, cuida de fazer um julgamento seja do homem, seja do m\u00e9dico, seja do pol\u00edtico M\u00e3o Santa.\u00a0\u00a0<\/p>\n\n\n\n<p class=\"wp-block-paragraph\">Como disse, n\u00e3o se trata disto. O Z\u00f3zimo, que al\u00e9m de jornalista, \u00e9 cordelista e possui Licenciatura em Letras (entre outras coisas), se delicia ao analisar a fala, ora pretensamente erudita, recheada de cita\u00e7\u00f5es dos cl\u00e1ssicos e da B\u00edblia, ora francamente folcl\u00f3rica, do personagem-tema de sua obra. N\u00e3o apenas o que diz, mas principalmente os trejeitos que faz e a maneira pouco ortodoxa, para dizer o m\u00ednimo, de que se utiliza para pronunciar as palavras.\u00a0\u00a0Ali\u00e1s, o car\u00e1ter histri\u00f4nico da fala do senador \u00e9 constantemente real\u00e7ado pelo jornalista. Vejam: \u201cM\u00e3o Santa n\u00e3o liga para a dic\u00e7\u00e3o, engole o \u2018s\u2019 que marca o plural, outras vezes p\u00f5e \u2018esses\u2019 a mais, mastiga palavras e assim por diante\u201d.\u00a0\u00a0<\/p>\n\n\n\n<p class=\"wp-block-paragraph\">\u00c9 claro que, ao debru\u00e7ar-se sobre a fala do \u201cretratado\u201d, o autor n\u00e3o poderia se esquivar de alguns julgamentos de valor a seu respeito, o principal deles, reiteradamente formulado, a ineg\u00e1vel presen\u00e7a de esp\u00edrito que, segundo Z\u00f3zimo, \u201c\u00e9 um dos tra\u00e7os da irrequieta personalidade de M\u00e3o Santa\u201d, reconhecendo, embora, que \u201cse n\u00e3o tem uma resposta pronta para as cr\u00edticas, faz ouvidos de mercador e assim vai passando\u201d. <\/p>\n\n\n\n<p class=\"wp-block-paragraph\">Ressalta, tamb\u00e9m, talvez nem fosse preciso, a original\u00edssima figura do senador, evidente aos olhos de quantos a conhecem, mesmo os menos avisados.\u00a0\u00a0No entanto, n\u00e3o custa reiterar: em nenhum momento o jornalista se disp\u00f5e a julgar a atua\u00e7\u00e3o do pol\u00edtico, que foi Prefeito de Parna\u00edba e, por duas vezes, governou o Estado do Piau\u00ed, seja no exerc\u00edcio destes cargos executivos, seja na sua atua\u00e7\u00e3o parlamentar propriamente dita, seus projetos, para al\u00e9m dos discursos.\u00a0\u00a0<\/p>\n\n\n\n<p class=\"wp-block-paragraph\"><strong>Mil discursos<\/strong>\u00a0<\/p>\n\n\n\n<p class=\"wp-block-paragraph\">Para mim a obra se define por ser uma descri\u00e7\u00e3o minuciosa do peculiar\u00edssimo linguajar de uma importante figura da Rep\u00fablica. Atrav\u00e9s das profusas \u2013 e, n\u00e3o raro, confusas \u2013 manifesta\u00e7\u00f5es verbais do retratado, o autor pinta um quadro fortemente impressionista \u2013 mas, nem por isso, menos verdadeiro \u2013 do prolixo parlamentar dos (mais de) mil discursos.\u00a0\u00a0<\/p>\n\n\n\n<p class=\"wp-block-paragraph\">As mais acerbas cr\u00edticas podem ser formuladas ao pol\u00edtico M\u00e3o Santa, mas&#8230; atentai bem, senhoras e senhores, depois de ler o livro do Z\u00f3zimo, a ningu\u00e9m caber\u00e1 desconhecer que se trata, o Senador M\u00e3o Santa, de um ser humano de rara grandeza.\u00a0\u00a0\u00a0<\/p>\n\n\n\n<p class=\"wp-block-paragraph\">(<em>Texto de apresenta\u00e7\u00e3o do livro \u201cAtentai bem!, assim falou M\u00e3o Santa\u201d, de autoria do jornalista Z\u00f3zimo Tavares, lan\u00e7ado no dia 22.01.10, \u00e0s 21h, na C\u00e2mara Municipal de Oeiras, numa realiza\u00e7\u00e3o da FNT<\/em>) <\/p>\n","protected":false},"excerpt":{"rendered":"<p>Joca Oeiras (*)\u00a0\u00a0\u00a0 Aceitei o convite para ser o apresentador do livro \u201cAtentai Bem, assim falou M\u00e3o Santa\u201d, do jornalista Z\u00f3zimo Tavares, encarando-o como uma miss\u00e3o a mim confiada pela Funda\u00e7\u00e3o Nogueira Tapety \u2013 FNT. N\u00e3o nego, no entanto, que tremi nas bases, pois o Z\u00f3zimo escreveu n\u00e3o apenas a respeito de um pol\u00edtico vivo [&hellip;]<\/p>\n","protected":false},"author":2,"featured_media":0,"comment_status":"closed","ping_status":"open","sticky":false,"template":"","format":"standard","meta":{"_acf_changed":false,"footnotes":""},"categories":[1],"tags":[],"class_list":["post-2650","post","type-post","status-publish","format-standard","hentry","category-midia"],"acf":[],"yoast_head":"<!-- This site is optimized with the Yoast SEO plugin v28.0 - https:\/\/yoast.com\/product\/yoast-seo-wordpress\/ -->\n<title>Francisco, um filho de m\u00e3e santa - Bienal Editora<\/title>\n<meta name=\"robots\" content=\"index, follow, max-snippet:-1, max-image-preview:large, max-video-preview:-1\" \/>\n<link rel=\"canonical\" href=\"https:\/\/www.bienaleditora.com.br\/site\/francisco-um-filho-de-mae-santa\/\" \/>\n<meta property=\"og:locale\" content=\"pt_BR\" \/>\n<meta property=\"og:type\" content=\"article\" \/>\n<meta property=\"og:title\" content=\"Francisco, um filho de m\u00e3e santa - Bienal Editora\" \/>\n<meta property=\"og:description\" content=\"Joca Oeiras (*)\u00a0\u00a0\u00a0 Aceitei o convite para ser o apresentador do livro \u201cAtentai Bem, assim falou M\u00e3o Santa\u201d, do jornalista Z\u00f3zimo Tavares, encarando-o como uma miss\u00e3o a mim confiada pela Funda\u00e7\u00e3o Nogueira Tapety \u2013 FNT. N\u00e3o nego, no entanto, que tremi nas bases, pois o Z\u00f3zimo escreveu n\u00e3o apenas a respeito de um pol\u00edtico vivo [&hellip;]\" \/>\n<meta property=\"og:url\" content=\"https:\/\/www.bienaleditora.com.br\/site\/francisco-um-filho-de-mae-santa\/\" \/>\n<meta property=\"og:site_name\" content=\"Bienal Editora\" \/>\n<meta property=\"article:published_time\" content=\"2020-07-04T19:23:22+00:00\" \/>\n<meta property=\"article:modified_time\" content=\"2020-07-04T19:23:23+00:00\" \/>\n<meta name=\"author\" content=\"Assessoria\" \/>\n<meta name=\"twitter:card\" content=\"summary_large_image\" \/>\n<meta name=\"twitter:label1\" content=\"Escrito por\" \/>\n\t<meta name=\"twitter:data1\" content=\"Assessoria\" \/>\n\t<meta name=\"twitter:label2\" content=\"Est. tempo de leitura\" \/>\n\t<meta name=\"twitter:data2\" content=\"4 minutos\" \/>\n<script type=\"application\/ld+json\" class=\"yoast-schema-graph\">{\"@context\":\"https:\\\/\\\/schema.org\",\"@graph\":[{\"@type\":\"Article\",\"@id\":\"https:\\\/\\\/www.bienaleditora.com.br\\\/site\\\/francisco-um-filho-de-mae-santa\\\/#article\",\"isPartOf\":{\"@id\":\"https:\\\/\\\/www.bienaleditora.com.br\\\/site\\\/francisco-um-filho-de-mae-santa\\\/\"},\"author\":{\"name\":\"Assessoria\",\"@id\":\"https:\\\/\\\/www.bienaleditora.com.br\\\/site\\\/#\\\/schema\\\/person\\\/d1a5a5a109d4fde6a4d5a867405cb50e\"},\"headline\":\"Francisco, um filho de m\u00e3e santa\",\"datePublished\":\"2020-07-04T19:23:22+00:00\",\"dateModified\":\"2020-07-04T19:23:23+00:00\",\"mainEntityOfPage\":{\"@id\":\"https:\\\/\\\/www.bienaleditora.com.br\\\/site\\\/francisco-um-filho-de-mae-santa\\\/\"},\"wordCount\":826,\"publisher\":{\"@id\":\"https:\\\/\\\/www.bienaleditora.com.br\\\/site\\\/#organization\"},\"articleSection\":[\"M\u00eddia\"],\"inLanguage\":\"pt-BR\"},{\"@type\":\"WebPage\",\"@id\":\"https:\\\/\\\/www.bienaleditora.com.br\\\/site\\\/francisco-um-filho-de-mae-santa\\\/\",\"url\":\"https:\\\/\\\/www.bienaleditora.com.br\\\/site\\\/francisco-um-filho-de-mae-santa\\\/\",\"name\":\"Francisco, um filho de m\u00e3e santa - Bienal Editora\",\"isPartOf\":{\"@id\":\"https:\\\/\\\/www.bienaleditora.com.br\\\/site\\\/#website\"},\"datePublished\":\"2020-07-04T19:23:22+00:00\",\"dateModified\":\"2020-07-04T19:23:23+00:00\",\"breadcrumb\":{\"@id\":\"https:\\\/\\\/www.bienaleditora.com.br\\\/site\\\/francisco-um-filho-de-mae-santa\\\/#breadcrumb\"},\"inLanguage\":\"pt-BR\",\"potentialAction\":[{\"@type\":\"ReadAction\",\"target\":[\"https:\\\/\\\/www.bienaleditora.com.br\\\/site\\\/francisco-um-filho-de-mae-santa\\\/\"]}]},{\"@type\":\"BreadcrumbList\",\"@id\":\"https:\\\/\\\/www.bienaleditora.com.br\\\/site\\\/francisco-um-filho-de-mae-santa\\\/#breadcrumb\",\"itemListElement\":[{\"@type\":\"ListItem\",\"position\":1,\"name\":\"Home\",\"item\":\"https:\\\/\\\/www.bienaleditora.com.br\\\/site\\\/\"},{\"@type\":\"ListItem\",\"position\":2,\"name\":\"Francisco, um filho de m\u00e3e santa\"}]},{\"@type\":\"WebSite\",\"@id\":\"https:\\\/\\\/www.bienaleditora.com.br\\\/site\\\/#website\",\"url\":\"https:\\\/\\\/www.bienaleditora.com.br\\\/site\\\/\",\"name\":\"Bienal Editora\",\"description\":\"Uma editora jovem, n\u00e3o s\u00f3 na idade \u2014 afinal foi fundada em dezembro de 2012 \u2014 mas no esp\u00edrito inovador de optar pela publica\u00e7\u00e3o de fic\u00e7\u00e3o e n\u00e3o fic\u00e7\u00e3o priorizando a qualidade, e n\u00e3o a quantidade de lan\u00e7amentos.\",\"publisher\":{\"@id\":\"https:\\\/\\\/www.bienaleditora.com.br\\\/site\\\/#organization\"},\"potentialAction\":[{\"@type\":\"SearchAction\",\"target\":{\"@type\":\"EntryPoint\",\"urlTemplate\":\"https:\\\/\\\/www.bienaleditora.com.br\\\/site\\\/?s={search_term_string}\"},\"query-input\":{\"@type\":\"PropertyValueSpecification\",\"valueRequired\":true,\"valueName\":\"search_term_string\"}}],\"inLanguage\":\"pt-BR\"},{\"@type\":\"Organization\",\"@id\":\"https:\\\/\\\/www.bienaleditora.com.br\\\/site\\\/#organization\",\"name\":\"Bienal Editora\",\"url\":\"https:\\\/\\\/www.bienaleditora.com.br\\\/site\\\/\",\"logo\":{\"@type\":\"ImageObject\",\"inLanguage\":\"pt-BR\",\"@id\":\"https:\\\/\\\/www.bienaleditora.com.br\\\/site\\\/#\\\/schema\\\/logo\\\/image\\\/\",\"url\":\"https:\\\/\\\/www.bienaleditora.com.br\\\/site\\\/wp-content\\\/uploads\\\/2014\\\/01\\\/logomarca_png.png\",\"contentUrl\":\"https:\\\/\\\/www.bienaleditora.com.br\\\/site\\\/wp-content\\\/uploads\\\/2014\\\/01\\\/logomarca_png.png\",\"width\":145,\"height\":79,\"caption\":\"Bienal Editora\"},\"image\":{\"@id\":\"https:\\\/\\\/www.bienaleditora.com.br\\\/site\\\/#\\\/schema\\\/logo\\\/image\\\/\"}},{\"@type\":\"Person\",\"@id\":\"https:\\\/\\\/www.bienaleditora.com.br\\\/site\\\/#\\\/schema\\\/person\\\/d1a5a5a109d4fde6a4d5a867405cb50e\",\"name\":\"Assessoria\",\"image\":{\"@type\":\"ImageObject\",\"inLanguage\":\"pt-BR\",\"@id\":\"https:\\\/\\\/secure.gravatar.com\\\/avatar\\\/088302c6d8ec3eb97a47edae64f76a44ece3934b3e2aa24f97d6e9765b8d98de?s=96&d=mm&r=g\",\"url\":\"https:\\\/\\\/secure.gravatar.com\\\/avatar\\\/088302c6d8ec3eb97a47edae64f76a44ece3934b3e2aa24f97d6e9765b8d98de?s=96&d=mm&r=g\",\"contentUrl\":\"https:\\\/\\\/secure.gravatar.com\\\/avatar\\\/088302c6d8ec3eb97a47edae64f76a44ece3934b3e2aa24f97d6e9765b8d98de?s=96&d=mm&r=g\",\"caption\":\"Assessoria\"},\"url\":\"https:\\\/\\\/www.bienaleditora.com.br\\\/site\\\/author\\\/zozimo\\\/\"}]}<\/script>\n<!-- \/ Yoast SEO plugin. -->","yoast_head_json":{"title":"Francisco, um filho de m\u00e3e santa - Bienal Editora","robots":{"index":"index","follow":"follow","max-snippet":"max-snippet:-1","max-image-preview":"max-image-preview:large","max-video-preview":"max-video-preview:-1"},"canonical":"https:\/\/www.bienaleditora.com.br\/site\/francisco-um-filho-de-mae-santa\/","og_locale":"pt_BR","og_type":"article","og_title":"Francisco, um filho de m\u00e3e santa - Bienal Editora","og_description":"Joca Oeiras (*)\u00a0\u00a0\u00a0 Aceitei o convite para ser o apresentador do livro \u201cAtentai Bem, assim falou M\u00e3o Santa\u201d, do jornalista Z\u00f3zimo Tavares, encarando-o como uma miss\u00e3o a mim confiada pela Funda\u00e7\u00e3o Nogueira Tapety \u2013 FNT. N\u00e3o nego, no entanto, que tremi nas bases, pois o Z\u00f3zimo escreveu n\u00e3o apenas a respeito de um pol\u00edtico vivo [&hellip;]","og_url":"https:\/\/www.bienaleditora.com.br\/site\/francisco-um-filho-de-mae-santa\/","og_site_name":"Bienal Editora","article_published_time":"2020-07-04T19:23:22+00:00","article_modified_time":"2020-07-04T19:23:23+00:00","author":"Assessoria","twitter_card":"summary_large_image","twitter_misc":{"Escrito por":"Assessoria","Est. tempo de leitura":"4 minutos"},"schema":{"@context":"https:\/\/schema.org","@graph":[{"@type":"Article","@id":"https:\/\/www.bienaleditora.com.br\/site\/francisco-um-filho-de-mae-santa\/#article","isPartOf":{"@id":"https:\/\/www.bienaleditora.com.br\/site\/francisco-um-filho-de-mae-santa\/"},"author":{"name":"Assessoria","@id":"https:\/\/www.bienaleditora.com.br\/site\/#\/schema\/person\/d1a5a5a109d4fde6a4d5a867405cb50e"},"headline":"Francisco, um filho de m\u00e3e santa","datePublished":"2020-07-04T19:23:22+00:00","dateModified":"2020-07-04T19:23:23+00:00","mainEntityOfPage":{"@id":"https:\/\/www.bienaleditora.com.br\/site\/francisco-um-filho-de-mae-santa\/"},"wordCount":826,"publisher":{"@id":"https:\/\/www.bienaleditora.com.br\/site\/#organization"},"articleSection":["M\u00eddia"],"inLanguage":"pt-BR"},{"@type":"WebPage","@id":"https:\/\/www.bienaleditora.com.br\/site\/francisco-um-filho-de-mae-santa\/","url":"https:\/\/www.bienaleditora.com.br\/site\/francisco-um-filho-de-mae-santa\/","name":"Francisco, um filho de m\u00e3e santa - Bienal Editora","isPartOf":{"@id":"https:\/\/www.bienaleditora.com.br\/site\/#website"},"datePublished":"2020-07-04T19:23:22+00:00","dateModified":"2020-07-04T19:23:23+00:00","breadcrumb":{"@id":"https:\/\/www.bienaleditora.com.br\/site\/francisco-um-filho-de-mae-santa\/#breadcrumb"},"inLanguage":"pt-BR","potentialAction":[{"@type":"ReadAction","target":["https:\/\/www.bienaleditora.com.br\/site\/francisco-um-filho-de-mae-santa\/"]}]},{"@type":"BreadcrumbList","@id":"https:\/\/www.bienaleditora.com.br\/site\/francisco-um-filho-de-mae-santa\/#breadcrumb","itemListElement":[{"@type":"ListItem","position":1,"name":"Home","item":"https:\/\/www.bienaleditora.com.br\/site\/"},{"@type":"ListItem","position":2,"name":"Francisco, um filho de m\u00e3e santa"}]},{"@type":"WebSite","@id":"https:\/\/www.bienaleditora.com.br\/site\/#website","url":"https:\/\/www.bienaleditora.com.br\/site\/","name":"Bienal Editora","description":"Uma editora jovem, n\u00e3o s\u00f3 na idade \u2014 afinal foi fundada em dezembro de 2012 \u2014 mas no esp\u00edrito inovador de optar pela publica\u00e7\u00e3o de fic\u00e7\u00e3o e n\u00e3o fic\u00e7\u00e3o priorizando a qualidade, e n\u00e3o a quantidade de lan\u00e7amentos.","publisher":{"@id":"https:\/\/www.bienaleditora.com.br\/site\/#organization"},"potentialAction":[{"@type":"SearchAction","target":{"@type":"EntryPoint","urlTemplate":"https:\/\/www.bienaleditora.com.br\/site\/?s={search_term_string}"},"query-input":{"@type":"PropertyValueSpecification","valueRequired":true,"valueName":"search_term_string"}}],"inLanguage":"pt-BR"},{"@type":"Organization","@id":"https:\/\/www.bienaleditora.com.br\/site\/#organization","name":"Bienal Editora","url":"https:\/\/www.bienaleditora.com.br\/site\/","logo":{"@type":"ImageObject","inLanguage":"pt-BR","@id":"https:\/\/www.bienaleditora.com.br\/site\/#\/schema\/logo\/image\/","url":"https:\/\/www.bienaleditora.com.br\/site\/wp-content\/uploads\/2014\/01\/logomarca_png.png","contentUrl":"https:\/\/www.bienaleditora.com.br\/site\/wp-content\/uploads\/2014\/01\/logomarca_png.png","width":145,"height":79,"caption":"Bienal Editora"},"image":{"@id":"https:\/\/www.bienaleditora.com.br\/site\/#\/schema\/logo\/image\/"}},{"@type":"Person","@id":"https:\/\/www.bienaleditora.com.br\/site\/#\/schema\/person\/d1a5a5a109d4fde6a4d5a867405cb50e","name":"Assessoria","image":{"@type":"ImageObject","inLanguage":"pt-BR","@id":"https:\/\/secure.gravatar.com\/avatar\/088302c6d8ec3eb97a47edae64f76a44ece3934b3e2aa24f97d6e9765b8d98de?s=96&d=mm&r=g","url":"https:\/\/secure.gravatar.com\/avatar\/088302c6d8ec3eb97a47edae64f76a44ece3934b3e2aa24f97d6e9765b8d98de?s=96&d=mm&r=g","contentUrl":"https:\/\/secure.gravatar.com\/avatar\/088302c6d8ec3eb97a47edae64f76a44ece3934b3e2aa24f97d6e9765b8d98de?s=96&d=mm&r=g","caption":"Assessoria"},"url":"https:\/\/www.bienaleditora.com.br\/site\/author\/zozimo\/"}]}},"_links":{"self":[{"href":"https:\/\/www.bienaleditora.com.br\/site\/wp-json\/wp\/v2\/posts\/2650","targetHints":{"allow":["GET"]}}],"collection":[{"href":"https:\/\/www.bienaleditora.com.br\/site\/wp-json\/wp\/v2\/posts"}],"about":[{"href":"https:\/\/www.bienaleditora.com.br\/site\/wp-json\/wp\/v2\/types\/post"}],"author":[{"embeddable":true,"href":"https:\/\/www.bienaleditora.com.br\/site\/wp-json\/wp\/v2\/users\/2"}],"replies":[{"embeddable":true,"href":"https:\/\/www.bienaleditora.com.br\/site\/wp-json\/wp\/v2\/comments?post=2650"}],"version-history":[{"count":1,"href":"https:\/\/www.bienaleditora.com.br\/site\/wp-json\/wp\/v2\/posts\/2650\/revisions"}],"predecessor-version":[{"id":2651,"href":"https:\/\/www.bienaleditora.com.br\/site\/wp-json\/wp\/v2\/posts\/2650\/revisions\/2651"}],"wp:attachment":[{"href":"https:\/\/www.bienaleditora.com.br\/site\/wp-json\/wp\/v2\/media?parent=2650"}],"wp:term":[{"taxonomy":"category","embeddable":true,"href":"https:\/\/www.bienaleditora.com.br\/site\/wp-json\/wp\/v2\/categories?post=2650"},{"taxonomy":"post_tag","embeddable":true,"href":"https:\/\/www.bienaleditora.com.br\/site\/wp-json\/wp\/v2\/tags?post=2650"}],"curies":[{"name":"wp","href":"https:\/\/api.w.org\/{rel}","templated":true}]}}