{"id":2765,"date":"2021-10-29T07:42:07","date_gmt":"2021-10-29T10:42:07","guid":{"rendered":"https:\/\/www.bienaleditora.com.br\/site\/?p=2765"},"modified":"2021-10-29T08:36:53","modified_gmt":"2021-10-29T11:36:53","slug":"das-paginas-do-livro-para-o-palco-estreia-hoje-sociedade-dos-poetas-tragicos","status":"publish","type":"post","link":"https:\/\/www.bienaleditora.com.br\/site\/das-paginas-do-livro-para-o-palco-estreia-hoje-sociedade-dos-poetas-tragicos\/","title":{"rendered":"Das p\u00e1ginas do livro para o palco: estreia hoje \u201cSociedade dos Poetas Tr\u00e1gicos\u201d"},"content":{"rendered":"\n<p class=\"wp-block-paragraph\"><\/p>\n\n\n\n<p class=\"wp-block-paragraph\">Ser\u00e1 hoje (29\/10), \u00e0s 19 horas, no Clube dos Di\u00e1ris, a estreia do espet\u00e1culo \u201cSociedade dos Poetas Tr\u00e1gicos\u201d, com dire\u00e7\u00e3o do dramaturgo Ac\u00ed Campelo.<\/p>\n\n\n\n<p class=\"wp-block-paragraph\">O espet\u00e1culo traz \u00e0 tona o talento e a criatividade de dez jovens poetas piauienses que viveram ou morreram de forma tr\u00e1gica.<\/p>\n\n\n\n<p class=\"wp-block-paragraph\">A pe\u00e7a \u201cSociedade dos Poetas Tr\u00e1gicos\u201d \u00e9 uma visita ao livro com o mesmo t\u00edtulo escrito e publicado pelo jornalista e escritor Z\u00f3zimo Tavares. A obra foi publicada em duas edi\u00e7\u00f5es (2004 e 2006).<\/p>\n\n\n\n<p class=\"wp-block-paragraph\">Os poetas piauienses que saem do livro e sobem ao palco s\u00e3o: &nbsp;Alcides Freitas, Jos\u00e9 Newton de Freitas, Licurgo de Paiva, Luc\u00eddio Freitas, M\u00e1rio Faustino, Nogueira Tapety, Paulo Veras, Rams\u00e9s Ramos, Torquato Neto e Zito Batista.<\/p>\n\n\n\n<p class=\"wp-block-paragraph\"><strong>Vida e obra<\/strong><\/p>\n\n\n\n<p class=\"wp-block-paragraph\">Ac\u00ed Campelo explica que, \u201cde forma simples, para maior valoriza\u00e7\u00e3o da palavra, primamos n\u00e3o por caracterizar cada um dos poetas, mas por mostrar seus poemas, numa esp\u00e9cie de espet\u00e1culo po\u00e9tico\/teatral\u201d.<\/p>\n\n\n\n<p class=\"wp-block-paragraph\">Ele adianta que, para tanto, uma apresentadora faz a apresenta\u00e7\u00e3o sucinta de cada poeta, a t\u00edtulo de introdu\u00e7\u00e3o.<\/p>\n\n\n\n<p class=\"wp-block-paragraph\">\u201cA inten\u00e7\u00e3o \u00e9 trazer ao conhecimento do p\u00fablico fragmentos marcantes da arte desses poetas tr\u00e1gicos e, ao mesmo tempo, refrescar a mem\u00f3ria dos que os conheceram seus versos\u201d, observa.<\/p>\n\n\n\n<p class=\"wp-block-paragraph\">\u201cSociedade dos Poetas Tr\u00e1gicos\u201d \u00e9 encenado por tr\u00eas jovens atores que se revezam para mostrar momentos marcantes dos dez poetas retratados, atrav\u00e9s de seus pensamentos e de suas poesias, destacando o fato de que todos eles foram tirados muito cedo de sua arte, do seio familiar e da sociedade.<\/p>\n\n\n\n<p class=\"wp-block-paragraph\">O espet\u00e1culo recebeu o Pr\u00eamio Maria da Inglaterra, da Secretaria Estadual de Cultural, e patroc\u00ednio da Lei Aldir Blanc.<\/p>\n\n\n\n<p class=\"wp-block-paragraph\"><strong>FICHA T\u00c9CNICA<\/strong><\/p>\n\n\n\n<p class=\"wp-block-paragraph\"><strong>Atores<\/strong>: Maria Miriam, Yan Lima e S\u00e9rgio Santos.<\/p>\n\n\n\n<p class=\"wp-block-paragraph\"><strong>Dramaturgia e dire\u00e7\u00e3o<\/strong>: Ac\u00ed Campelo<\/p>\n\n\n\n<p class=\"wp-block-paragraph\"><strong>Produ\u00e7\u00e3o Executiva<\/strong>: Edson J\u00fanior<\/p>\n\n\n\n<p class=\"wp-block-paragraph\"><strong>M\u00fasicos<\/strong>: Jorge Luiz e Augustu E verthon<\/p>\n\n\n\n<p class=\"wp-block-paragraph\"><strong>Designer de luz e opera\u00e7\u00e3o<\/strong>: Assa\u00ed Campelo<\/p>\n\n\n\n<p class=\"wp-block-paragraph\"><strong>Designer de som e opera\u00e7\u00e3o<\/strong>: Jos\u00e9 Dantas<\/p>\n\n\n\n<p class=\"wp-block-paragraph\"><strong>Figurino e adere\u00e7os<\/strong>: Siro Siris<\/p>\n\n\n\n<p class=\"wp-block-paragraph\"><strong>Confec\u00e7\u00e3o de figurino<\/strong>: Belinha Cardoso<\/p>\n\n\n\n<p class=\"wp-block-paragraph\"><strong>Designer Gr\u00e1fico<\/strong>: Paulo Moura<\/p>\n\n\n\n<p class=\"wp-block-paragraph\"><strong>Prepara\u00e7\u00e3o de elenco<\/strong>: Jesus Viana<\/p>\n\n\n\n<p class=\"wp-block-paragraph\"><strong>Cenografia<\/strong>: Edmar Aquino<\/p>\n\n\n\n<p class=\"wp-block-paragraph\"><strong>Fotografias, v\u00eddeo e filmagem Live<\/strong>: Sketh Filmes<\/p>\n\n\n\n<p class=\"wp-block-paragraph\"><strong>Linguagem de Libras<\/strong>: Branco Acessibilidade Comunicacional<\/p>\n\n\n\n<p class=\"wp-block-paragraph\"><strong>Realiza\u00e7\u00e3o<\/strong>: A&amp;C Assessoria e Promo\u00e7\u00f5es Culturais<\/p>\n\n\n\n<p class=\"wp-block-paragraph\"><strong>Apoio<\/strong>: Escola T\u00e9cnica de Teatro Gomes Campos e Bienal Editora<\/p>\n\n\n\n<figure class=\"wp-block-image size-large\"><img fetchpriority=\"high\" decoding=\"async\" width=\"1024\" height=\"1024\" src=\"https:\/\/www.bienaleditora.com.br\/site\/wp-content\/uploads\/2021\/10\/Pe\u00e7a-poetas-1024x1024.jpg\" alt=\"\" class=\"wp-image-2766\" srcset=\"https:\/\/www.bienaleditora.com.br\/site\/wp-content\/uploads\/2021\/10\/Pe\u00e7a-poetas-1024x1024.jpg 1024w, https:\/\/www.bienaleditora.com.br\/site\/wp-content\/uploads\/2021\/10\/Pe\u00e7a-poetas-300x300.jpg 300w, https:\/\/www.bienaleditora.com.br\/site\/wp-content\/uploads\/2021\/10\/Pe\u00e7a-poetas-100x100.jpg 100w, https:\/\/www.bienaleditora.com.br\/site\/wp-content\/uploads\/2021\/10\/Pe\u00e7a-poetas-600x601.jpg 600w, https:\/\/www.bienaleditora.com.br\/site\/wp-content\/uploads\/2021\/10\/Pe\u00e7a-poetas-150x150.jpg 150w, https:\/\/www.bienaleditora.com.br\/site\/wp-content\/uploads\/2021\/10\/Pe\u00e7a-poetas-768x769.jpg 768w, https:\/\/www.bienaleditora.com.br\/site\/wp-content\/uploads\/2021\/10\/Pe\u00e7a-poetas-146x146.jpg 146w, https:\/\/www.bienaleditora.com.br\/site\/wp-content\/uploads\/2021\/10\/Pe\u00e7a-poetas-50x50.jpg 50w, https:\/\/www.bienaleditora.com.br\/site\/wp-content\/uploads\/2021\/10\/Pe\u00e7a-poetas-75x75.jpg 75w, https:\/\/www.bienaleditora.com.br\/site\/wp-content\/uploads\/2021\/10\/Pe\u00e7a-poetas-85x85.jpg 85w, https:\/\/www.bienaleditora.com.br\/site\/wp-content\/uploads\/2021\/10\/Pe\u00e7a-poetas-80x80.jpg 80w, https:\/\/www.bienaleditora.com.br\/site\/wp-content\/uploads\/2021\/10\/Pe\u00e7a-poetas.jpg 1082w\" sizes=\"(max-width: 1024px) 100vw, 1024px\" \/><figcaption><em>O cartaz de divulga\u00e7\u00e3o do espet\u00e1culo<\/em><\/figcaption><\/figure>\n","protected":false},"excerpt":{"rendered":"<p>Ser\u00e1 hoje (29\/10), \u00e0s 19 horas, no Clube dos Di\u00e1ris, a estreia do espet\u00e1culo \u201cSociedade dos Poetas Tr\u00e1gicos\u201d, com dire\u00e7\u00e3o do dramaturgo Ac\u00ed Campelo. O espet\u00e1culo traz \u00e0 tona o talento e a criatividade de dez jovens poetas piauienses que viveram ou morreram de forma tr\u00e1gica. A pe\u00e7a \u201cSociedade dos Poetas Tr\u00e1gicos\u201d \u00e9 uma visita [&hellip;]<\/p>\n","protected":false},"author":2,"featured_media":2766,"comment_status":"closed","ping_status":"open","sticky":false,"template":"","format":"standard","meta":{"_acf_changed":false,"footnotes":""},"categories":[1],"tags":[111,110,112],"class_list":["post-2765","post","type-post","status-publish","format-standard","has-post-thumbnail","hentry","category-midia","tag-estreia","tag-poetas-tragicos","tag-teatro"],"acf":[],"yoast_head":"<!-- This site is optimized with the Yoast SEO plugin v28.0 - https:\/\/yoast.com\/product\/yoast-seo-wordpress\/ -->\n<title>Das p\u00e1ginas do livro para o palco: estreia hoje \u201cSociedade dos Poetas Tr\u00e1gicos\u201d - Bienal Editora<\/title>\n<meta name=\"robots\" content=\"index, follow, max-snippet:-1, max-image-preview:large, max-video-preview:-1\" \/>\n<link rel=\"canonical\" href=\"https:\/\/www.bienaleditora.com.br\/site\/das-paginas-do-livro-para-o-palco-estreia-hoje-sociedade-dos-poetas-tragicos\/\" \/>\n<meta property=\"og:locale\" content=\"pt_BR\" \/>\n<meta property=\"og:type\" content=\"article\" \/>\n<meta property=\"og:title\" content=\"Das p\u00e1ginas do livro para o palco: estreia hoje \u201cSociedade dos Poetas Tr\u00e1gicos\u201d - Bienal Editora\" \/>\n<meta property=\"og:description\" content=\"Ser\u00e1 hoje (29\/10), \u00e0s 19 horas, no Clube dos Di\u00e1ris, a estreia do espet\u00e1culo \u201cSociedade dos Poetas Tr\u00e1gicos\u201d, com dire\u00e7\u00e3o do dramaturgo Ac\u00ed Campelo. O espet\u00e1culo traz \u00e0 tona o talento e a criatividade de dez jovens poetas piauienses que viveram ou morreram de forma tr\u00e1gica. A pe\u00e7a \u201cSociedade dos Poetas Tr\u00e1gicos\u201d \u00e9 uma visita [&hellip;]\" \/>\n<meta property=\"og:url\" content=\"https:\/\/www.bienaleditora.com.br\/site\/das-paginas-do-livro-para-o-palco-estreia-hoje-sociedade-dos-poetas-tragicos\/\" \/>\n<meta property=\"og:site_name\" content=\"Bienal Editora\" \/>\n<meta property=\"article:published_time\" content=\"2021-10-29T10:42:07+00:00\" \/>\n<meta property=\"article:modified_time\" content=\"2021-10-29T11:36:53+00:00\" \/>\n<meta property=\"og:image\" content=\"https:\/\/www.bienaleditora.com.br\/site\/wp-content\/uploads\/2021\/10\/Pe\u00e7a-poetas.jpg\" \/>\n\t<meta property=\"og:image:width\" content=\"1082\" \/>\n\t<meta property=\"og:image:height\" content=\"1083\" \/>\n\t<meta property=\"og:image:type\" content=\"image\/jpeg\" \/>\n<meta name=\"author\" content=\"Assessoria\" \/>\n<meta name=\"twitter:card\" content=\"summary_large_image\" \/>\n<meta name=\"twitter:label1\" content=\"Escrito por\" \/>\n\t<meta name=\"twitter:data1\" content=\"Assessoria\" \/>\n\t<meta name=\"twitter:label2\" content=\"Est. tempo de leitura\" \/>\n\t<meta name=\"twitter:data2\" content=\"2 minutos\" \/>\n<script type=\"application\/ld+json\" class=\"yoast-schema-graph\">{\"@context\":\"https:\\\/\\\/schema.org\",\"@graph\":[{\"@type\":\"Article\",\"@id\":\"https:\\\/\\\/www.bienaleditora.com.br\\\/site\\\/das-paginas-do-livro-para-o-palco-estreia-hoje-sociedade-dos-poetas-tragicos\\\/#article\",\"isPartOf\":{\"@id\":\"https:\\\/\\\/www.bienaleditora.com.br\\\/site\\\/das-paginas-do-livro-para-o-palco-estreia-hoje-sociedade-dos-poetas-tragicos\\\/\"},\"author\":{\"name\":\"Assessoria\",\"@id\":\"https:\\\/\\\/www.bienaleditora.com.br\\\/site\\\/#\\\/schema\\\/person\\\/d1a5a5a109d4fde6a4d5a867405cb50e\"},\"headline\":\"Das p\u00e1ginas do livro para o palco: estreia hoje \u201cSociedade dos Poetas Tr\u00e1gicos\u201d\",\"datePublished\":\"2021-10-29T10:42:07+00:00\",\"dateModified\":\"2021-10-29T11:36:53+00:00\",\"mainEntityOfPage\":{\"@id\":\"https:\\\/\\\/www.bienaleditora.com.br\\\/site\\\/das-paginas-do-livro-para-o-palco-estreia-hoje-sociedade-dos-poetas-tragicos\\\/\"},\"wordCount\":423,\"publisher\":{\"@id\":\"https:\\\/\\\/www.bienaleditora.com.br\\\/site\\\/#organization\"},\"image\":{\"@id\":\"https:\\\/\\\/www.bienaleditora.com.br\\\/site\\\/das-paginas-do-livro-para-o-palco-estreia-hoje-sociedade-dos-poetas-tragicos\\\/#primaryimage\"},\"thumbnailUrl\":\"https:\\\/\\\/www.bienaleditora.com.br\\\/site\\\/wp-content\\\/uploads\\\/2021\\\/10\\\/Pe\u00e7a-poetas.jpg\",\"keywords\":[\"Estreia\",\"Poetas Tr\u00e1gicos\",\"Teatro\"],\"articleSection\":[\"M\u00eddia\"],\"inLanguage\":\"pt-BR\"},{\"@type\":\"WebPage\",\"@id\":\"https:\\\/\\\/www.bienaleditora.com.br\\\/site\\\/das-paginas-do-livro-para-o-palco-estreia-hoje-sociedade-dos-poetas-tragicos\\\/\",\"url\":\"https:\\\/\\\/www.bienaleditora.com.br\\\/site\\\/das-paginas-do-livro-para-o-palco-estreia-hoje-sociedade-dos-poetas-tragicos\\\/\",\"name\":\"Das p\u00e1ginas do livro para o palco: estreia hoje \u201cSociedade dos Poetas Tr\u00e1gicos\u201d - Bienal Editora\",\"isPartOf\":{\"@id\":\"https:\\\/\\\/www.bienaleditora.com.br\\\/site\\\/#website\"},\"primaryImageOfPage\":{\"@id\":\"https:\\\/\\\/www.bienaleditora.com.br\\\/site\\\/das-paginas-do-livro-para-o-palco-estreia-hoje-sociedade-dos-poetas-tragicos\\\/#primaryimage\"},\"image\":{\"@id\":\"https:\\\/\\\/www.bienaleditora.com.br\\\/site\\\/das-paginas-do-livro-para-o-palco-estreia-hoje-sociedade-dos-poetas-tragicos\\\/#primaryimage\"},\"thumbnailUrl\":\"https:\\\/\\\/www.bienaleditora.com.br\\\/site\\\/wp-content\\\/uploads\\\/2021\\\/10\\\/Pe\u00e7a-poetas.jpg\",\"datePublished\":\"2021-10-29T10:42:07+00:00\",\"dateModified\":\"2021-10-29T11:36:53+00:00\",\"breadcrumb\":{\"@id\":\"https:\\\/\\\/www.bienaleditora.com.br\\\/site\\\/das-paginas-do-livro-para-o-palco-estreia-hoje-sociedade-dos-poetas-tragicos\\\/#breadcrumb\"},\"inLanguage\":\"pt-BR\",\"potentialAction\":[{\"@type\":\"ReadAction\",\"target\":[\"https:\\\/\\\/www.bienaleditora.com.br\\\/site\\\/das-paginas-do-livro-para-o-palco-estreia-hoje-sociedade-dos-poetas-tragicos\\\/\"]}]},{\"@type\":\"ImageObject\",\"inLanguage\":\"pt-BR\",\"@id\":\"https:\\\/\\\/www.bienaleditora.com.br\\\/site\\\/das-paginas-do-livro-para-o-palco-estreia-hoje-sociedade-dos-poetas-tragicos\\\/#primaryimage\",\"url\":\"https:\\\/\\\/www.bienaleditora.com.br\\\/site\\\/wp-content\\\/uploads\\\/2021\\\/10\\\/Pe\u00e7a-poetas.jpg\",\"contentUrl\":\"https:\\\/\\\/www.bienaleditora.com.br\\\/site\\\/wp-content\\\/uploads\\\/2021\\\/10\\\/Pe\u00e7a-poetas.jpg\",\"width\":1082,\"height\":1083,\"caption\":\"O cartaz de divulga\u00e7\u00e3o do espet\u00e1culo\"},{\"@type\":\"BreadcrumbList\",\"@id\":\"https:\\\/\\\/www.bienaleditora.com.br\\\/site\\\/das-paginas-do-livro-para-o-palco-estreia-hoje-sociedade-dos-poetas-tragicos\\\/#breadcrumb\",\"itemListElement\":[{\"@type\":\"ListItem\",\"position\":1,\"name\":\"Home\",\"item\":\"https:\\\/\\\/www.bienaleditora.com.br\\\/site\\\/\"},{\"@type\":\"ListItem\",\"position\":2,\"name\":\"Das p\u00e1ginas do livro para o palco: estreia hoje \u201cSociedade dos Poetas Tr\u00e1gicos\u201d\"}]},{\"@type\":\"WebSite\",\"@id\":\"https:\\\/\\\/www.bienaleditora.com.br\\\/site\\\/#website\",\"url\":\"https:\\\/\\\/www.bienaleditora.com.br\\\/site\\\/\",\"name\":\"Bienal Editora\",\"description\":\"Uma editora jovem, n\u00e3o s\u00f3 na idade \u2014 afinal foi fundada em dezembro de 2012 \u2014 mas no esp\u00edrito inovador de optar pela publica\u00e7\u00e3o de fic\u00e7\u00e3o e n\u00e3o fic\u00e7\u00e3o priorizando a qualidade, e n\u00e3o a quantidade de lan\u00e7amentos.\",\"publisher\":{\"@id\":\"https:\\\/\\\/www.bienaleditora.com.br\\\/site\\\/#organization\"},\"potentialAction\":[{\"@type\":\"SearchAction\",\"target\":{\"@type\":\"EntryPoint\",\"urlTemplate\":\"https:\\\/\\\/www.bienaleditora.com.br\\\/site\\\/?s={search_term_string}\"},\"query-input\":{\"@type\":\"PropertyValueSpecification\",\"valueRequired\":true,\"valueName\":\"search_term_string\"}}],\"inLanguage\":\"pt-BR\"},{\"@type\":\"Organization\",\"@id\":\"https:\\\/\\\/www.bienaleditora.com.br\\\/site\\\/#organization\",\"name\":\"Bienal Editora\",\"url\":\"https:\\\/\\\/www.bienaleditora.com.br\\\/site\\\/\",\"logo\":{\"@type\":\"ImageObject\",\"inLanguage\":\"pt-BR\",\"@id\":\"https:\\\/\\\/www.bienaleditora.com.br\\\/site\\\/#\\\/schema\\\/logo\\\/image\\\/\",\"url\":\"https:\\\/\\\/www.bienaleditora.com.br\\\/site\\\/wp-content\\\/uploads\\\/2014\\\/01\\\/logomarca_png.png\",\"contentUrl\":\"https:\\\/\\\/www.bienaleditora.com.br\\\/site\\\/wp-content\\\/uploads\\\/2014\\\/01\\\/logomarca_png.png\",\"width\":145,\"height\":79,\"caption\":\"Bienal Editora\"},\"image\":{\"@id\":\"https:\\\/\\\/www.bienaleditora.com.br\\\/site\\\/#\\\/schema\\\/logo\\\/image\\\/\"}},{\"@type\":\"Person\",\"@id\":\"https:\\\/\\\/www.bienaleditora.com.br\\\/site\\\/#\\\/schema\\\/person\\\/d1a5a5a109d4fde6a4d5a867405cb50e\",\"name\":\"Assessoria\",\"image\":{\"@type\":\"ImageObject\",\"inLanguage\":\"pt-BR\",\"@id\":\"https:\\\/\\\/secure.gravatar.com\\\/avatar\\\/088302c6d8ec3eb97a47edae64f76a44ece3934b3e2aa24f97d6e9765b8d98de?s=96&d=mm&r=g\",\"url\":\"https:\\\/\\\/secure.gravatar.com\\\/avatar\\\/088302c6d8ec3eb97a47edae64f76a44ece3934b3e2aa24f97d6e9765b8d98de?s=96&d=mm&r=g\",\"contentUrl\":\"https:\\\/\\\/secure.gravatar.com\\\/avatar\\\/088302c6d8ec3eb97a47edae64f76a44ece3934b3e2aa24f97d6e9765b8d98de?s=96&d=mm&r=g\",\"caption\":\"Assessoria\"},\"url\":\"https:\\\/\\\/www.bienaleditora.com.br\\\/site\\\/author\\\/zozimo\\\/\"}]}<\/script>\n<!-- \/ Yoast SEO plugin. -->","yoast_head_json":{"title":"Das p\u00e1ginas do livro para o palco: estreia hoje \u201cSociedade dos Poetas Tr\u00e1gicos\u201d - Bienal Editora","robots":{"index":"index","follow":"follow","max-snippet":"max-snippet:-1","max-image-preview":"max-image-preview:large","max-video-preview":"max-video-preview:-1"},"canonical":"https:\/\/www.bienaleditora.com.br\/site\/das-paginas-do-livro-para-o-palco-estreia-hoje-sociedade-dos-poetas-tragicos\/","og_locale":"pt_BR","og_type":"article","og_title":"Das p\u00e1ginas do livro para o palco: estreia hoje \u201cSociedade dos Poetas Tr\u00e1gicos\u201d - Bienal Editora","og_description":"Ser\u00e1 hoje (29\/10), \u00e0s 19 horas, no Clube dos Di\u00e1ris, a estreia do espet\u00e1culo \u201cSociedade dos Poetas Tr\u00e1gicos\u201d, com dire\u00e7\u00e3o do dramaturgo Ac\u00ed Campelo. O espet\u00e1culo traz \u00e0 tona o talento e a criatividade de dez jovens poetas piauienses que viveram ou morreram de forma tr\u00e1gica. A pe\u00e7a \u201cSociedade dos Poetas Tr\u00e1gicos\u201d \u00e9 uma visita [&hellip;]","og_url":"https:\/\/www.bienaleditora.com.br\/site\/das-paginas-do-livro-para-o-palco-estreia-hoje-sociedade-dos-poetas-tragicos\/","og_site_name":"Bienal Editora","article_published_time":"2021-10-29T10:42:07+00:00","article_modified_time":"2021-10-29T11:36:53+00:00","og_image":[{"width":1082,"height":1083,"url":"https:\/\/www.bienaleditora.com.br\/site\/wp-content\/uploads\/2021\/10\/Pe\u00e7a-poetas.jpg","type":"image\/jpeg"}],"author":"Assessoria","twitter_card":"summary_large_image","twitter_misc":{"Escrito por":"Assessoria","Est. tempo de leitura":"2 minutos"},"schema":{"@context":"https:\/\/schema.org","@graph":[{"@type":"Article","@id":"https:\/\/www.bienaleditora.com.br\/site\/das-paginas-do-livro-para-o-palco-estreia-hoje-sociedade-dos-poetas-tragicos\/#article","isPartOf":{"@id":"https:\/\/www.bienaleditora.com.br\/site\/das-paginas-do-livro-para-o-palco-estreia-hoje-sociedade-dos-poetas-tragicos\/"},"author":{"name":"Assessoria","@id":"https:\/\/www.bienaleditora.com.br\/site\/#\/schema\/person\/d1a5a5a109d4fde6a4d5a867405cb50e"},"headline":"Das p\u00e1ginas do livro para o palco: estreia hoje \u201cSociedade dos Poetas Tr\u00e1gicos\u201d","datePublished":"2021-10-29T10:42:07+00:00","dateModified":"2021-10-29T11:36:53+00:00","mainEntityOfPage":{"@id":"https:\/\/www.bienaleditora.com.br\/site\/das-paginas-do-livro-para-o-palco-estreia-hoje-sociedade-dos-poetas-tragicos\/"},"wordCount":423,"publisher":{"@id":"https:\/\/www.bienaleditora.com.br\/site\/#organization"},"image":{"@id":"https:\/\/www.bienaleditora.com.br\/site\/das-paginas-do-livro-para-o-palco-estreia-hoje-sociedade-dos-poetas-tragicos\/#primaryimage"},"thumbnailUrl":"https:\/\/www.bienaleditora.com.br\/site\/wp-content\/uploads\/2021\/10\/Pe\u00e7a-poetas.jpg","keywords":["Estreia","Poetas Tr\u00e1gicos","Teatro"],"articleSection":["M\u00eddia"],"inLanguage":"pt-BR"},{"@type":"WebPage","@id":"https:\/\/www.bienaleditora.com.br\/site\/das-paginas-do-livro-para-o-palco-estreia-hoje-sociedade-dos-poetas-tragicos\/","url":"https:\/\/www.bienaleditora.com.br\/site\/das-paginas-do-livro-para-o-palco-estreia-hoje-sociedade-dos-poetas-tragicos\/","name":"Das p\u00e1ginas do livro para o palco: estreia hoje \u201cSociedade dos Poetas Tr\u00e1gicos\u201d - Bienal Editora","isPartOf":{"@id":"https:\/\/www.bienaleditora.com.br\/site\/#website"},"primaryImageOfPage":{"@id":"https:\/\/www.bienaleditora.com.br\/site\/das-paginas-do-livro-para-o-palco-estreia-hoje-sociedade-dos-poetas-tragicos\/#primaryimage"},"image":{"@id":"https:\/\/www.bienaleditora.com.br\/site\/das-paginas-do-livro-para-o-palco-estreia-hoje-sociedade-dos-poetas-tragicos\/#primaryimage"},"thumbnailUrl":"https:\/\/www.bienaleditora.com.br\/site\/wp-content\/uploads\/2021\/10\/Pe\u00e7a-poetas.jpg","datePublished":"2021-10-29T10:42:07+00:00","dateModified":"2021-10-29T11:36:53+00:00","breadcrumb":{"@id":"https:\/\/www.bienaleditora.com.br\/site\/das-paginas-do-livro-para-o-palco-estreia-hoje-sociedade-dos-poetas-tragicos\/#breadcrumb"},"inLanguage":"pt-BR","potentialAction":[{"@type":"ReadAction","target":["https:\/\/www.bienaleditora.com.br\/site\/das-paginas-do-livro-para-o-palco-estreia-hoje-sociedade-dos-poetas-tragicos\/"]}]},{"@type":"ImageObject","inLanguage":"pt-BR","@id":"https:\/\/www.bienaleditora.com.br\/site\/das-paginas-do-livro-para-o-palco-estreia-hoje-sociedade-dos-poetas-tragicos\/#primaryimage","url":"https:\/\/www.bienaleditora.com.br\/site\/wp-content\/uploads\/2021\/10\/Pe\u00e7a-poetas.jpg","contentUrl":"https:\/\/www.bienaleditora.com.br\/site\/wp-content\/uploads\/2021\/10\/Pe\u00e7a-poetas.jpg","width":1082,"height":1083,"caption":"O cartaz de divulga\u00e7\u00e3o do espet\u00e1culo"},{"@type":"BreadcrumbList","@id":"https:\/\/www.bienaleditora.com.br\/site\/das-paginas-do-livro-para-o-palco-estreia-hoje-sociedade-dos-poetas-tragicos\/#breadcrumb","itemListElement":[{"@type":"ListItem","position":1,"name":"Home","item":"https:\/\/www.bienaleditora.com.br\/site\/"},{"@type":"ListItem","position":2,"name":"Das p\u00e1ginas do livro para o palco: estreia hoje \u201cSociedade dos Poetas Tr\u00e1gicos\u201d"}]},{"@type":"WebSite","@id":"https:\/\/www.bienaleditora.com.br\/site\/#website","url":"https:\/\/www.bienaleditora.com.br\/site\/","name":"Bienal Editora","description":"Uma editora jovem, n\u00e3o s\u00f3 na idade \u2014 afinal foi fundada em dezembro de 2012 \u2014 mas no esp\u00edrito inovador de optar pela publica\u00e7\u00e3o de fic\u00e7\u00e3o e n\u00e3o fic\u00e7\u00e3o priorizando a qualidade, e n\u00e3o a quantidade de lan\u00e7amentos.","publisher":{"@id":"https:\/\/www.bienaleditora.com.br\/site\/#organization"},"potentialAction":[{"@type":"SearchAction","target":{"@type":"EntryPoint","urlTemplate":"https:\/\/www.bienaleditora.com.br\/site\/?s={search_term_string}"},"query-input":{"@type":"PropertyValueSpecification","valueRequired":true,"valueName":"search_term_string"}}],"inLanguage":"pt-BR"},{"@type":"Organization","@id":"https:\/\/www.bienaleditora.com.br\/site\/#organization","name":"Bienal Editora","url":"https:\/\/www.bienaleditora.com.br\/site\/","logo":{"@type":"ImageObject","inLanguage":"pt-BR","@id":"https:\/\/www.bienaleditora.com.br\/site\/#\/schema\/logo\/image\/","url":"https:\/\/www.bienaleditora.com.br\/site\/wp-content\/uploads\/2014\/01\/logomarca_png.png","contentUrl":"https:\/\/www.bienaleditora.com.br\/site\/wp-content\/uploads\/2014\/01\/logomarca_png.png","width":145,"height":79,"caption":"Bienal Editora"},"image":{"@id":"https:\/\/www.bienaleditora.com.br\/site\/#\/schema\/logo\/image\/"}},{"@type":"Person","@id":"https:\/\/www.bienaleditora.com.br\/site\/#\/schema\/person\/d1a5a5a109d4fde6a4d5a867405cb50e","name":"Assessoria","image":{"@type":"ImageObject","inLanguage":"pt-BR","@id":"https:\/\/secure.gravatar.com\/avatar\/088302c6d8ec3eb97a47edae64f76a44ece3934b3e2aa24f97d6e9765b8d98de?s=96&d=mm&r=g","url":"https:\/\/secure.gravatar.com\/avatar\/088302c6d8ec3eb97a47edae64f76a44ece3934b3e2aa24f97d6e9765b8d98de?s=96&d=mm&r=g","contentUrl":"https:\/\/secure.gravatar.com\/avatar\/088302c6d8ec3eb97a47edae64f76a44ece3934b3e2aa24f97d6e9765b8d98de?s=96&d=mm&r=g","caption":"Assessoria"},"url":"https:\/\/www.bienaleditora.com.br\/site\/author\/zozimo\/"}]}},"_links":{"self":[{"href":"https:\/\/www.bienaleditora.com.br\/site\/wp-json\/wp\/v2\/posts\/2765","targetHints":{"allow":["GET"]}}],"collection":[{"href":"https:\/\/www.bienaleditora.com.br\/site\/wp-json\/wp\/v2\/posts"}],"about":[{"href":"https:\/\/www.bienaleditora.com.br\/site\/wp-json\/wp\/v2\/types\/post"}],"author":[{"embeddable":true,"href":"https:\/\/www.bienaleditora.com.br\/site\/wp-json\/wp\/v2\/users\/2"}],"replies":[{"embeddable":true,"href":"https:\/\/www.bienaleditora.com.br\/site\/wp-json\/wp\/v2\/comments?post=2765"}],"version-history":[{"count":3,"href":"https:\/\/www.bienaleditora.com.br\/site\/wp-json\/wp\/v2\/posts\/2765\/revisions"}],"predecessor-version":[{"id":2769,"href":"https:\/\/www.bienaleditora.com.br\/site\/wp-json\/wp\/v2\/posts\/2765\/revisions\/2769"}],"wp:featuredmedia":[{"embeddable":true,"href":"https:\/\/www.bienaleditora.com.br\/site\/wp-json\/wp\/v2\/media\/2766"}],"wp:attachment":[{"href":"https:\/\/www.bienaleditora.com.br\/site\/wp-json\/wp\/v2\/media?parent=2765"}],"wp:term":[{"taxonomy":"category","embeddable":true,"href":"https:\/\/www.bienaleditora.com.br\/site\/wp-json\/wp\/v2\/categories?post=2765"},{"taxonomy":"post_tag","embeddable":true,"href":"https:\/\/www.bienaleditora.com.br\/site\/wp-json\/wp\/v2\/tags?post=2765"}],"curies":[{"name":"wp","href":"https:\/\/api.w.org\/{rel}","templated":true}]}}