{"id":2783,"date":"2021-12-24T07:27:40","date_gmt":"2021-12-24T10:27:40","guid":{"rendered":"https:\/\/www.bienaleditora.com.br\/site\/?p=2783"},"modified":"2021-12-24T07:36:57","modified_gmt":"2021-12-24T10:36:57","slug":"um-sucesso-o-superlancamento-do-livro-de-silvio-leite","status":"publish","type":"post","link":"https:\/\/www.bienaleditora.com.br\/site\/um-sucesso-o-superlancamento-do-livro-de-silvio-leite\/","title":{"rendered":"Um sucesso o superlan\u00e7amento do livro de Silvio Leite"},"content":{"rendered":"\n<figure class=\"wp-block-image size-large\"><img fetchpriority=\"high\" decoding=\"async\" width=\"683\" height=\"455\" src=\"https:\/\/www.bienaleditora.com.br\/site\/wp-content\/uploads\/2021\/12\/SL-LAN\u00c7AMENTO4.jpg\" alt=\"\" class=\"wp-image-2784\" srcset=\"https:\/\/www.bienaleditora.com.br\/site\/wp-content\/uploads\/2021\/12\/SL-LAN\u00c7AMENTO4.jpg 683w, https:\/\/www.bienaleditora.com.br\/site\/wp-content\/uploads\/2021\/12\/SL-LAN\u00c7AMENTO4-600x400.jpg 600w, https:\/\/www.bienaleditora.com.br\/site\/wp-content\/uploads\/2021\/12\/SL-LAN\u00c7AMENTO4-300x200.jpg 300w, https:\/\/www.bienaleditora.com.br\/site\/wp-content\/uploads\/2021\/12\/SL-LAN\u00c7AMENTO4-219x146.jpg 219w, https:\/\/www.bienaleditora.com.br\/site\/wp-content\/uploads\/2021\/12\/SL-LAN\u00c7AMENTO4-50x33.jpg 50w, https:\/\/www.bienaleditora.com.br\/site\/wp-content\/uploads\/2021\/12\/SL-LAN\u00c7AMENTO4-113x75.jpg 113w, https:\/\/www.bienaleditora.com.br\/site\/wp-content\/uploads\/2021\/12\/SL-LAN\u00c7AMENTO4-90x60.jpg 90w, https:\/\/www.bienaleditora.com.br\/site\/wp-content\/uploads\/2021\/12\/SL-LAN\u00c7AMENTO4-135x90.jpg 135w\" sizes=\"(max-width: 683px) 100vw, 683px\" \/><\/figure>\n\n\n\n<p class=\"wp-block-paragraph\">O superlan\u00e7amento do livro &#8220;S\u00edlvio Leite &#8211; Marcas que Marcam&#8221; foi um sucesso. O programa foi aberto na manh\u00e3 do dia 21\/12 no Sesc Cultural da Avenida Caju\u00edna e contou com a presen\u00e7a de familiares, amigos e autoridades.<\/p>\n\n\n\n<p class=\"wp-block-paragraph\">O lan\u00e7amento come\u00e7ou com uma ben\u00e7\u00e3o do padre Lu\u00eds Eduardo e do pastor Eug\u00eanio.<\/p>\n\n\n\n<p class=\"wp-block-paragraph\">A manh\u00e3 seguiu com um concerto de Natal regido pelo maestro Aur\u00e9lio Melo e uma sess\u00e3o de aut\u00f3grafos.<\/p>\n\n\n\n<p class=\"wp-block-paragraph\">Tamb\u00e9m foi comemorado o anivers\u00e1rio do autor do livro, o publicit\u00e1rio e empres\u00e1rio Silvio Leite, que recebeu parab\u00e9ns dos presentes.<\/p>\n\n\n\n<p class=\"wp-block-paragraph\">\u00c0 tarde, Silvio Leite autografou o seu livro na Livraria Anchieta e, \u00e0 noite, na Livraria Universit\u00e1ria do Riverside.<\/p>\n\n\n\n<p class=\"wp-block-paragraph\">A maratona de aut\u00f3grafos continuou no dia seguinte, no Hiper Carvalho da Avenida Homero Castelo Branco.<\/p>\n\n\n\n<p class=\"wp-block-paragraph\">Ap\u00f3s as festas de fim de ano, Silvio Leite vai lan\u00e7ar o livro em outros munic\u00edpios, come\u00e7ando por Martins, no Rio Grande do Norte, a sua terra natal.<\/p>\n\n\n\n<p class=\"wp-block-paragraph\"><strong>Venda vai para institui\u00e7\u00f5es<\/strong><\/p>\n\n\n\n<p class=\"wp-block-paragraph\">Toda a renda arrecadada com a venda da obra \u00e9 destinada integralmente a institui\u00e7\u00f5es sociais, em Teresina, Campo Maior e Piripiri.<\/p>\n\n\n\n<p class=\"wp-block-paragraph\">As institui\u00e7\u00f5es beneficiadas s\u00e3o: Lar de Maria (Teresina), a Associa\u00e7\u00e3o de Pais e Amigos dos Excepcionais (APAE), no munic\u00edpio de Piripiri; e Lar da Crian\u00e7a &#8211; Dom Abel Alonso Nun\u00e9z, em Campo Maior.<\/p>\n\n\n\n<p class=\"wp-block-paragraph\">O livro tem 460 p\u00e1ginas, foi editado pela Bienal e impresso na Gr\u00e1fica Halley.<\/p>\n\n\n\n<p class=\"wp-block-paragraph\">A obra conta a trajet\u00f3ria profissional do publicit\u00e1rio Silvio Leite e traz depoimentos de amigos, jornalistas e empres\u00e1rios de sucesso com 295 imagens que resumem os 50 anos de trabalho do autor, sendo 40 anos dedicados \u00e0 comunica\u00e7\u00e3o.<\/p>\n\n\n\n<figure class=\"wp-block-image size-large\"><img decoding=\"async\" width=\"1024\" height=\"770\" src=\"https:\/\/www.bienaleditora.com.br\/site\/wp-content\/uploads\/2021\/12\/SL-lan\u00e7amento1-1024x770.jpg\" alt=\"\" class=\"wp-image-2785\" srcset=\"https:\/\/www.bienaleditora.com.br\/site\/wp-content\/uploads\/2021\/12\/SL-lan\u00e7amento1-1024x770.jpg 1024w, https:\/\/www.bienaleditora.com.br\/site\/wp-content\/uploads\/2021\/12\/SL-lan\u00e7amento1-600x451.jpg 600w, https:\/\/www.bienaleditora.com.br\/site\/wp-content\/uploads\/2021\/12\/SL-lan\u00e7amento1-300x226.jpg 300w, https:\/\/www.bienaleditora.com.br\/site\/wp-content\/uploads\/2021\/12\/SL-lan\u00e7amento1-768x578.jpg 768w, https:\/\/www.bienaleditora.com.br\/site\/wp-content\/uploads\/2021\/12\/SL-lan\u00e7amento1-194x146.jpg 194w, https:\/\/www.bienaleditora.com.br\/site\/wp-content\/uploads\/2021\/12\/SL-lan\u00e7amento1-50x38.jpg 50w, https:\/\/www.bienaleditora.com.br\/site\/wp-content\/uploads\/2021\/12\/SL-lan\u00e7amento1-100x75.jpg 100w, https:\/\/www.bienaleditora.com.br\/site\/wp-content\/uploads\/2021\/12\/SL-lan\u00e7amento1-80x60.jpg 80w, https:\/\/www.bienaleditora.com.br\/site\/wp-content\/uploads\/2021\/12\/SL-lan\u00e7amento1-120x90.jpg 120w, https:\/\/www.bienaleditora.com.br\/site\/wp-content\/uploads\/2021\/12\/SL-lan\u00e7amento1.jpg 1082w\" sizes=\"(max-width: 1024px) 100vw, 1024px\" \/><\/figure>\n\n\n\n<figure class=\"wp-block-image size-large\"><img decoding=\"async\" width=\"1024\" height=\"770\" src=\"https:\/\/www.bienaleditora.com.br\/site\/wp-content\/uploads\/2021\/12\/SL-LAN\u00c7AMENTO2-1024x770.jpg\" alt=\"\" class=\"wp-image-2786\" srcset=\"https:\/\/www.bienaleditora.com.br\/site\/wp-content\/uploads\/2021\/12\/SL-LAN\u00c7AMENTO2-1024x770.jpg 1024w, https:\/\/www.bienaleditora.com.br\/site\/wp-content\/uploads\/2021\/12\/SL-LAN\u00c7AMENTO2-600x451.jpg 600w, https:\/\/www.bienaleditora.com.br\/site\/wp-content\/uploads\/2021\/12\/SL-LAN\u00c7AMENTO2-300x226.jpg 300w, https:\/\/www.bienaleditora.com.br\/site\/wp-content\/uploads\/2021\/12\/SL-LAN\u00c7AMENTO2-768x578.jpg 768w, https:\/\/www.bienaleditora.com.br\/site\/wp-content\/uploads\/2021\/12\/SL-LAN\u00c7AMENTO2-194x146.jpg 194w, https:\/\/www.bienaleditora.com.br\/site\/wp-content\/uploads\/2021\/12\/SL-LAN\u00c7AMENTO2-50x38.jpg 50w, https:\/\/www.bienaleditora.com.br\/site\/wp-content\/uploads\/2021\/12\/SL-LAN\u00c7AMENTO2-100x75.jpg 100w, https:\/\/www.bienaleditora.com.br\/site\/wp-content\/uploads\/2021\/12\/SL-LAN\u00c7AMENTO2-80x60.jpg 80w, https:\/\/www.bienaleditora.com.br\/site\/wp-content\/uploads\/2021\/12\/SL-LAN\u00c7AMENTO2-120x90.jpg 120w, https:\/\/www.bienaleditora.com.br\/site\/wp-content\/uploads\/2021\/12\/SL-LAN\u00c7AMENTO2.jpg 1082w\" sizes=\"(max-width: 1024px) 100vw, 1024px\" \/><\/figure>\n\n\n\n<figure class=\"wp-block-image size-large\"><img loading=\"lazy\" decoding=\"async\" width=\"683\" height=\"455\" src=\"https:\/\/www.bienaleditora.com.br\/site\/wp-content\/uploads\/2021\/12\/SL-LAN\u00c7AMENYO5.jpg\" alt=\"\" class=\"wp-image-2787\" srcset=\"https:\/\/www.bienaleditora.com.br\/site\/wp-content\/uploads\/2021\/12\/SL-LAN\u00c7AMENYO5.jpg 683w, https:\/\/www.bienaleditora.com.br\/site\/wp-content\/uploads\/2021\/12\/SL-LAN\u00c7AMENYO5-600x400.jpg 600w, https:\/\/www.bienaleditora.com.br\/site\/wp-content\/uploads\/2021\/12\/SL-LAN\u00c7AMENYO5-300x200.jpg 300w, https:\/\/www.bienaleditora.com.br\/site\/wp-content\/uploads\/2021\/12\/SL-LAN\u00c7AMENYO5-219x146.jpg 219w, https:\/\/www.bienaleditora.com.br\/site\/wp-content\/uploads\/2021\/12\/SL-LAN\u00c7AMENYO5-50x33.jpg 50w, https:\/\/www.bienaleditora.com.br\/site\/wp-content\/uploads\/2021\/12\/SL-LAN\u00c7AMENYO5-113x75.jpg 113w, https:\/\/www.bienaleditora.com.br\/site\/wp-content\/uploads\/2021\/12\/SL-LAN\u00c7AMENYO5-90x60.jpg 90w, https:\/\/www.bienaleditora.com.br\/site\/wp-content\/uploads\/2021\/12\/SL-LAN\u00c7AMENYO5-135x90.jpg 135w\" sizes=\"(max-width: 683px) 100vw, 683px\" \/><\/figure>\n\n\n\n<figure class=\"wp-block-image size-large\"><img loading=\"lazy\" decoding=\"async\" width=\"1024\" height=\"576\" src=\"https:\/\/www.bienaleditora.com.br\/site\/wp-content\/uploads\/2021\/12\/sl-lan\u00e7amento8-1024x576.jpg\" alt=\"\" class=\"wp-image-2788\" srcset=\"https:\/\/www.bienaleditora.com.br\/site\/wp-content\/uploads\/2021\/12\/sl-lan\u00e7amento8-1024x576.jpg 1024w, https:\/\/www.bienaleditora.com.br\/site\/wp-content\/uploads\/2021\/12\/sl-lan\u00e7amento8-600x338.jpg 600w, https:\/\/www.bienaleditora.com.br\/site\/wp-content\/uploads\/2021\/12\/sl-lan\u00e7amento8-300x169.jpg 300w, https:\/\/www.bienaleditora.com.br\/site\/wp-content\/uploads\/2021\/12\/sl-lan\u00e7amento8-768x432.jpg 768w, https:\/\/www.bienaleditora.com.br\/site\/wp-content\/uploads\/2021\/12\/sl-lan\u00e7amento8-1536x864.jpg 1536w, https:\/\/www.bienaleditora.com.br\/site\/wp-content\/uploads\/2021\/12\/sl-lan\u00e7amento8-260x146.jpg 260w, https:\/\/www.bienaleditora.com.br\/site\/wp-content\/uploads\/2021\/12\/sl-lan\u00e7amento8-50x28.jpg 50w, https:\/\/www.bienaleditora.com.br\/site\/wp-content\/uploads\/2021\/12\/sl-lan\u00e7amento8-133x75.jpg 133w, https:\/\/www.bienaleditora.com.br\/site\/wp-content\/uploads\/2021\/12\/sl-lan\u00e7amento8-107x60.jpg 107w, https:\/\/www.bienaleditora.com.br\/site\/wp-content\/uploads\/2021\/12\/sl-lan\u00e7amento8-160x90.jpg 160w, https:\/\/www.bienaleditora.com.br\/site\/wp-content\/uploads\/2021\/12\/sl-lan\u00e7amento8.jpg 1600w\" sizes=\"(max-width: 1024px) 100vw, 1024px\" \/><\/figure>\n\n\n\n<figure class=\"wp-block-image size-large\"><img loading=\"lazy\" decoding=\"async\" width=\"1024\" height=\"684\" src=\"https:\/\/www.bienaleditora.com.br\/site\/wp-content\/uploads\/2021\/12\/sl-lan\u00e7amento-6-1024x684.jpg\" alt=\"\" class=\"wp-image-2789\" srcset=\"https:\/\/www.bienaleditora.com.br\/site\/wp-content\/uploads\/2021\/12\/sl-lan\u00e7amento-6-1024x684.jpg 1024w, https:\/\/www.bienaleditora.com.br\/site\/wp-content\/uploads\/2021\/12\/sl-lan\u00e7amento-6-600x401.jpg 600w, https:\/\/www.bienaleditora.com.br\/site\/wp-content\/uploads\/2021\/12\/sl-lan\u00e7amento-6-300x200.jpg 300w, https:\/\/www.bienaleditora.com.br\/site\/wp-content\/uploads\/2021\/12\/sl-lan\u00e7amento-6-768x513.jpg 768w, https:\/\/www.bienaleditora.com.br\/site\/wp-content\/uploads\/2021\/12\/sl-lan\u00e7amento-6-219x146.jpg 219w, https:\/\/www.bienaleditora.com.br\/site\/wp-content\/uploads\/2021\/12\/sl-lan\u00e7amento-6-50x33.jpg 50w, https:\/\/www.bienaleditora.com.br\/site\/wp-content\/uploads\/2021\/12\/sl-lan\u00e7amento-6-112x75.jpg 112w, https:\/\/www.bienaleditora.com.br\/site\/wp-content\/uploads\/2021\/12\/sl-lan\u00e7amento-6-90x60.jpg 90w, https:\/\/www.bienaleditora.com.br\/site\/wp-content\/uploads\/2021\/12\/sl-lan\u00e7amento-6-135x90.jpg 135w, https:\/\/www.bienaleditora.com.br\/site\/wp-content\/uploads\/2021\/12\/sl-lan\u00e7amento-6.jpg 1440w\" sizes=\"(max-width: 1024px) 100vw, 1024px\" \/><\/figure>\n\n\n\n<figure class=\"wp-block-image size-large\"><img loading=\"lazy\" decoding=\"async\" width=\"1024\" height=\"576\" src=\"https:\/\/www.bienaleditora.com.br\/site\/wp-content\/uploads\/2021\/12\/sl-lan\u00e7amento7-1024x576.jpg\" alt=\"\" class=\"wp-image-2790\" srcset=\"https:\/\/www.bienaleditora.com.br\/site\/wp-content\/uploads\/2021\/12\/sl-lan\u00e7amento7-1024x576.jpg 1024w, https:\/\/www.bienaleditora.com.br\/site\/wp-content\/uploads\/2021\/12\/sl-lan\u00e7amento7-600x338.jpg 600w, https:\/\/www.bienaleditora.com.br\/site\/wp-content\/uploads\/2021\/12\/sl-lan\u00e7amento7-300x169.jpg 300w, https:\/\/www.bienaleditora.com.br\/site\/wp-content\/uploads\/2021\/12\/sl-lan\u00e7amento7-768x432.jpg 768w, https:\/\/www.bienaleditora.com.br\/site\/wp-content\/uploads\/2021\/12\/sl-lan\u00e7amento7-1536x864.jpg 1536w, https:\/\/www.bienaleditora.com.br\/site\/wp-content\/uploads\/2021\/12\/sl-lan\u00e7amento7-260x146.jpg 260w, https:\/\/www.bienaleditora.com.br\/site\/wp-content\/uploads\/2021\/12\/sl-lan\u00e7amento7-50x28.jpg 50w, https:\/\/www.bienaleditora.com.br\/site\/wp-content\/uploads\/2021\/12\/sl-lan\u00e7amento7-133x75.jpg 133w, https:\/\/www.bienaleditora.com.br\/site\/wp-content\/uploads\/2021\/12\/sl-lan\u00e7amento7-107x60.jpg 107w, https:\/\/www.bienaleditora.com.br\/site\/wp-content\/uploads\/2021\/12\/sl-lan\u00e7amento7-160x90.jpg 160w, https:\/\/www.bienaleditora.com.br\/site\/wp-content\/uploads\/2021\/12\/sl-lan\u00e7amento7.jpg 1600w\" sizes=\"(max-width: 1024px) 100vw, 1024px\" \/><\/figure>\n\n\n\n<figure class=\"wp-block-image size-large\"><img loading=\"lazy\" decoding=\"async\" width=\"1024\" height=\"681\" src=\"https:\/\/www.bienaleditora.com.br\/site\/wp-content\/uploads\/2021\/12\/SL-LAN\u00c7AMENTO3-1024x681.jpg\" alt=\"\" class=\"wp-image-2791\" srcset=\"https:\/\/www.bienaleditora.com.br\/site\/wp-content\/uploads\/2021\/12\/SL-LAN\u00c7AMENTO3-1024x681.jpg 1024w, https:\/\/www.bienaleditora.com.br\/site\/wp-content\/uploads\/2021\/12\/SL-LAN\u00c7AMENTO3-600x399.jpg 600w, https:\/\/www.bienaleditora.com.br\/site\/wp-content\/uploads\/2021\/12\/SL-LAN\u00c7AMENTO3-300x200.jpg 300w, https:\/\/www.bienaleditora.com.br\/site\/wp-content\/uploads\/2021\/12\/SL-LAN\u00c7AMENTO3-768x511.jpg 768w, https:\/\/www.bienaleditora.com.br\/site\/wp-content\/uploads\/2021\/12\/SL-LAN\u00c7AMENTO3-219x146.jpg 219w, https:\/\/www.bienaleditora.com.br\/site\/wp-content\/uploads\/2021\/12\/SL-LAN\u00c7AMENTO3-50x33.jpg 50w, https:\/\/www.bienaleditora.com.br\/site\/wp-content\/uploads\/2021\/12\/SL-LAN\u00c7AMENTO3-113x75.jpg 113w, https:\/\/www.bienaleditora.com.br\/site\/wp-content\/uploads\/2021\/12\/SL-LAN\u00c7AMENTO3-90x60.jpg 90w, https:\/\/www.bienaleditora.com.br\/site\/wp-content\/uploads\/2021\/12\/SL-LAN\u00c7AMENTO3-135x90.jpg 135w, https:\/\/www.bienaleditora.com.br\/site\/wp-content\/uploads\/2021\/12\/SL-LAN\u00c7AMENTO3.jpg 1440w\" sizes=\"(max-width: 1024px) 100vw, 1024px\" \/><\/figure>\n\n\n\n<p class=\"wp-block-paragraph\"><\/p>\n","protected":false},"excerpt":{"rendered":"<p>O superlan\u00e7amento do livro &#8220;S\u00edlvio Leite &#8211; Marcas que Marcam&#8221; foi um sucesso. O programa foi aberto na manh\u00e3 do dia 21\/12 no Sesc Cultural da Avenida Caju\u00edna e contou com a presen\u00e7a de familiares, amigos e autoridades. O lan\u00e7amento come\u00e7ou com uma ben\u00e7\u00e3o do padre Lu\u00eds Eduardo e do pastor Eug\u00eanio. A manh\u00e3 seguiu [&hellip;]<\/p>\n","protected":false},"author":2,"featured_media":2784,"comment_status":"closed","ping_status":"open","sticky":false,"template":"","format":"standard","meta":{"_acf_changed":false,"footnotes":""},"categories":[1],"tags":[],"class_list":["post-2783","post","type-post","status-publish","format-standard","has-post-thumbnail","hentry","category-midia"],"acf":[],"yoast_head":"<!-- This site is optimized with the Yoast SEO plugin v28.0 - https:\/\/yoast.com\/product\/yoast-seo-wordpress\/ -->\n<title>Um sucesso o superlan\u00e7amento do livro de Silvio Leite - Bienal Editora<\/title>\n<meta name=\"robots\" content=\"index, follow, max-snippet:-1, max-image-preview:large, max-video-preview:-1\" \/>\n<link rel=\"canonical\" href=\"https:\/\/www.bienaleditora.com.br\/site\/um-sucesso-o-superlancamento-do-livro-de-silvio-leite\/\" \/>\n<meta property=\"og:locale\" content=\"pt_BR\" \/>\n<meta property=\"og:type\" content=\"article\" \/>\n<meta property=\"og:title\" content=\"Um sucesso o superlan\u00e7amento do livro de Silvio Leite - Bienal Editora\" \/>\n<meta property=\"og:description\" content=\"O superlan\u00e7amento do livro &#8220;S\u00edlvio Leite &#8211; Marcas que Marcam&#8221; foi um sucesso. O programa foi aberto na manh\u00e3 do dia 21\/12 no Sesc Cultural da Avenida Caju\u00edna e contou com a presen\u00e7a de familiares, amigos e autoridades. O lan\u00e7amento come\u00e7ou com uma ben\u00e7\u00e3o do padre Lu\u00eds Eduardo e do pastor Eug\u00eanio. A manh\u00e3 seguiu [&hellip;]\" \/>\n<meta property=\"og:url\" content=\"https:\/\/www.bienaleditora.com.br\/site\/um-sucesso-o-superlancamento-do-livro-de-silvio-leite\/\" \/>\n<meta property=\"og:site_name\" content=\"Bienal Editora\" \/>\n<meta property=\"article:published_time\" content=\"2021-12-24T10:27:40+00:00\" \/>\n<meta property=\"article:modified_time\" content=\"2021-12-24T10:36:57+00:00\" \/>\n<meta property=\"og:image\" content=\"https:\/\/www.bienaleditora.com.br\/site\/wp-content\/uploads\/2021\/12\/SL-LAN\u00c7AMENTO4.jpg\" \/>\n\t<meta property=\"og:image:width\" content=\"683\" \/>\n\t<meta property=\"og:image:height\" content=\"455\" \/>\n\t<meta property=\"og:image:type\" content=\"image\/jpeg\" \/>\n<meta name=\"author\" content=\"Assessoria\" \/>\n<meta name=\"twitter:card\" content=\"summary_large_image\" \/>\n<meta name=\"twitter:label1\" content=\"Escrito por\" \/>\n\t<meta name=\"twitter:data1\" content=\"Assessoria\" \/>\n\t<meta name=\"twitter:label2\" content=\"Est. tempo de leitura\" \/>\n\t<meta name=\"twitter:data2\" content=\"1 minuto\" \/>\n<script type=\"application\/ld+json\" class=\"yoast-schema-graph\">{\"@context\":\"https:\\\/\\\/schema.org\",\"@graph\":[{\"@type\":\"Article\",\"@id\":\"https:\\\/\\\/www.bienaleditora.com.br\\\/site\\\/um-sucesso-o-superlancamento-do-livro-de-silvio-leite\\\/#article\",\"isPartOf\":{\"@id\":\"https:\\\/\\\/www.bienaleditora.com.br\\\/site\\\/um-sucesso-o-superlancamento-do-livro-de-silvio-leite\\\/\"},\"author\":{\"name\":\"Assessoria\",\"@id\":\"https:\\\/\\\/www.bienaleditora.com.br\\\/site\\\/#\\\/schema\\\/person\\\/d1a5a5a109d4fde6a4d5a867405cb50e\"},\"headline\":\"Um sucesso o superlan\u00e7amento do livro de Silvio Leite\",\"datePublished\":\"2021-12-24T10:27:40+00:00\",\"dateModified\":\"2021-12-24T10:36:57+00:00\",\"mainEntityOfPage\":{\"@id\":\"https:\\\/\\\/www.bienaleditora.com.br\\\/site\\\/um-sucesso-o-superlancamento-do-livro-de-silvio-leite\\\/\"},\"wordCount\":301,\"publisher\":{\"@id\":\"https:\\\/\\\/www.bienaleditora.com.br\\\/site\\\/#organization\"},\"image\":{\"@id\":\"https:\\\/\\\/www.bienaleditora.com.br\\\/site\\\/um-sucesso-o-superlancamento-do-livro-de-silvio-leite\\\/#primaryimage\"},\"thumbnailUrl\":\"https:\\\/\\\/www.bienaleditora.com.br\\\/site\\\/wp-content\\\/uploads\\\/2021\\\/12\\\/SL-LAN\u00c7AMENTO4.jpg\",\"articleSection\":[\"M\u00eddia\"],\"inLanguage\":\"pt-BR\"},{\"@type\":\"WebPage\",\"@id\":\"https:\\\/\\\/www.bienaleditora.com.br\\\/site\\\/um-sucesso-o-superlancamento-do-livro-de-silvio-leite\\\/\",\"url\":\"https:\\\/\\\/www.bienaleditora.com.br\\\/site\\\/um-sucesso-o-superlancamento-do-livro-de-silvio-leite\\\/\",\"name\":\"Um sucesso o superlan\u00e7amento do livro de Silvio Leite - Bienal Editora\",\"isPartOf\":{\"@id\":\"https:\\\/\\\/www.bienaleditora.com.br\\\/site\\\/#website\"},\"primaryImageOfPage\":{\"@id\":\"https:\\\/\\\/www.bienaleditora.com.br\\\/site\\\/um-sucesso-o-superlancamento-do-livro-de-silvio-leite\\\/#primaryimage\"},\"image\":{\"@id\":\"https:\\\/\\\/www.bienaleditora.com.br\\\/site\\\/um-sucesso-o-superlancamento-do-livro-de-silvio-leite\\\/#primaryimage\"},\"thumbnailUrl\":\"https:\\\/\\\/www.bienaleditora.com.br\\\/site\\\/wp-content\\\/uploads\\\/2021\\\/12\\\/SL-LAN\u00c7AMENTO4.jpg\",\"datePublished\":\"2021-12-24T10:27:40+00:00\",\"dateModified\":\"2021-12-24T10:36:57+00:00\",\"breadcrumb\":{\"@id\":\"https:\\\/\\\/www.bienaleditora.com.br\\\/site\\\/um-sucesso-o-superlancamento-do-livro-de-silvio-leite\\\/#breadcrumb\"},\"inLanguage\":\"pt-BR\",\"potentialAction\":[{\"@type\":\"ReadAction\",\"target\":[\"https:\\\/\\\/www.bienaleditora.com.br\\\/site\\\/um-sucesso-o-superlancamento-do-livro-de-silvio-leite\\\/\"]}]},{\"@type\":\"ImageObject\",\"inLanguage\":\"pt-BR\",\"@id\":\"https:\\\/\\\/www.bienaleditora.com.br\\\/site\\\/um-sucesso-o-superlancamento-do-livro-de-silvio-leite\\\/#primaryimage\",\"url\":\"https:\\\/\\\/www.bienaleditora.com.br\\\/site\\\/wp-content\\\/uploads\\\/2021\\\/12\\\/SL-LAN\u00c7AMENTO4.jpg\",\"contentUrl\":\"https:\\\/\\\/www.bienaleditora.com.br\\\/site\\\/wp-content\\\/uploads\\\/2021\\\/12\\\/SL-LAN\u00c7AMENTO4.jpg\",\"width\":683,\"height\":455},{\"@type\":\"BreadcrumbList\",\"@id\":\"https:\\\/\\\/www.bienaleditora.com.br\\\/site\\\/um-sucesso-o-superlancamento-do-livro-de-silvio-leite\\\/#breadcrumb\",\"itemListElement\":[{\"@type\":\"ListItem\",\"position\":1,\"name\":\"Home\",\"item\":\"https:\\\/\\\/www.bienaleditora.com.br\\\/site\\\/\"},{\"@type\":\"ListItem\",\"position\":2,\"name\":\"Um sucesso o superlan\u00e7amento do livro de Silvio Leite\"}]},{\"@type\":\"WebSite\",\"@id\":\"https:\\\/\\\/www.bienaleditora.com.br\\\/site\\\/#website\",\"url\":\"https:\\\/\\\/www.bienaleditora.com.br\\\/site\\\/\",\"name\":\"Bienal Editora\",\"description\":\"Uma editora jovem, n\u00e3o s\u00f3 na idade \u2014 afinal foi fundada em dezembro de 2012 \u2014 mas no esp\u00edrito inovador de optar pela publica\u00e7\u00e3o de fic\u00e7\u00e3o e n\u00e3o fic\u00e7\u00e3o priorizando a qualidade, e n\u00e3o a quantidade de lan\u00e7amentos.\",\"publisher\":{\"@id\":\"https:\\\/\\\/www.bienaleditora.com.br\\\/site\\\/#organization\"},\"potentialAction\":[{\"@type\":\"SearchAction\",\"target\":{\"@type\":\"EntryPoint\",\"urlTemplate\":\"https:\\\/\\\/www.bienaleditora.com.br\\\/site\\\/?s={search_term_string}\"},\"query-input\":{\"@type\":\"PropertyValueSpecification\",\"valueRequired\":true,\"valueName\":\"search_term_string\"}}],\"inLanguage\":\"pt-BR\"},{\"@type\":\"Organization\",\"@id\":\"https:\\\/\\\/www.bienaleditora.com.br\\\/site\\\/#organization\",\"name\":\"Bienal Editora\",\"url\":\"https:\\\/\\\/www.bienaleditora.com.br\\\/site\\\/\",\"logo\":{\"@type\":\"ImageObject\",\"inLanguage\":\"pt-BR\",\"@id\":\"https:\\\/\\\/www.bienaleditora.com.br\\\/site\\\/#\\\/schema\\\/logo\\\/image\\\/\",\"url\":\"https:\\\/\\\/www.bienaleditora.com.br\\\/site\\\/wp-content\\\/uploads\\\/2014\\\/01\\\/logomarca_png.png\",\"contentUrl\":\"https:\\\/\\\/www.bienaleditora.com.br\\\/site\\\/wp-content\\\/uploads\\\/2014\\\/01\\\/logomarca_png.png\",\"width\":145,\"height\":79,\"caption\":\"Bienal Editora\"},\"image\":{\"@id\":\"https:\\\/\\\/www.bienaleditora.com.br\\\/site\\\/#\\\/schema\\\/logo\\\/image\\\/\"}},{\"@type\":\"Person\",\"@id\":\"https:\\\/\\\/www.bienaleditora.com.br\\\/site\\\/#\\\/schema\\\/person\\\/d1a5a5a109d4fde6a4d5a867405cb50e\",\"name\":\"Assessoria\",\"image\":{\"@type\":\"ImageObject\",\"inLanguage\":\"pt-BR\",\"@id\":\"https:\\\/\\\/secure.gravatar.com\\\/avatar\\\/088302c6d8ec3eb97a47edae64f76a44ece3934b3e2aa24f97d6e9765b8d98de?s=96&d=mm&r=g\",\"url\":\"https:\\\/\\\/secure.gravatar.com\\\/avatar\\\/088302c6d8ec3eb97a47edae64f76a44ece3934b3e2aa24f97d6e9765b8d98de?s=96&d=mm&r=g\",\"contentUrl\":\"https:\\\/\\\/secure.gravatar.com\\\/avatar\\\/088302c6d8ec3eb97a47edae64f76a44ece3934b3e2aa24f97d6e9765b8d98de?s=96&d=mm&r=g\",\"caption\":\"Assessoria\"},\"url\":\"https:\\\/\\\/www.bienaleditora.com.br\\\/site\\\/author\\\/zozimo\\\/\"}]}<\/script>\n<!-- \/ Yoast SEO plugin. -->","yoast_head_json":{"title":"Um sucesso o superlan\u00e7amento do livro de Silvio Leite - Bienal Editora","robots":{"index":"index","follow":"follow","max-snippet":"max-snippet:-1","max-image-preview":"max-image-preview:large","max-video-preview":"max-video-preview:-1"},"canonical":"https:\/\/www.bienaleditora.com.br\/site\/um-sucesso-o-superlancamento-do-livro-de-silvio-leite\/","og_locale":"pt_BR","og_type":"article","og_title":"Um sucesso o superlan\u00e7amento do livro de Silvio Leite - Bienal Editora","og_description":"O superlan\u00e7amento do livro &#8220;S\u00edlvio Leite &#8211; Marcas que Marcam&#8221; foi um sucesso. O programa foi aberto na manh\u00e3 do dia 21\/12 no Sesc Cultural da Avenida Caju\u00edna e contou com a presen\u00e7a de familiares, amigos e autoridades. O lan\u00e7amento come\u00e7ou com uma ben\u00e7\u00e3o do padre Lu\u00eds Eduardo e do pastor Eug\u00eanio. A manh\u00e3 seguiu [&hellip;]","og_url":"https:\/\/www.bienaleditora.com.br\/site\/um-sucesso-o-superlancamento-do-livro-de-silvio-leite\/","og_site_name":"Bienal Editora","article_published_time":"2021-12-24T10:27:40+00:00","article_modified_time":"2021-12-24T10:36:57+00:00","og_image":[{"width":683,"height":455,"url":"https:\/\/www.bienaleditora.com.br\/site\/wp-content\/uploads\/2021\/12\/SL-LAN\u00c7AMENTO4.jpg","type":"image\/jpeg"}],"author":"Assessoria","twitter_card":"summary_large_image","twitter_misc":{"Escrito por":"Assessoria","Est. tempo de leitura":"1 minuto"},"schema":{"@context":"https:\/\/schema.org","@graph":[{"@type":"Article","@id":"https:\/\/www.bienaleditora.com.br\/site\/um-sucesso-o-superlancamento-do-livro-de-silvio-leite\/#article","isPartOf":{"@id":"https:\/\/www.bienaleditora.com.br\/site\/um-sucesso-o-superlancamento-do-livro-de-silvio-leite\/"},"author":{"name":"Assessoria","@id":"https:\/\/www.bienaleditora.com.br\/site\/#\/schema\/person\/d1a5a5a109d4fde6a4d5a867405cb50e"},"headline":"Um sucesso o superlan\u00e7amento do livro de Silvio Leite","datePublished":"2021-12-24T10:27:40+00:00","dateModified":"2021-12-24T10:36:57+00:00","mainEntityOfPage":{"@id":"https:\/\/www.bienaleditora.com.br\/site\/um-sucesso-o-superlancamento-do-livro-de-silvio-leite\/"},"wordCount":301,"publisher":{"@id":"https:\/\/www.bienaleditora.com.br\/site\/#organization"},"image":{"@id":"https:\/\/www.bienaleditora.com.br\/site\/um-sucesso-o-superlancamento-do-livro-de-silvio-leite\/#primaryimage"},"thumbnailUrl":"https:\/\/www.bienaleditora.com.br\/site\/wp-content\/uploads\/2021\/12\/SL-LAN\u00c7AMENTO4.jpg","articleSection":["M\u00eddia"],"inLanguage":"pt-BR"},{"@type":"WebPage","@id":"https:\/\/www.bienaleditora.com.br\/site\/um-sucesso-o-superlancamento-do-livro-de-silvio-leite\/","url":"https:\/\/www.bienaleditora.com.br\/site\/um-sucesso-o-superlancamento-do-livro-de-silvio-leite\/","name":"Um sucesso o superlan\u00e7amento do livro de Silvio Leite - Bienal Editora","isPartOf":{"@id":"https:\/\/www.bienaleditora.com.br\/site\/#website"},"primaryImageOfPage":{"@id":"https:\/\/www.bienaleditora.com.br\/site\/um-sucesso-o-superlancamento-do-livro-de-silvio-leite\/#primaryimage"},"image":{"@id":"https:\/\/www.bienaleditora.com.br\/site\/um-sucesso-o-superlancamento-do-livro-de-silvio-leite\/#primaryimage"},"thumbnailUrl":"https:\/\/www.bienaleditora.com.br\/site\/wp-content\/uploads\/2021\/12\/SL-LAN\u00c7AMENTO4.jpg","datePublished":"2021-12-24T10:27:40+00:00","dateModified":"2021-12-24T10:36:57+00:00","breadcrumb":{"@id":"https:\/\/www.bienaleditora.com.br\/site\/um-sucesso-o-superlancamento-do-livro-de-silvio-leite\/#breadcrumb"},"inLanguage":"pt-BR","potentialAction":[{"@type":"ReadAction","target":["https:\/\/www.bienaleditora.com.br\/site\/um-sucesso-o-superlancamento-do-livro-de-silvio-leite\/"]}]},{"@type":"ImageObject","inLanguage":"pt-BR","@id":"https:\/\/www.bienaleditora.com.br\/site\/um-sucesso-o-superlancamento-do-livro-de-silvio-leite\/#primaryimage","url":"https:\/\/www.bienaleditora.com.br\/site\/wp-content\/uploads\/2021\/12\/SL-LAN\u00c7AMENTO4.jpg","contentUrl":"https:\/\/www.bienaleditora.com.br\/site\/wp-content\/uploads\/2021\/12\/SL-LAN\u00c7AMENTO4.jpg","width":683,"height":455},{"@type":"BreadcrumbList","@id":"https:\/\/www.bienaleditora.com.br\/site\/um-sucesso-o-superlancamento-do-livro-de-silvio-leite\/#breadcrumb","itemListElement":[{"@type":"ListItem","position":1,"name":"Home","item":"https:\/\/www.bienaleditora.com.br\/site\/"},{"@type":"ListItem","position":2,"name":"Um sucesso o superlan\u00e7amento do livro de Silvio Leite"}]},{"@type":"WebSite","@id":"https:\/\/www.bienaleditora.com.br\/site\/#website","url":"https:\/\/www.bienaleditora.com.br\/site\/","name":"Bienal Editora","description":"Uma editora jovem, n\u00e3o s\u00f3 na idade \u2014 afinal foi fundada em dezembro de 2012 \u2014 mas no esp\u00edrito inovador de optar pela publica\u00e7\u00e3o de fic\u00e7\u00e3o e n\u00e3o fic\u00e7\u00e3o priorizando a qualidade, e n\u00e3o a quantidade de lan\u00e7amentos.","publisher":{"@id":"https:\/\/www.bienaleditora.com.br\/site\/#organization"},"potentialAction":[{"@type":"SearchAction","target":{"@type":"EntryPoint","urlTemplate":"https:\/\/www.bienaleditora.com.br\/site\/?s={search_term_string}"},"query-input":{"@type":"PropertyValueSpecification","valueRequired":true,"valueName":"search_term_string"}}],"inLanguage":"pt-BR"},{"@type":"Organization","@id":"https:\/\/www.bienaleditora.com.br\/site\/#organization","name":"Bienal Editora","url":"https:\/\/www.bienaleditora.com.br\/site\/","logo":{"@type":"ImageObject","inLanguage":"pt-BR","@id":"https:\/\/www.bienaleditora.com.br\/site\/#\/schema\/logo\/image\/","url":"https:\/\/www.bienaleditora.com.br\/site\/wp-content\/uploads\/2014\/01\/logomarca_png.png","contentUrl":"https:\/\/www.bienaleditora.com.br\/site\/wp-content\/uploads\/2014\/01\/logomarca_png.png","width":145,"height":79,"caption":"Bienal Editora"},"image":{"@id":"https:\/\/www.bienaleditora.com.br\/site\/#\/schema\/logo\/image\/"}},{"@type":"Person","@id":"https:\/\/www.bienaleditora.com.br\/site\/#\/schema\/person\/d1a5a5a109d4fde6a4d5a867405cb50e","name":"Assessoria","image":{"@type":"ImageObject","inLanguage":"pt-BR","@id":"https:\/\/secure.gravatar.com\/avatar\/088302c6d8ec3eb97a47edae64f76a44ece3934b3e2aa24f97d6e9765b8d98de?s=96&d=mm&r=g","url":"https:\/\/secure.gravatar.com\/avatar\/088302c6d8ec3eb97a47edae64f76a44ece3934b3e2aa24f97d6e9765b8d98de?s=96&d=mm&r=g","contentUrl":"https:\/\/secure.gravatar.com\/avatar\/088302c6d8ec3eb97a47edae64f76a44ece3934b3e2aa24f97d6e9765b8d98de?s=96&d=mm&r=g","caption":"Assessoria"},"url":"https:\/\/www.bienaleditora.com.br\/site\/author\/zozimo\/"}]}},"_links":{"self":[{"href":"https:\/\/www.bienaleditora.com.br\/site\/wp-json\/wp\/v2\/posts\/2783","targetHints":{"allow":["GET"]}}],"collection":[{"href":"https:\/\/www.bienaleditora.com.br\/site\/wp-json\/wp\/v2\/posts"}],"about":[{"href":"https:\/\/www.bienaleditora.com.br\/site\/wp-json\/wp\/v2\/types\/post"}],"author":[{"embeddable":true,"href":"https:\/\/www.bienaleditora.com.br\/site\/wp-json\/wp\/v2\/users\/2"}],"replies":[{"embeddable":true,"href":"https:\/\/www.bienaleditora.com.br\/site\/wp-json\/wp\/v2\/comments?post=2783"}],"version-history":[{"count":3,"href":"https:\/\/www.bienaleditora.com.br\/site\/wp-json\/wp\/v2\/posts\/2783\/revisions"}],"predecessor-version":[{"id":2794,"href":"https:\/\/www.bienaleditora.com.br\/site\/wp-json\/wp\/v2\/posts\/2783\/revisions\/2794"}],"wp:featuredmedia":[{"embeddable":true,"href":"https:\/\/www.bienaleditora.com.br\/site\/wp-json\/wp\/v2\/media\/2784"}],"wp:attachment":[{"href":"https:\/\/www.bienaleditora.com.br\/site\/wp-json\/wp\/v2\/media?parent=2783"}],"wp:term":[{"taxonomy":"category","embeddable":true,"href":"https:\/\/www.bienaleditora.com.br\/site\/wp-json\/wp\/v2\/categories?post=2783"},{"taxonomy":"post_tag","embeddable":true,"href":"https:\/\/www.bienaleditora.com.br\/site\/wp-json\/wp\/v2\/tags?post=2783"}],"curies":[{"name":"wp","href":"https:\/\/api.w.org\/{rel}","templated":true}]}}