{"id":2890,"date":"2022-06-01T16:11:44","date_gmt":"2022-06-01T19:11:44","guid":{"rendered":"https:\/\/www.bienaleditora.com.br\/site\/?p=2890"},"modified":"2022-06-01T16:21:03","modified_gmt":"2022-06-01T19:21:03","slug":"oton-lanca-seu-novo-livro-no-salipi","status":"publish","type":"post","link":"https:\/\/www.bienaleditora.com.br\/site\/oton-lanca-seu-novo-livro-no-salipi\/","title":{"rendered":"Oton lan\u00e7a seu novo livro no Salipi"},"content":{"rendered":"\n<p class=\"wp-block-paragraph\">O livro \u201c<strong>Em busca de uma rede na varanda<\/strong>\u201d, do escritor Oton Lustosa, ser\u00e1 lan\u00e7ado na 20\u00aa edi\u00e7\u00e3o do Sal\u00e3o do Livro do Piau\u00ed (Salipi), cuja abertura est\u00e1 marcada para a pr\u00f3xima sexta-feira, dia 3.<\/p>\n\n\n\n<p class=\"wp-block-paragraph\">O lan\u00e7amento da obra no Salipi ocorrer\u00e1 no dia 11 (s\u00e1bado), \u00e0s 18h, com apresenta\u00e7\u00e3o do professor Luiz Romero.<\/p>\n\n\n\n<p class=\"wp-block-paragraph\">O livro de Oton Lustosa foi lan\u00e7ado no \u00faltimo dia 14 na Academia Piauiense de Letras, onde o autor ocupa a Cadeira 5, com apresenta\u00e7\u00e3o da professora e acad\u00eamica Socorro Rios Magalh\u00e3es.<\/p>\n\n\n\n<p class=\"wp-block-paragraph\"><strong>Receptividade<\/strong><\/p>\n\n\n\n<p class=\"wp-block-paragraph\">\u201c<strong>Em busca de uma rede na varanda<\/strong>\u201d re\u00fane 12 contos sobre tem\u00e1tica variada, constru\u00eddos com singularidades inusitadas, sempre inspirados na vida e suas circunst\u00e2ncias.<\/p>\n\n\n\n<p class=\"wp-block-paragraph\">O livro, publicado pela <strong>Bienal<\/strong> Editora, vem despertando grande interesse dos leitores e aplausos da cr\u00edtica e do p\u00fablico, pois nele o autor retoma com maestria e desenvoltura a narrativa curta, um dos g\u00eaneros que domina na arte liter\u00e1ria.<\/p>\n\n\n\n<p class=\"wp-block-paragraph\">O livro j\u00e1 pode ser adquirido pelo site da editora e na Livraria Entrelivros. Durante todo o Salipi poder\u00e1 ser adquirido tamb\u00e9m no estande da Academia Piauiense de Letras.<\/p>\n","protected":false},"excerpt":{"rendered":"<p>O livro \u201cEm busca de uma rede na varanda\u201d, do escritor Oton Lustosa, ser\u00e1 lan\u00e7ado na 20\u00aa edi\u00e7\u00e3o do Sal\u00e3o do Livro do Piau\u00ed (Salipi), cuja abertura est\u00e1 marcada para a pr\u00f3xima sexta-feira, dia 3. O lan\u00e7amento da obra no Salipi ocorrer\u00e1 no dia 11 (s\u00e1bado), \u00e0s 18h, com apresenta\u00e7\u00e3o do professor Luiz Romero. O [&hellip;]<\/p>\n","protected":false},"author":2,"featured_media":2892,"comment_status":"closed","ping_status":"open","sticky":false,"template":"","format":"standard","meta":{"_acf_changed":false,"footnotes":""},"categories":[1],"tags":[],"class_list":["post-2890","post","type-post","status-publish","format-standard","has-post-thumbnail","hentry","category-midia"],"acf":[],"yoast_head":"<!-- This site is optimized with the Yoast SEO plugin v28.0 - https:\/\/yoast.com\/product\/yoast-seo-wordpress\/ -->\n<title>Oton lan\u00e7a seu novo livro no Salipi - Bienal Editora<\/title>\n<meta name=\"robots\" content=\"index, follow, max-snippet:-1, max-image-preview:large, max-video-preview:-1\" \/>\n<link rel=\"canonical\" href=\"https:\/\/www.bienaleditora.com.br\/site\/oton-lanca-seu-novo-livro-no-salipi\/\" \/>\n<meta property=\"og:locale\" content=\"pt_BR\" \/>\n<meta property=\"og:type\" content=\"article\" \/>\n<meta property=\"og:title\" content=\"Oton lan\u00e7a seu novo livro no Salipi - Bienal Editora\" \/>\n<meta property=\"og:description\" content=\"O livro \u201cEm busca de uma rede na varanda\u201d, do escritor Oton Lustosa, ser\u00e1 lan\u00e7ado na 20\u00aa edi\u00e7\u00e3o do Sal\u00e3o do Livro do Piau\u00ed (Salipi), cuja abertura est\u00e1 marcada para a pr\u00f3xima sexta-feira, dia 3. O lan\u00e7amento da obra no Salipi ocorrer\u00e1 no dia 11 (s\u00e1bado), \u00e0s 18h, com apresenta\u00e7\u00e3o do professor Luiz Romero. O [&hellip;]\" \/>\n<meta property=\"og:url\" content=\"https:\/\/www.bienaleditora.com.br\/site\/oton-lanca-seu-novo-livro-no-salipi\/\" \/>\n<meta property=\"og:site_name\" content=\"Bienal Editora\" \/>\n<meta property=\"article:published_time\" content=\"2022-06-01T19:11:44+00:00\" \/>\n<meta property=\"article:modified_time\" content=\"2022-06-01T19:21:03+00:00\" \/>\n<meta property=\"og:image\" content=\"https:\/\/www.bienaleditora.com.br\/site\/wp-content\/uploads\/2022\/06\/oton1.jpg\" \/>\n\t<meta property=\"og:image:width\" content=\"1483\" \/>\n\t<meta property=\"og:image:height\" content=\"1600\" \/>\n\t<meta property=\"og:image:type\" content=\"image\/jpeg\" \/>\n<meta name=\"author\" content=\"Assessoria\" \/>\n<meta name=\"twitter:card\" content=\"summary_large_image\" \/>\n<meta name=\"twitter:label1\" content=\"Escrito por\" \/>\n\t<meta name=\"twitter:data1\" content=\"Assessoria\" \/>\n\t<meta name=\"twitter:label2\" content=\"Est. tempo de leitura\" \/>\n\t<meta name=\"twitter:data2\" content=\"1 minuto\" \/>\n<script type=\"application\/ld+json\" class=\"yoast-schema-graph\">{\"@context\":\"https:\\\/\\\/schema.org\",\"@graph\":[{\"@type\":\"Article\",\"@id\":\"https:\\\/\\\/www.bienaleditora.com.br\\\/site\\\/oton-lanca-seu-novo-livro-no-salipi\\\/#article\",\"isPartOf\":{\"@id\":\"https:\\\/\\\/www.bienaleditora.com.br\\\/site\\\/oton-lanca-seu-novo-livro-no-salipi\\\/\"},\"author\":{\"name\":\"Assessoria\",\"@id\":\"https:\\\/\\\/www.bienaleditora.com.br\\\/site\\\/#\\\/schema\\\/person\\\/d1a5a5a109d4fde6a4d5a867405cb50e\"},\"headline\":\"Oton lan\u00e7a seu novo livro no Salipi\",\"datePublished\":\"2022-06-01T19:11:44+00:00\",\"dateModified\":\"2022-06-01T19:21:03+00:00\",\"mainEntityOfPage\":{\"@id\":\"https:\\\/\\\/www.bienaleditora.com.br\\\/site\\\/oton-lanca-seu-novo-livro-no-salipi\\\/\"},\"wordCount\":201,\"publisher\":{\"@id\":\"https:\\\/\\\/www.bienaleditora.com.br\\\/site\\\/#organization\"},\"image\":{\"@id\":\"https:\\\/\\\/www.bienaleditora.com.br\\\/site\\\/oton-lanca-seu-novo-livro-no-salipi\\\/#primaryimage\"},\"thumbnailUrl\":\"https:\\\/\\\/www.bienaleditora.com.br\\\/site\\\/wp-content\\\/uploads\\\/2022\\\/06\\\/oton1.jpg\",\"articleSection\":[\"M\u00eddia\"],\"inLanguage\":\"pt-BR\"},{\"@type\":\"WebPage\",\"@id\":\"https:\\\/\\\/www.bienaleditora.com.br\\\/site\\\/oton-lanca-seu-novo-livro-no-salipi\\\/\",\"url\":\"https:\\\/\\\/www.bienaleditora.com.br\\\/site\\\/oton-lanca-seu-novo-livro-no-salipi\\\/\",\"name\":\"Oton lan\u00e7a seu novo livro no Salipi - Bienal Editora\",\"isPartOf\":{\"@id\":\"https:\\\/\\\/www.bienaleditora.com.br\\\/site\\\/#website\"},\"primaryImageOfPage\":{\"@id\":\"https:\\\/\\\/www.bienaleditora.com.br\\\/site\\\/oton-lanca-seu-novo-livro-no-salipi\\\/#primaryimage\"},\"image\":{\"@id\":\"https:\\\/\\\/www.bienaleditora.com.br\\\/site\\\/oton-lanca-seu-novo-livro-no-salipi\\\/#primaryimage\"},\"thumbnailUrl\":\"https:\\\/\\\/www.bienaleditora.com.br\\\/site\\\/wp-content\\\/uploads\\\/2022\\\/06\\\/oton1.jpg\",\"datePublished\":\"2022-06-01T19:11:44+00:00\",\"dateModified\":\"2022-06-01T19:21:03+00:00\",\"breadcrumb\":{\"@id\":\"https:\\\/\\\/www.bienaleditora.com.br\\\/site\\\/oton-lanca-seu-novo-livro-no-salipi\\\/#breadcrumb\"},\"inLanguage\":\"pt-BR\",\"potentialAction\":[{\"@type\":\"ReadAction\",\"target\":[\"https:\\\/\\\/www.bienaleditora.com.br\\\/site\\\/oton-lanca-seu-novo-livro-no-salipi\\\/\"]}]},{\"@type\":\"ImageObject\",\"inLanguage\":\"pt-BR\",\"@id\":\"https:\\\/\\\/www.bienaleditora.com.br\\\/site\\\/oton-lanca-seu-novo-livro-no-salipi\\\/#primaryimage\",\"url\":\"https:\\\/\\\/www.bienaleditora.com.br\\\/site\\\/wp-content\\\/uploads\\\/2022\\\/06\\\/oton1.jpg\",\"contentUrl\":\"https:\\\/\\\/www.bienaleditora.com.br\\\/site\\\/wp-content\\\/uploads\\\/2022\\\/06\\\/oton1.jpg\",\"width\":1483,\"height\":1600},{\"@type\":\"BreadcrumbList\",\"@id\":\"https:\\\/\\\/www.bienaleditora.com.br\\\/site\\\/oton-lanca-seu-novo-livro-no-salipi\\\/#breadcrumb\",\"itemListElement\":[{\"@type\":\"ListItem\",\"position\":1,\"name\":\"Home\",\"item\":\"https:\\\/\\\/www.bienaleditora.com.br\\\/site\\\/\"},{\"@type\":\"ListItem\",\"position\":2,\"name\":\"Oton lan\u00e7a seu novo livro no Salipi\"}]},{\"@type\":\"WebSite\",\"@id\":\"https:\\\/\\\/www.bienaleditora.com.br\\\/site\\\/#website\",\"url\":\"https:\\\/\\\/www.bienaleditora.com.br\\\/site\\\/\",\"name\":\"Bienal Editora\",\"description\":\"Uma editora jovem, n\u00e3o s\u00f3 na idade \u2014 afinal foi fundada em dezembro de 2012 \u2014 mas no esp\u00edrito inovador de optar pela publica\u00e7\u00e3o de fic\u00e7\u00e3o e n\u00e3o fic\u00e7\u00e3o priorizando a qualidade, e n\u00e3o a quantidade de lan\u00e7amentos.\",\"publisher\":{\"@id\":\"https:\\\/\\\/www.bienaleditora.com.br\\\/site\\\/#organization\"},\"potentialAction\":[{\"@type\":\"SearchAction\",\"target\":{\"@type\":\"EntryPoint\",\"urlTemplate\":\"https:\\\/\\\/www.bienaleditora.com.br\\\/site\\\/?s={search_term_string}\"},\"query-input\":{\"@type\":\"PropertyValueSpecification\",\"valueRequired\":true,\"valueName\":\"search_term_string\"}}],\"inLanguage\":\"pt-BR\"},{\"@type\":\"Organization\",\"@id\":\"https:\\\/\\\/www.bienaleditora.com.br\\\/site\\\/#organization\",\"name\":\"Bienal Editora\",\"url\":\"https:\\\/\\\/www.bienaleditora.com.br\\\/site\\\/\",\"logo\":{\"@type\":\"ImageObject\",\"inLanguage\":\"pt-BR\",\"@id\":\"https:\\\/\\\/www.bienaleditora.com.br\\\/site\\\/#\\\/schema\\\/logo\\\/image\\\/\",\"url\":\"https:\\\/\\\/www.bienaleditora.com.br\\\/site\\\/wp-content\\\/uploads\\\/2014\\\/01\\\/logomarca_png.png\",\"contentUrl\":\"https:\\\/\\\/www.bienaleditora.com.br\\\/site\\\/wp-content\\\/uploads\\\/2014\\\/01\\\/logomarca_png.png\",\"width\":145,\"height\":79,\"caption\":\"Bienal Editora\"},\"image\":{\"@id\":\"https:\\\/\\\/www.bienaleditora.com.br\\\/site\\\/#\\\/schema\\\/logo\\\/image\\\/\"}},{\"@type\":\"Person\",\"@id\":\"https:\\\/\\\/www.bienaleditora.com.br\\\/site\\\/#\\\/schema\\\/person\\\/d1a5a5a109d4fde6a4d5a867405cb50e\",\"name\":\"Assessoria\",\"image\":{\"@type\":\"ImageObject\",\"inLanguage\":\"pt-BR\",\"@id\":\"https:\\\/\\\/secure.gravatar.com\\\/avatar\\\/088302c6d8ec3eb97a47edae64f76a44ece3934b3e2aa24f97d6e9765b8d98de?s=96&d=mm&r=g\",\"url\":\"https:\\\/\\\/secure.gravatar.com\\\/avatar\\\/088302c6d8ec3eb97a47edae64f76a44ece3934b3e2aa24f97d6e9765b8d98de?s=96&d=mm&r=g\",\"contentUrl\":\"https:\\\/\\\/secure.gravatar.com\\\/avatar\\\/088302c6d8ec3eb97a47edae64f76a44ece3934b3e2aa24f97d6e9765b8d98de?s=96&d=mm&r=g\",\"caption\":\"Assessoria\"},\"url\":\"https:\\\/\\\/www.bienaleditora.com.br\\\/site\\\/author\\\/zozimo\\\/\"}]}<\/script>\n<!-- \/ Yoast SEO plugin. -->","yoast_head_json":{"title":"Oton lan\u00e7a seu novo livro no Salipi - Bienal Editora","robots":{"index":"index","follow":"follow","max-snippet":"max-snippet:-1","max-image-preview":"max-image-preview:large","max-video-preview":"max-video-preview:-1"},"canonical":"https:\/\/www.bienaleditora.com.br\/site\/oton-lanca-seu-novo-livro-no-salipi\/","og_locale":"pt_BR","og_type":"article","og_title":"Oton lan\u00e7a seu novo livro no Salipi - Bienal Editora","og_description":"O livro \u201cEm busca de uma rede na varanda\u201d, do escritor Oton Lustosa, ser\u00e1 lan\u00e7ado na 20\u00aa edi\u00e7\u00e3o do Sal\u00e3o do Livro do Piau\u00ed (Salipi), cuja abertura est\u00e1 marcada para a pr\u00f3xima sexta-feira, dia 3. O lan\u00e7amento da obra no Salipi ocorrer\u00e1 no dia 11 (s\u00e1bado), \u00e0s 18h, com apresenta\u00e7\u00e3o do professor Luiz Romero. O [&hellip;]","og_url":"https:\/\/www.bienaleditora.com.br\/site\/oton-lanca-seu-novo-livro-no-salipi\/","og_site_name":"Bienal Editora","article_published_time":"2022-06-01T19:11:44+00:00","article_modified_time":"2022-06-01T19:21:03+00:00","og_image":[{"width":1483,"height":1600,"url":"https:\/\/www.bienaleditora.com.br\/site\/wp-content\/uploads\/2022\/06\/oton1.jpg","type":"image\/jpeg"}],"author":"Assessoria","twitter_card":"summary_large_image","twitter_misc":{"Escrito por":"Assessoria","Est. tempo de leitura":"1 minuto"},"schema":{"@context":"https:\/\/schema.org","@graph":[{"@type":"Article","@id":"https:\/\/www.bienaleditora.com.br\/site\/oton-lanca-seu-novo-livro-no-salipi\/#article","isPartOf":{"@id":"https:\/\/www.bienaleditora.com.br\/site\/oton-lanca-seu-novo-livro-no-salipi\/"},"author":{"name":"Assessoria","@id":"https:\/\/www.bienaleditora.com.br\/site\/#\/schema\/person\/d1a5a5a109d4fde6a4d5a867405cb50e"},"headline":"Oton lan\u00e7a seu novo livro no Salipi","datePublished":"2022-06-01T19:11:44+00:00","dateModified":"2022-06-01T19:21:03+00:00","mainEntityOfPage":{"@id":"https:\/\/www.bienaleditora.com.br\/site\/oton-lanca-seu-novo-livro-no-salipi\/"},"wordCount":201,"publisher":{"@id":"https:\/\/www.bienaleditora.com.br\/site\/#organization"},"image":{"@id":"https:\/\/www.bienaleditora.com.br\/site\/oton-lanca-seu-novo-livro-no-salipi\/#primaryimage"},"thumbnailUrl":"https:\/\/www.bienaleditora.com.br\/site\/wp-content\/uploads\/2022\/06\/oton1.jpg","articleSection":["M\u00eddia"],"inLanguage":"pt-BR"},{"@type":"WebPage","@id":"https:\/\/www.bienaleditora.com.br\/site\/oton-lanca-seu-novo-livro-no-salipi\/","url":"https:\/\/www.bienaleditora.com.br\/site\/oton-lanca-seu-novo-livro-no-salipi\/","name":"Oton lan\u00e7a seu novo livro no Salipi - Bienal Editora","isPartOf":{"@id":"https:\/\/www.bienaleditora.com.br\/site\/#website"},"primaryImageOfPage":{"@id":"https:\/\/www.bienaleditora.com.br\/site\/oton-lanca-seu-novo-livro-no-salipi\/#primaryimage"},"image":{"@id":"https:\/\/www.bienaleditora.com.br\/site\/oton-lanca-seu-novo-livro-no-salipi\/#primaryimage"},"thumbnailUrl":"https:\/\/www.bienaleditora.com.br\/site\/wp-content\/uploads\/2022\/06\/oton1.jpg","datePublished":"2022-06-01T19:11:44+00:00","dateModified":"2022-06-01T19:21:03+00:00","breadcrumb":{"@id":"https:\/\/www.bienaleditora.com.br\/site\/oton-lanca-seu-novo-livro-no-salipi\/#breadcrumb"},"inLanguage":"pt-BR","potentialAction":[{"@type":"ReadAction","target":["https:\/\/www.bienaleditora.com.br\/site\/oton-lanca-seu-novo-livro-no-salipi\/"]}]},{"@type":"ImageObject","inLanguage":"pt-BR","@id":"https:\/\/www.bienaleditora.com.br\/site\/oton-lanca-seu-novo-livro-no-salipi\/#primaryimage","url":"https:\/\/www.bienaleditora.com.br\/site\/wp-content\/uploads\/2022\/06\/oton1.jpg","contentUrl":"https:\/\/www.bienaleditora.com.br\/site\/wp-content\/uploads\/2022\/06\/oton1.jpg","width":1483,"height":1600},{"@type":"BreadcrumbList","@id":"https:\/\/www.bienaleditora.com.br\/site\/oton-lanca-seu-novo-livro-no-salipi\/#breadcrumb","itemListElement":[{"@type":"ListItem","position":1,"name":"Home","item":"https:\/\/www.bienaleditora.com.br\/site\/"},{"@type":"ListItem","position":2,"name":"Oton lan\u00e7a seu novo livro no Salipi"}]},{"@type":"WebSite","@id":"https:\/\/www.bienaleditora.com.br\/site\/#website","url":"https:\/\/www.bienaleditora.com.br\/site\/","name":"Bienal Editora","description":"Uma editora jovem, n\u00e3o s\u00f3 na idade \u2014 afinal foi fundada em dezembro de 2012 \u2014 mas no esp\u00edrito inovador de optar pela publica\u00e7\u00e3o de fic\u00e7\u00e3o e n\u00e3o fic\u00e7\u00e3o priorizando a qualidade, e n\u00e3o a quantidade de lan\u00e7amentos.","publisher":{"@id":"https:\/\/www.bienaleditora.com.br\/site\/#organization"},"potentialAction":[{"@type":"SearchAction","target":{"@type":"EntryPoint","urlTemplate":"https:\/\/www.bienaleditora.com.br\/site\/?s={search_term_string}"},"query-input":{"@type":"PropertyValueSpecification","valueRequired":true,"valueName":"search_term_string"}}],"inLanguage":"pt-BR"},{"@type":"Organization","@id":"https:\/\/www.bienaleditora.com.br\/site\/#organization","name":"Bienal Editora","url":"https:\/\/www.bienaleditora.com.br\/site\/","logo":{"@type":"ImageObject","inLanguage":"pt-BR","@id":"https:\/\/www.bienaleditora.com.br\/site\/#\/schema\/logo\/image\/","url":"https:\/\/www.bienaleditora.com.br\/site\/wp-content\/uploads\/2014\/01\/logomarca_png.png","contentUrl":"https:\/\/www.bienaleditora.com.br\/site\/wp-content\/uploads\/2014\/01\/logomarca_png.png","width":145,"height":79,"caption":"Bienal Editora"},"image":{"@id":"https:\/\/www.bienaleditora.com.br\/site\/#\/schema\/logo\/image\/"}},{"@type":"Person","@id":"https:\/\/www.bienaleditora.com.br\/site\/#\/schema\/person\/d1a5a5a109d4fde6a4d5a867405cb50e","name":"Assessoria","image":{"@type":"ImageObject","inLanguage":"pt-BR","@id":"https:\/\/secure.gravatar.com\/avatar\/088302c6d8ec3eb97a47edae64f76a44ece3934b3e2aa24f97d6e9765b8d98de?s=96&d=mm&r=g","url":"https:\/\/secure.gravatar.com\/avatar\/088302c6d8ec3eb97a47edae64f76a44ece3934b3e2aa24f97d6e9765b8d98de?s=96&d=mm&r=g","contentUrl":"https:\/\/secure.gravatar.com\/avatar\/088302c6d8ec3eb97a47edae64f76a44ece3934b3e2aa24f97d6e9765b8d98de?s=96&d=mm&r=g","caption":"Assessoria"},"url":"https:\/\/www.bienaleditora.com.br\/site\/author\/zozimo\/"}]}},"_links":{"self":[{"href":"https:\/\/www.bienaleditora.com.br\/site\/wp-json\/wp\/v2\/posts\/2890","targetHints":{"allow":["GET"]}}],"collection":[{"href":"https:\/\/www.bienaleditora.com.br\/site\/wp-json\/wp\/v2\/posts"}],"about":[{"href":"https:\/\/www.bienaleditora.com.br\/site\/wp-json\/wp\/v2\/types\/post"}],"author":[{"embeddable":true,"href":"https:\/\/www.bienaleditora.com.br\/site\/wp-json\/wp\/v2\/users\/2"}],"replies":[{"embeddable":true,"href":"https:\/\/www.bienaleditora.com.br\/site\/wp-json\/wp\/v2\/comments?post=2890"}],"version-history":[{"count":2,"href":"https:\/\/www.bienaleditora.com.br\/site\/wp-json\/wp\/v2\/posts\/2890\/revisions"}],"predecessor-version":[{"id":2893,"href":"https:\/\/www.bienaleditora.com.br\/site\/wp-json\/wp\/v2\/posts\/2890\/revisions\/2893"}],"wp:featuredmedia":[{"embeddable":true,"href":"https:\/\/www.bienaleditora.com.br\/site\/wp-json\/wp\/v2\/media\/2892"}],"wp:attachment":[{"href":"https:\/\/www.bienaleditora.com.br\/site\/wp-json\/wp\/v2\/media?parent=2890"}],"wp:term":[{"taxonomy":"category","embeddable":true,"href":"https:\/\/www.bienaleditora.com.br\/site\/wp-json\/wp\/v2\/categories?post=2890"},{"taxonomy":"post_tag","embeddable":true,"href":"https:\/\/www.bienaleditora.com.br\/site\/wp-json\/wp\/v2\/tags?post=2890"}],"curies":[{"name":"wp","href":"https:\/\/api.w.org\/{rel}","templated":true}]}}