{"id":3219,"date":"2024-03-06T07:39:23","date_gmt":"2024-03-06T10:39:23","guid":{"rendered":"https:\/\/www.bienaleditora.com.br\/site\/?p=3219"},"modified":"2024-03-06T08:49:02","modified_gmt":"2024-03-06T11:49:02","slug":"renda-do-lancamento-do-livro-de-wilson-martins-sera-doada-a-instituicoes-sociais","status":"publish","type":"post","link":"https:\/\/www.bienaleditora.com.br\/site\/renda-do-lancamento-do-livro-de-wilson-martins-sera-doada-a-instituicoes-sociais\/","title":{"rendered":"Renda do lan\u00e7amento do livro de Wilson Martins ser\u00e1 doada a institui\u00e7\u00f5es sociais"},"content":{"rendered":"<p>A renda do lan\u00e7amento do livro <em>Bacia do Canind\u00e9<\/em>, de autoria do ex-governador Wilson Martins, ser\u00e1 revertida para as atividades de duas institui\u00e7\u00f5es que lidam com a\u00e7\u00f5es culturais e sociais no Piau\u00ed, a Funda\u00e7\u00e3o Cultural Cristo Rei e a Funda\u00e7\u00e3o Maria Carvalho Santos.<\/p><p>A Funda\u00e7\u00e3o Cultural Cristo Rei mant\u00e9m o Museu Dom Avelar Brand\u00e3o Vilela, no bairro Cristo Rei, zona Sul de Teresina (<em>foto em destaque<\/em>).<\/p><p>Inaugurado em 2019, o museu tem um acervo de 21.400 itens, sendo 14.800 moedas, dentre elas algumas datadas de antes de Jesus Cristo.<\/p><p>O museu abriga biblioteca, o Setor de Arqueologia, um audit\u00f3rio e salas de Reserva T\u00e9cnica (veja aqui: &nbsp;<a href=\"https:\/\/instagram.com\/museudomavelar\" target=\"_blank\" rel=\"noreferrer noopener\">https:\/\/instagram.com\/museudomavelar<\/a>)<\/p><p>O acervo come\u00e7ou a ser constitu\u00eddo a partir das cole\u00e7\u00f5es pessoais de moedas, selos e min\u00e9rios do Pe. Pedro Maione, frutos de viagens \u00e0 Europa e da doa\u00e7\u00e3o de amigos, parentes e jesu\u00edtas.<\/p><p>As cole\u00e7\u00f5es se dividem em: Numism\u00e1tica (moedas), Filatelia (selos), Arqueologia, Conquiliologia (conchas), Mineralogia, F\u00f3sseis, Animais taxidermizados, Zoologia e Arte popular mundial.<\/p><p><strong>Luta contra o c\u00e2ncer<\/strong><\/p><p>J\u00e1 a Funda\u00e7\u00e3o Maria Carvalho Santos \u00e9 uma institui\u00e7\u00e3o sem fins lucrativos com sede em Teresina que atua nos Estados do Maranh\u00e3o, Piau\u00ed, Cear\u00e1 e Tocantins na promo\u00e7\u00e3o do diagn\u00f3stico precoce do c\u00e2ncer de mama, educa\u00e7\u00e3o em sa\u00fade, pr\u00e1ticas de advocacy e adapta\u00e7\u00e3o social das mulheres com c\u00e2ncer de mama, doando pr\u00f3teses, perucas, medicamentos, etc.<\/p><p>A entidade re\u00fane volunt\u00e1rios para promover suas a\u00e7\u00f5es e, na medida que disp\u00f5e de recursos, realiza seus 51 projetos voltados para a problem\u00e1tica do c\u00e2ncer de mama.<\/p><p>Todas as pessoas com c\u00e2ncer de mama s\u00e3o atendidas gratuitamente na sua sede, situada na Rua S\u00e3o Pedro, 3113, bairro Ilhotas.<\/p><p>H\u00e1 tamb\u00e9m uma farm\u00e1cia solid\u00e1ria mantida pela institui\u00e7\u00e3o.<\/p><p>Em 22 anos de atua\u00e7\u00e3o j\u00e1 atendeu mais de 200 mil mulheres. Todos os anos, realiza o Movimento Outubro Rosa.<\/p><p><strong>O livro<\/strong><\/p><p>O livro <em>Bacia do Canind\u00e9 <\/em>sai pela Bienal Editora em edi\u00e7\u00e3o de luxo, capa dura e papel couch\u00ea, com imagens coloridas. Tem 495 p\u00e1ginas e no lan\u00e7amento ser\u00e1 vendido a R$ 100 o exemplar.<\/p><p>(<em>Fonte: https:\/\/afonte.org.br\/site\/a-fundacao<\/em>\/)<\/p><figure class=\"wp-block-image size-full\"><a href=\"https:\/\/www.bienaleditora.com.br\/site\/wp-content\/uploads\/2024\/03\/Museu2.jpg\"><img fetchpriority=\"high\" decoding=\"async\" width=\"1024\" height=\"768\" src=\"https:\/\/www.bienaleditora.com.br\/site\/wp-content\/uploads\/2024\/03\/Museu2.jpg\" alt=\"\" class=\"wp-image-3222\" srcset=\"https:\/\/www.bienaleditora.com.br\/site\/wp-content\/uploads\/2024\/03\/Museu2.jpg 1024w, https:\/\/www.bienaleditora.com.br\/site\/wp-content\/uploads\/2024\/03\/Museu2-600x450.jpg 600w, https:\/\/www.bienaleditora.com.br\/site\/wp-content\/uploads\/2024\/03\/Museu2-300x225.jpg 300w, https:\/\/www.bienaleditora.com.br\/site\/wp-content\/uploads\/2024\/03\/Museu2-768x576.jpg 768w, https:\/\/www.bienaleditora.com.br\/site\/wp-content\/uploads\/2024\/03\/Museu2-100x75.jpg 100w, https:\/\/www.bienaleditora.com.br\/site\/wp-content\/uploads\/2024\/03\/Museu2-480x360.jpg 480w\" sizes=\"(max-width: 1024px) 100vw, 1024px\" \/><\/a><\/figure><p><em>Do acervo do Museu Dom Avelar\/Imagem: Jacinto Teles\/JTNews<\/em><\/p><p><\/p><figure class=\"wp-block-image size-full\"><a href=\"https:\/\/www.bienaleditora.com.br\/site\/wp-content\/uploads\/2024\/03\/Fundacao-Maria-Carvalho-Santos.webp\"><img decoding=\"async\" width=\"1024\" height=\"586\" src=\"https:\/\/www.bienaleditora.com.br\/site\/wp-content\/uploads\/2024\/03\/Fundacao-Maria-Carvalho-Santos.webp\" alt=\"\" class=\"wp-image-3221\" srcset=\"https:\/\/www.bienaleditora.com.br\/site\/wp-content\/uploads\/2024\/03\/Fundacao-Maria-Carvalho-Santos.webp 1024w, https:\/\/www.bienaleditora.com.br\/site\/wp-content\/uploads\/2024\/03\/Fundacao-Maria-Carvalho-Santos-600x343.webp 600w, https:\/\/www.bienaleditora.com.br\/site\/wp-content\/uploads\/2024\/03\/Fundacao-Maria-Carvalho-Santos-300x172.webp 300w, https:\/\/www.bienaleditora.com.br\/site\/wp-content\/uploads\/2024\/03\/Fundacao-Maria-Carvalho-Santos-768x440.webp 768w, https:\/\/www.bienaleditora.com.br\/site\/wp-content\/uploads\/2024\/03\/Fundacao-Maria-Carvalho-Santos-131x75.webp 131w, https:\/\/www.bienaleditora.com.br\/site\/wp-content\/uploads\/2024\/03\/Fundacao-Maria-Carvalho-Santos-480x275.webp 480w\" sizes=\"(max-width: 1024px) 100vw, 1024px\" \/><\/a><\/figure><p><em>Funda\u00e7\u00e3o Maria Carvalho Santos<\/em><\/p><figure class=\"wp-block-image size-large\"><a href=\"https:\/\/www.bienaleditora.com.br\/site\/wp-content\/uploads\/2024\/03\/1-1.jpeg\"><img decoding=\"async\" width=\"814\" height=\"1024\" src=\"https:\/\/www.bienaleditora.com.br\/site\/wp-content\/uploads\/2024\/03\/1-1-814x1024.jpeg\" alt=\"\" class=\"wp-image-3229\" srcset=\"https:\/\/www.bienaleditora.com.br\/site\/wp-content\/uploads\/2024\/03\/1-1-814x1024.jpeg 814w, https:\/\/www.bienaleditora.com.br\/site\/wp-content\/uploads\/2024\/03\/1-1-600x754.jpeg 600w, https:\/\/www.bienaleditora.com.br\/site\/wp-content\/uploads\/2024\/03\/1-1-239x300.jpeg 239w, https:\/\/www.bienaleditora.com.br\/site\/wp-content\/uploads\/2024\/03\/1-1-768x966.jpeg 768w, https:\/\/www.bienaleditora.com.br\/site\/wp-content\/uploads\/2024\/03\/1-1-60x75.jpeg 60w, https:\/\/www.bienaleditora.com.br\/site\/wp-content\/uploads\/2024\/03\/1-1-480x604.jpeg 480w, https:\/\/www.bienaleditora.com.br\/site\/wp-content\/uploads\/2024\/03\/1-1.jpeg 1018w\" sizes=\"(max-width: 814px) 100vw, 814px\" \/><\/a><\/figure><p><em>Capa do livro Bacia do Canind\u00e9.<\/em><\/p>","protected":false},"excerpt":{"rendered":"<p>A renda do lan\u00e7amento do livro Bacia do Canind\u00e9, de autoria do ex-governador Wilson Martins, ser\u00e1 revertida para as atividades de duas institui\u00e7\u00f5es que lidam com a\u00e7\u00f5es culturais e sociais no Piau\u00ed, a Funda\u00e7\u00e3o Cultural Cristo Rei e a Funda\u00e7\u00e3o Maria Carvalho Santos. A Funda\u00e7\u00e3o Cultural Cristo Rei mant\u00e9m o Museu Dom Avelar Brand\u00e3o Vilela, [&hellip;]<\/p>\n","protected":false},"author":2,"featured_media":3220,"comment_status":"closed","ping_status":"open","sticky":false,"template":"","format":"standard","meta":{"_acf_changed":false,"footnotes":""},"categories":[4],"tags":[100,106,148],"class_list":["post-3219","post","type-post","status-publish","format-standard","has-post-thumbnail","hentry","category-blog","tag-lancamento","tag-livro","tag-wilson-martins-2"],"acf":[],"yoast_head":"<!-- This site is optimized with the Yoast SEO plugin v26.7 - https:\/\/yoast.com\/wordpress\/plugins\/seo\/ -->\n<title>Renda do lan\u00e7amento do livro de Wilson Martins ser\u00e1 doada a institui\u00e7\u00f5es sociais - Bienal Editora<\/title>\n<meta name=\"robots\" content=\"index, follow, max-snippet:-1, max-image-preview:large, max-video-preview:-1\" \/>\n<link rel=\"canonical\" href=\"https:\/\/www.bienaleditora.com.br\/site\/renda-do-lancamento-do-livro-de-wilson-martins-sera-doada-a-instituicoes-sociais\/\" \/>\n<meta property=\"og:locale\" content=\"pt_BR\" \/>\n<meta property=\"og:type\" content=\"article\" \/>\n<meta property=\"og:title\" content=\"Renda do lan\u00e7amento do livro de Wilson Martins ser\u00e1 doada a institui\u00e7\u00f5es sociais - Bienal Editora\" \/>\n<meta property=\"og:description\" content=\"A renda do lan\u00e7amento do livro Bacia do Canind\u00e9, de autoria do ex-governador Wilson Martins, ser\u00e1 revertida para as atividades de duas institui\u00e7\u00f5es que lidam com a\u00e7\u00f5es culturais e sociais no Piau\u00ed, a Funda\u00e7\u00e3o Cultural Cristo Rei e a Funda\u00e7\u00e3o Maria Carvalho Santos. A Funda\u00e7\u00e3o Cultural Cristo Rei mant\u00e9m o Museu Dom Avelar Brand\u00e3o Vilela, [&hellip;]\" \/>\n<meta property=\"og:url\" content=\"https:\/\/www.bienaleditora.com.br\/site\/renda-do-lancamento-do-livro-de-wilson-martins-sera-doada-a-instituicoes-sociais\/\" \/>\n<meta property=\"og:site_name\" content=\"Bienal Editora\" \/>\n<meta property=\"article:published_time\" content=\"2024-03-06T10:39:23+00:00\" \/>\n<meta property=\"article:modified_time\" content=\"2024-03-06T11:49:02+00:00\" \/>\n<meta property=\"og:image\" content=\"https:\/\/www.bienaleditora.com.br\/site\/wp-content\/uploads\/2024\/03\/Museu-D-Avelar.jpeg\" \/>\n\t<meta property=\"og:image:width\" content=\"750\" \/>\n\t<meta property=\"og:image:height\" content=\"500\" \/>\n\t<meta property=\"og:image:type\" content=\"image\/jpeg\" \/>\n<meta name=\"author\" content=\"Assessoria\" \/>\n<meta name=\"twitter:card\" content=\"summary_large_image\" \/>\n<meta name=\"twitter:label1\" content=\"Escrito por\" \/>\n\t<meta name=\"twitter:data1\" content=\"Assessoria\" \/>\n\t<meta name=\"twitter:label2\" content=\"Est. tempo de leitura\" \/>\n\t<meta name=\"twitter:data2\" content=\"2 minutos\" \/>\n<script type=\"application\/ld+json\" class=\"yoast-schema-graph\">{\"@context\":\"https:\/\/schema.org\",\"@graph\":[{\"@type\":\"Article\",\"@id\":\"https:\/\/www.bienaleditora.com.br\/site\/renda-do-lancamento-do-livro-de-wilson-martins-sera-doada-a-instituicoes-sociais\/#article\",\"isPartOf\":{\"@id\":\"https:\/\/www.bienaleditora.com.br\/site\/renda-do-lancamento-do-livro-de-wilson-martins-sera-doada-a-instituicoes-sociais\/\"},\"author\":{\"name\":\"Assessoria\",\"@id\":\"https:\/\/www.bienaleditora.com.br\/site\/#\/schema\/person\/d1a5a5a109d4fde6a4d5a867405cb50e\"},\"headline\":\"Renda do lan\u00e7amento do livro de Wilson Martins ser\u00e1 doada a institui\u00e7\u00f5es sociais\",\"datePublished\":\"2024-03-06T10:39:23+00:00\",\"dateModified\":\"2024-03-06T11:49:02+00:00\",\"mainEntityOfPage\":{\"@id\":\"https:\/\/www.bienaleditora.com.br\/site\/renda-do-lancamento-do-livro-de-wilson-martins-sera-doada-a-instituicoes-sociais\/\"},\"wordCount\":417,\"publisher\":{\"@id\":\"https:\/\/www.bienaleditora.com.br\/site\/#organization\"},\"image\":{\"@id\":\"https:\/\/www.bienaleditora.com.br\/site\/renda-do-lancamento-do-livro-de-wilson-martins-sera-doada-a-instituicoes-sociais\/#primaryimage\"},\"thumbnailUrl\":\"https:\/\/www.bienaleditora.com.br\/site\/wp-content\/uploads\/2024\/03\/Museu-D-Avelar.jpeg\",\"keywords\":[\"Lan\u00e7amento\",\"Livro\",\"Wilson Martins.\"],\"articleSection\":[\"blog\"],\"inLanguage\":\"pt-BR\"},{\"@type\":\"WebPage\",\"@id\":\"https:\/\/www.bienaleditora.com.br\/site\/renda-do-lancamento-do-livro-de-wilson-martins-sera-doada-a-instituicoes-sociais\/\",\"url\":\"https:\/\/www.bienaleditora.com.br\/site\/renda-do-lancamento-do-livro-de-wilson-martins-sera-doada-a-instituicoes-sociais\/\",\"name\":\"Renda do lan\u00e7amento do livro de Wilson Martins ser\u00e1 doada a institui\u00e7\u00f5es sociais - Bienal Editora\",\"isPartOf\":{\"@id\":\"https:\/\/www.bienaleditora.com.br\/site\/#website\"},\"primaryImageOfPage\":{\"@id\":\"https:\/\/www.bienaleditora.com.br\/site\/renda-do-lancamento-do-livro-de-wilson-martins-sera-doada-a-instituicoes-sociais\/#primaryimage\"},\"image\":{\"@id\":\"https:\/\/www.bienaleditora.com.br\/site\/renda-do-lancamento-do-livro-de-wilson-martins-sera-doada-a-instituicoes-sociais\/#primaryimage\"},\"thumbnailUrl\":\"https:\/\/www.bienaleditora.com.br\/site\/wp-content\/uploads\/2024\/03\/Museu-D-Avelar.jpeg\",\"datePublished\":\"2024-03-06T10:39:23+00:00\",\"dateModified\":\"2024-03-06T11:49:02+00:00\",\"breadcrumb\":{\"@id\":\"https:\/\/www.bienaleditora.com.br\/site\/renda-do-lancamento-do-livro-de-wilson-martins-sera-doada-a-instituicoes-sociais\/#breadcrumb\"},\"inLanguage\":\"pt-BR\",\"potentialAction\":[{\"@type\":\"ReadAction\",\"target\":[\"https:\/\/www.bienaleditora.com.br\/site\/renda-do-lancamento-do-livro-de-wilson-martins-sera-doada-a-instituicoes-sociais\/\"]}]},{\"@type\":\"ImageObject\",\"inLanguage\":\"pt-BR\",\"@id\":\"https:\/\/www.bienaleditora.com.br\/site\/renda-do-lancamento-do-livro-de-wilson-martins-sera-doada-a-instituicoes-sociais\/#primaryimage\",\"url\":\"https:\/\/www.bienaleditora.com.br\/site\/wp-content\/uploads\/2024\/03\/Museu-D-Avelar.jpeg\",\"contentUrl\":\"https:\/\/www.bienaleditora.com.br\/site\/wp-content\/uploads\/2024\/03\/Museu-D-Avelar.jpeg\",\"width\":750,\"height\":500,\"caption\":\"Museu Dom Avelar\/Imagem: Geleia Total\"},{\"@type\":\"BreadcrumbList\",\"@id\":\"https:\/\/www.bienaleditora.com.br\/site\/renda-do-lancamento-do-livro-de-wilson-martins-sera-doada-a-instituicoes-sociais\/#breadcrumb\",\"itemListElement\":[{\"@type\":\"ListItem\",\"position\":1,\"name\":\"Home\",\"item\":\"https:\/\/www.bienaleditora.com.br\/site\/\"},{\"@type\":\"ListItem\",\"position\":2,\"name\":\"Renda do lan\u00e7amento do livro de Wilson Martins ser\u00e1 doada a institui\u00e7\u00f5es sociais\"}]},{\"@type\":\"WebSite\",\"@id\":\"https:\/\/www.bienaleditora.com.br\/site\/#website\",\"url\":\"https:\/\/www.bienaleditora.com.br\/site\/\",\"name\":\"Bienal Editora\",\"description\":\"Uma editora jovem, n\u00e3o s\u00f3 na idade \u2014 afinal foi fundada em dezembro de 2012 \u2014 mas no esp\u00edrito inovador de optar pela publica\u00e7\u00e3o de fic\u00e7\u00e3o e n\u00e3o fic\u00e7\u00e3o priorizando a qualidade, e n\u00e3o a quantidade de lan\u00e7amentos.\",\"publisher\":{\"@id\":\"https:\/\/www.bienaleditora.com.br\/site\/#organization\"},\"potentialAction\":[{\"@type\":\"SearchAction\",\"target\":{\"@type\":\"EntryPoint\",\"urlTemplate\":\"https:\/\/www.bienaleditora.com.br\/site\/?s={search_term_string}\"},\"query-input\":{\"@type\":\"PropertyValueSpecification\",\"valueRequired\":true,\"valueName\":\"search_term_string\"}}],\"inLanguage\":\"pt-BR\"},{\"@type\":\"Organization\",\"@id\":\"https:\/\/www.bienaleditora.com.br\/site\/#organization\",\"name\":\"Bienal Editora\",\"url\":\"https:\/\/www.bienaleditora.com.br\/site\/\",\"logo\":{\"@type\":\"ImageObject\",\"inLanguage\":\"pt-BR\",\"@id\":\"https:\/\/www.bienaleditora.com.br\/site\/#\/schema\/logo\/image\/\",\"url\":\"https:\/\/www.bienaleditora.com.br\/site\/wp-content\/uploads\/2014\/01\/logomarca_png.png\",\"contentUrl\":\"https:\/\/www.bienaleditora.com.br\/site\/wp-content\/uploads\/2014\/01\/logomarca_png.png\",\"width\":145,\"height\":79,\"caption\":\"Bienal Editora\"},\"image\":{\"@id\":\"https:\/\/www.bienaleditora.com.br\/site\/#\/schema\/logo\/image\/\"}},{\"@type\":\"Person\",\"@id\":\"https:\/\/www.bienaleditora.com.br\/site\/#\/schema\/person\/d1a5a5a109d4fde6a4d5a867405cb50e\",\"name\":\"Assessoria\",\"image\":{\"@type\":\"ImageObject\",\"inLanguage\":\"pt-BR\",\"@id\":\"https:\/\/www.bienaleditora.com.br\/site\/#\/schema\/person\/image\/\",\"url\":\"https:\/\/secure.gravatar.com\/avatar\/fe245404998dfc514ff4b58c7565d7ef?s=96&d=mm&r=g\",\"contentUrl\":\"https:\/\/secure.gravatar.com\/avatar\/fe245404998dfc514ff4b58c7565d7ef?s=96&d=mm&r=g\",\"caption\":\"Assessoria\"},\"url\":\"https:\/\/www.bienaleditora.com.br\/site\/author\/zozimo\/\"}]}<\/script>\n<!-- \/ Yoast SEO plugin. -->","yoast_head_json":{"title":"Renda do lan\u00e7amento do livro de Wilson Martins ser\u00e1 doada a institui\u00e7\u00f5es sociais - Bienal Editora","robots":{"index":"index","follow":"follow","max-snippet":"max-snippet:-1","max-image-preview":"max-image-preview:large","max-video-preview":"max-video-preview:-1"},"canonical":"https:\/\/www.bienaleditora.com.br\/site\/renda-do-lancamento-do-livro-de-wilson-martins-sera-doada-a-instituicoes-sociais\/","og_locale":"pt_BR","og_type":"article","og_title":"Renda do lan\u00e7amento do livro de Wilson Martins ser\u00e1 doada a institui\u00e7\u00f5es sociais - Bienal Editora","og_description":"A renda do lan\u00e7amento do livro Bacia do Canind\u00e9, de autoria do ex-governador Wilson Martins, ser\u00e1 revertida para as atividades de duas institui\u00e7\u00f5es que lidam com a\u00e7\u00f5es culturais e sociais no Piau\u00ed, a Funda\u00e7\u00e3o Cultural Cristo Rei e a Funda\u00e7\u00e3o Maria Carvalho Santos. A Funda\u00e7\u00e3o Cultural Cristo Rei mant\u00e9m o Museu Dom Avelar Brand\u00e3o Vilela, [&hellip;]","og_url":"https:\/\/www.bienaleditora.com.br\/site\/renda-do-lancamento-do-livro-de-wilson-martins-sera-doada-a-instituicoes-sociais\/","og_site_name":"Bienal Editora","article_published_time":"2024-03-06T10:39:23+00:00","article_modified_time":"2024-03-06T11:49:02+00:00","og_image":[{"width":750,"height":500,"url":"https:\/\/www.bienaleditora.com.br\/site\/wp-content\/uploads\/2024\/03\/Museu-D-Avelar.jpeg","type":"image\/jpeg"}],"author":"Assessoria","twitter_card":"summary_large_image","twitter_misc":{"Escrito por":"Assessoria","Est. tempo de leitura":"2 minutos"},"schema":{"@context":"https:\/\/schema.org","@graph":[{"@type":"Article","@id":"https:\/\/www.bienaleditora.com.br\/site\/renda-do-lancamento-do-livro-de-wilson-martins-sera-doada-a-instituicoes-sociais\/#article","isPartOf":{"@id":"https:\/\/www.bienaleditora.com.br\/site\/renda-do-lancamento-do-livro-de-wilson-martins-sera-doada-a-instituicoes-sociais\/"},"author":{"name":"Assessoria","@id":"https:\/\/www.bienaleditora.com.br\/site\/#\/schema\/person\/d1a5a5a109d4fde6a4d5a867405cb50e"},"headline":"Renda do lan\u00e7amento do livro de Wilson Martins ser\u00e1 doada a institui\u00e7\u00f5es sociais","datePublished":"2024-03-06T10:39:23+00:00","dateModified":"2024-03-06T11:49:02+00:00","mainEntityOfPage":{"@id":"https:\/\/www.bienaleditora.com.br\/site\/renda-do-lancamento-do-livro-de-wilson-martins-sera-doada-a-instituicoes-sociais\/"},"wordCount":417,"publisher":{"@id":"https:\/\/www.bienaleditora.com.br\/site\/#organization"},"image":{"@id":"https:\/\/www.bienaleditora.com.br\/site\/renda-do-lancamento-do-livro-de-wilson-martins-sera-doada-a-instituicoes-sociais\/#primaryimage"},"thumbnailUrl":"https:\/\/www.bienaleditora.com.br\/site\/wp-content\/uploads\/2024\/03\/Museu-D-Avelar.jpeg","keywords":["Lan\u00e7amento","Livro","Wilson Martins."],"articleSection":["blog"],"inLanguage":"pt-BR"},{"@type":"WebPage","@id":"https:\/\/www.bienaleditora.com.br\/site\/renda-do-lancamento-do-livro-de-wilson-martins-sera-doada-a-instituicoes-sociais\/","url":"https:\/\/www.bienaleditora.com.br\/site\/renda-do-lancamento-do-livro-de-wilson-martins-sera-doada-a-instituicoes-sociais\/","name":"Renda do lan\u00e7amento do livro de Wilson Martins ser\u00e1 doada a institui\u00e7\u00f5es sociais - Bienal Editora","isPartOf":{"@id":"https:\/\/www.bienaleditora.com.br\/site\/#website"},"primaryImageOfPage":{"@id":"https:\/\/www.bienaleditora.com.br\/site\/renda-do-lancamento-do-livro-de-wilson-martins-sera-doada-a-instituicoes-sociais\/#primaryimage"},"image":{"@id":"https:\/\/www.bienaleditora.com.br\/site\/renda-do-lancamento-do-livro-de-wilson-martins-sera-doada-a-instituicoes-sociais\/#primaryimage"},"thumbnailUrl":"https:\/\/www.bienaleditora.com.br\/site\/wp-content\/uploads\/2024\/03\/Museu-D-Avelar.jpeg","datePublished":"2024-03-06T10:39:23+00:00","dateModified":"2024-03-06T11:49:02+00:00","breadcrumb":{"@id":"https:\/\/www.bienaleditora.com.br\/site\/renda-do-lancamento-do-livro-de-wilson-martins-sera-doada-a-instituicoes-sociais\/#breadcrumb"},"inLanguage":"pt-BR","potentialAction":[{"@type":"ReadAction","target":["https:\/\/www.bienaleditora.com.br\/site\/renda-do-lancamento-do-livro-de-wilson-martins-sera-doada-a-instituicoes-sociais\/"]}]},{"@type":"ImageObject","inLanguage":"pt-BR","@id":"https:\/\/www.bienaleditora.com.br\/site\/renda-do-lancamento-do-livro-de-wilson-martins-sera-doada-a-instituicoes-sociais\/#primaryimage","url":"https:\/\/www.bienaleditora.com.br\/site\/wp-content\/uploads\/2024\/03\/Museu-D-Avelar.jpeg","contentUrl":"https:\/\/www.bienaleditora.com.br\/site\/wp-content\/uploads\/2024\/03\/Museu-D-Avelar.jpeg","width":750,"height":500,"caption":"Museu Dom Avelar\/Imagem: Geleia Total"},{"@type":"BreadcrumbList","@id":"https:\/\/www.bienaleditora.com.br\/site\/renda-do-lancamento-do-livro-de-wilson-martins-sera-doada-a-instituicoes-sociais\/#breadcrumb","itemListElement":[{"@type":"ListItem","position":1,"name":"Home","item":"https:\/\/www.bienaleditora.com.br\/site\/"},{"@type":"ListItem","position":2,"name":"Renda do lan\u00e7amento do livro de Wilson Martins ser\u00e1 doada a institui\u00e7\u00f5es sociais"}]},{"@type":"WebSite","@id":"https:\/\/www.bienaleditora.com.br\/site\/#website","url":"https:\/\/www.bienaleditora.com.br\/site\/","name":"Bienal Editora","description":"Uma editora jovem, n\u00e3o s\u00f3 na idade \u2014 afinal foi fundada em dezembro de 2012 \u2014 mas no esp\u00edrito inovador de optar pela publica\u00e7\u00e3o de fic\u00e7\u00e3o e n\u00e3o fic\u00e7\u00e3o priorizando a qualidade, e n\u00e3o a quantidade de lan\u00e7amentos.","publisher":{"@id":"https:\/\/www.bienaleditora.com.br\/site\/#organization"},"potentialAction":[{"@type":"SearchAction","target":{"@type":"EntryPoint","urlTemplate":"https:\/\/www.bienaleditora.com.br\/site\/?s={search_term_string}"},"query-input":{"@type":"PropertyValueSpecification","valueRequired":true,"valueName":"search_term_string"}}],"inLanguage":"pt-BR"},{"@type":"Organization","@id":"https:\/\/www.bienaleditora.com.br\/site\/#organization","name":"Bienal Editora","url":"https:\/\/www.bienaleditora.com.br\/site\/","logo":{"@type":"ImageObject","inLanguage":"pt-BR","@id":"https:\/\/www.bienaleditora.com.br\/site\/#\/schema\/logo\/image\/","url":"https:\/\/www.bienaleditora.com.br\/site\/wp-content\/uploads\/2014\/01\/logomarca_png.png","contentUrl":"https:\/\/www.bienaleditora.com.br\/site\/wp-content\/uploads\/2014\/01\/logomarca_png.png","width":145,"height":79,"caption":"Bienal Editora"},"image":{"@id":"https:\/\/www.bienaleditora.com.br\/site\/#\/schema\/logo\/image\/"}},{"@type":"Person","@id":"https:\/\/www.bienaleditora.com.br\/site\/#\/schema\/person\/d1a5a5a109d4fde6a4d5a867405cb50e","name":"Assessoria","image":{"@type":"ImageObject","inLanguage":"pt-BR","@id":"https:\/\/www.bienaleditora.com.br\/site\/#\/schema\/person\/image\/","url":"https:\/\/secure.gravatar.com\/avatar\/fe245404998dfc514ff4b58c7565d7ef?s=96&d=mm&r=g","contentUrl":"https:\/\/secure.gravatar.com\/avatar\/fe245404998dfc514ff4b58c7565d7ef?s=96&d=mm&r=g","caption":"Assessoria"},"url":"https:\/\/www.bienaleditora.com.br\/site\/author\/zozimo\/"}]}},"_links":{"self":[{"href":"https:\/\/www.bienaleditora.com.br\/site\/wp-json\/wp\/v2\/posts\/3219","targetHints":{"allow":["GET"]}}],"collection":[{"href":"https:\/\/www.bienaleditora.com.br\/site\/wp-json\/wp\/v2\/posts"}],"about":[{"href":"https:\/\/www.bienaleditora.com.br\/site\/wp-json\/wp\/v2\/types\/post"}],"author":[{"embeddable":true,"href":"https:\/\/www.bienaleditora.com.br\/site\/wp-json\/wp\/v2\/users\/2"}],"replies":[{"embeddable":true,"href":"https:\/\/www.bienaleditora.com.br\/site\/wp-json\/wp\/v2\/comments?post=3219"}],"version-history":[{"count":6,"href":"https:\/\/www.bienaleditora.com.br\/site\/wp-json\/wp\/v2\/posts\/3219\/revisions"}],"predecessor-version":[{"id":3237,"href":"https:\/\/www.bienaleditora.com.br\/site\/wp-json\/wp\/v2\/posts\/3219\/revisions\/3237"}],"wp:featuredmedia":[{"embeddable":true,"href":"https:\/\/www.bienaleditora.com.br\/site\/wp-json\/wp\/v2\/media\/3220"}],"wp:attachment":[{"href":"https:\/\/www.bienaleditora.com.br\/site\/wp-json\/wp\/v2\/media?parent=3219"}],"wp:term":[{"taxonomy":"category","embeddable":true,"href":"https:\/\/www.bienaleditora.com.br\/site\/wp-json\/wp\/v2\/categories?post=3219"},{"taxonomy":"post_tag","embeddable":true,"href":"https:\/\/www.bienaleditora.com.br\/site\/wp-json\/wp\/v2\/tags?post=3219"}],"curies":[{"name":"wp","href":"https:\/\/api.w.org\/{rel}","templated":true}]}}