{"id":3581,"date":"2024-07-09T16:56:51","date_gmt":"2024-07-09T19:56:51","guid":{"rendered":"https:\/\/www.bienaleditora.com.br\/site\/?p=3581"},"modified":"2024-07-09T17:02:02","modified_gmt":"2024-07-09T20:02:02","slug":"governador-e-vice-prestigiam-lancamento-do-livro-de-flavio-nogueira","status":"publish","type":"post","link":"https:\/\/www.bienaleditora.com.br\/site\/governador-e-vice-prestigiam-lancamento-do-livro-de-flavio-nogueira\/","title":{"rendered":"Governador e vice prestigiam lan\u00e7amento do livro de Fl\u00e1vio Nogueira"},"content":{"rendered":"<p>O livro \u201cA Rua Coelho de Resende\u201d, de autoria do m\u00e9dico e deputado federal Fl\u00e1vio Nogueira, foi lan\u00e7ado no restaurante La Pasta Gialla, em Teresina, em ato prestigiado pelo mundo pol\u00edtico, empresarial e intelectual.<\/p><p>O governador Rafael Fonteles se fez presente ao lan\u00e7amento, bem como o vice-governador Them\u00edstocles Filho e o deputado federal Marco Aur\u00e9lio Sampaio.<\/p><p>Al\u00e9m de deputados estaduais, prefeitos de v\u00e1rios munic\u00edpios tamb\u00e9m participaram do lan\u00e7amento, realizado na noite de ontem (08\/07).<\/p><p>O reitor da Universidade Estadual do Piau\u00ed, Evandro Alberto, e o vice-reitor da UFPI, Viriato Campelo, prestigiaram o ato.<\/p><p>Membros da Academia Piauiense de Letras tamb\u00e9m participaram do lan\u00e7amento, que reuniu ainda familiares do autor, amigos e outros convidados, como o ex-deputado federal constituinte Jesus Tajra e os ex-senadores Elmano F\u00e9rrer e Eliane Nogueira.<\/p><p>Profissionais de comunica\u00e7\u00e3o tamb\u00e9m se fizeram presentes \u00e0 festa, como o coordenador estadual de Comunica\u00e7\u00e3o, Mussoline Guedes.<\/p><p>A apresenta\u00e7\u00e3o do livro foi feita pelo jornalista e escritor Z\u00f3zimo Tavares e o posf\u00e1cio foi escrito pelo governador Rafael Fonteles.<\/p><p>A obra foi publicada pela Bienal Editora e traz a biografia de Coelho de Resende, piauiense que teve destacada atua\u00e7\u00e3o na pol\u00edtica, no jornalismo e no magist\u00e9rio entre o final do Imp\u00e9rio e o come\u00e7o da Rep\u00fablica.<\/p><p>(<em>Imagens: Renato Bezerra<\/em> <em>e Francisco Gil\u00e1sio<\/em>)<\/p><figure class=\"wp-block-image size-large\"><a href=\"https:\/\/www.bienaleditora.com.br\/site\/wp-content\/uploads\/2024\/07\/18.jpeg\"><img fetchpriority=\"high\" decoding=\"async\" width=\"1024\" height=\"637\" src=\"https:\/\/www.bienaleditora.com.br\/site\/wp-content\/uploads\/2024\/07\/18-1024x637.jpeg\" alt=\"\" class=\"wp-image-3583\" srcset=\"https:\/\/www.bienaleditora.com.br\/site\/wp-content\/uploads\/2024\/07\/18-1024x637.jpeg 1024w, https:\/\/www.bienaleditora.com.br\/site\/wp-content\/uploads\/2024\/07\/18-300x187.jpeg 300w, https:\/\/www.bienaleditora.com.br\/site\/wp-content\/uploads\/2024\/07\/18-768x478.jpeg 768w, https:\/\/www.bienaleditora.com.br\/site\/wp-content\/uploads\/2024\/07\/18-1536x956.jpeg 1536w, https:\/\/www.bienaleditora.com.br\/site\/wp-content\/uploads\/2024\/07\/18-600x374.jpeg 600w, https:\/\/www.bienaleditora.com.br\/site\/wp-content\/uploads\/2024\/07\/18.jpeg 1600w\" sizes=\"(max-width: 1024px) 100vw, 1024px\" \/><\/a><\/figure><p><\/p><figure class=\"wp-block-image size-large\"><a href=\"https:\/\/www.bienaleditora.com.br\/site\/wp-content\/uploads\/2024\/07\/23-scaled.jpeg\"><img decoding=\"async\" width=\"1024\" height=\"683\" src=\"https:\/\/www.bienaleditora.com.br\/site\/wp-content\/uploads\/2024\/07\/23-1024x683.jpeg\" alt=\"\" class=\"wp-image-3584\" srcset=\"https:\/\/www.bienaleditora.com.br\/site\/wp-content\/uploads\/2024\/07\/23-1024x683.jpeg 1024w, https:\/\/www.bienaleditora.com.br\/site\/wp-content\/uploads\/2024\/07\/23-300x200.jpeg 300w, https:\/\/www.bienaleditora.com.br\/site\/wp-content\/uploads\/2024\/07\/23-768x512.jpeg 768w, https:\/\/www.bienaleditora.com.br\/site\/wp-content\/uploads\/2024\/07\/23-1536x1024.jpeg 1536w, https:\/\/www.bienaleditora.com.br\/site\/wp-content\/uploads\/2024\/07\/23-2048x1365.jpeg 2048w, https:\/\/www.bienaleditora.com.br\/site\/wp-content\/uploads\/2024\/07\/23-600x400.jpeg 600w\" sizes=\"(max-width: 1024px) 100vw, 1024px\" \/><\/a><\/figure><p><\/p><figure class=\"wp-block-image size-large\"><a href=\"https:\/\/www.bienaleditora.com.br\/site\/wp-content\/uploads\/2024\/07\/14.jpeg\"><img decoding=\"async\" width=\"1024\" height=\"632\" src=\"https:\/\/www.bienaleditora.com.br\/site\/wp-content\/uploads\/2024\/07\/14-1024x632.jpeg\" alt=\"\" class=\"wp-image-3585\" srcset=\"https:\/\/www.bienaleditora.com.br\/site\/wp-content\/uploads\/2024\/07\/14-1024x632.jpeg 1024w, https:\/\/www.bienaleditora.com.br\/site\/wp-content\/uploads\/2024\/07\/14-300x185.jpeg 300w, https:\/\/www.bienaleditora.com.br\/site\/wp-content\/uploads\/2024\/07\/14-768x474.jpeg 768w, https:\/\/www.bienaleditora.com.br\/site\/wp-content\/uploads\/2024\/07\/14-1536x948.jpeg 1536w, https:\/\/www.bienaleditora.com.br\/site\/wp-content\/uploads\/2024\/07\/14-600x371.jpeg 600w, https:\/\/www.bienaleditora.com.br\/site\/wp-content\/uploads\/2024\/07\/14.jpeg 1600w\" sizes=\"(max-width: 1024px) 100vw, 1024px\" \/><\/a><\/figure><p><\/p><figure class=\"wp-block-image size-large\"><a href=\"https:\/\/www.bienaleditora.com.br\/site\/wp-content\/uploads\/2024\/07\/20-scaled.jpeg\"><img loading=\"lazy\" decoding=\"async\" width=\"1024\" height=\"683\" src=\"https:\/\/www.bienaleditora.com.br\/site\/wp-content\/uploads\/2024\/07\/20-1024x683.jpeg\" alt=\"\" class=\"wp-image-3586\" srcset=\"https:\/\/www.bienaleditora.com.br\/site\/wp-content\/uploads\/2024\/07\/20-1024x683.jpeg 1024w, https:\/\/www.bienaleditora.com.br\/site\/wp-content\/uploads\/2024\/07\/20-300x200.jpeg 300w, https:\/\/www.bienaleditora.com.br\/site\/wp-content\/uploads\/2024\/07\/20-768x512.jpeg 768w, https:\/\/www.bienaleditora.com.br\/site\/wp-content\/uploads\/2024\/07\/20-1536x1024.jpeg 1536w, https:\/\/www.bienaleditora.com.br\/site\/wp-content\/uploads\/2024\/07\/20-2048x1365.jpeg 2048w, https:\/\/www.bienaleditora.com.br\/site\/wp-content\/uploads\/2024\/07\/20-600x400.jpeg 600w\" sizes=\"(max-width: 1024px) 100vw, 1024px\" \/><\/a><\/figure><p><\/p><figure class=\"wp-block-image size-large\"><a href=\"https:\/\/www.bienaleditora.com.br\/site\/wp-content\/uploads\/2024\/07\/5.jpeg\"><img loading=\"lazy\" decoding=\"async\" width=\"1024\" height=\"683\" src=\"https:\/\/www.bienaleditora.com.br\/site\/wp-content\/uploads\/2024\/07\/5-1024x683.jpeg\" alt=\"\" class=\"wp-image-3587\" srcset=\"https:\/\/www.bienaleditora.com.br\/site\/wp-content\/uploads\/2024\/07\/5-1024x683.jpeg 1024w, https:\/\/www.bienaleditora.com.br\/site\/wp-content\/uploads\/2024\/07\/5-300x200.jpeg 300w, https:\/\/www.bienaleditora.com.br\/site\/wp-content\/uploads\/2024\/07\/5-768x512.jpeg 768w, https:\/\/www.bienaleditora.com.br\/site\/wp-content\/uploads\/2024\/07\/5-1536x1024.jpeg 1536w, https:\/\/www.bienaleditora.com.br\/site\/wp-content\/uploads\/2024\/07\/5-600x400.jpeg 600w, https:\/\/www.bienaleditora.com.br\/site\/wp-content\/uploads\/2024\/07\/5.jpeg 1599w\" sizes=\"(max-width: 1024px) 100vw, 1024px\" \/><\/a><\/figure>","protected":false},"excerpt":{"rendered":"<p>O livro \u201cA Rua Coelho de Resende\u201d, de autoria do m\u00e9dico e deputado federal Fl\u00e1vio Nogueira, foi lan\u00e7ado no restaurante La Pasta Gialla, em Teresina, em ato prestigiado pelo mundo pol\u00edtico, empresarial e intelectual. O governador Rafael Fonteles se fez presente ao lan\u00e7amento, bem como o vice-governador Them\u00edstocles Filho e o deputado federal Marco Aur\u00e9lio [&hellip;]<\/p>\n","protected":false},"author":2,"featured_media":3582,"comment_status":"closed","ping_status":"open","sticky":false,"template":"","format":"standard","meta":{"_acf_changed":false,"footnotes":""},"categories":[4],"tags":[172,100,106],"class_list":["post-3581","post","type-post","status-publish","format-standard","has-post-thumbnail","hentry","category-blog","tag-coelho-de-resende","tag-lancamento","tag-livro"],"acf":[],"yoast_head":"<!-- This site is optimized with the Yoast SEO plugin v26.7 - https:\/\/yoast.com\/wordpress\/plugins\/seo\/ -->\n<title>Governador e vice prestigiam lan\u00e7amento do livro de Fl\u00e1vio Nogueira - Bienal Editora<\/title>\n<meta name=\"robots\" content=\"index, follow, max-snippet:-1, max-image-preview:large, max-video-preview:-1\" \/>\n<link rel=\"canonical\" href=\"https:\/\/www.bienaleditora.com.br\/site\/governador-e-vice-prestigiam-lancamento-do-livro-de-flavio-nogueira\/\" \/>\n<meta property=\"og:locale\" content=\"pt_BR\" \/>\n<meta property=\"og:type\" content=\"article\" \/>\n<meta property=\"og:title\" content=\"Governador e vice prestigiam lan\u00e7amento do livro de Fl\u00e1vio Nogueira - Bienal Editora\" \/>\n<meta property=\"og:description\" content=\"O livro \u201cA Rua Coelho de Resende\u201d, de autoria do m\u00e9dico e deputado federal Fl\u00e1vio Nogueira, foi lan\u00e7ado no restaurante La Pasta Gialla, em Teresina, em ato prestigiado pelo mundo pol\u00edtico, empresarial e intelectual. O governador Rafael Fonteles se fez presente ao lan\u00e7amento, bem como o vice-governador Them\u00edstocles Filho e o deputado federal Marco Aur\u00e9lio [&hellip;]\" \/>\n<meta property=\"og:url\" content=\"https:\/\/www.bienaleditora.com.br\/site\/governador-e-vice-prestigiam-lancamento-do-livro-de-flavio-nogueira\/\" \/>\n<meta property=\"og:site_name\" content=\"Bienal Editora\" \/>\n<meta property=\"article:published_time\" content=\"2024-07-09T19:56:51+00:00\" \/>\n<meta property=\"article:modified_time\" content=\"2024-07-09T20:02:02+00:00\" \/>\n<meta property=\"og:image\" content=\"https:\/\/www.bienaleditora.com.br\/site\/wp-content\/uploads\/2024\/07\/12-scaled.jpeg\" \/>\n\t<meta property=\"og:image:width\" content=\"2560\" \/>\n\t<meta property=\"og:image:height\" content=\"1706\" \/>\n\t<meta property=\"og:image:type\" content=\"image\/jpeg\" \/>\n<meta name=\"author\" content=\"Assessoria\" \/>\n<meta name=\"twitter:card\" content=\"summary_large_image\" \/>\n<meta name=\"twitter:label1\" content=\"Escrito por\" \/>\n\t<meta name=\"twitter:data1\" content=\"Assessoria\" \/>\n\t<meta name=\"twitter:label2\" content=\"Est. tempo de leitura\" \/>\n\t<meta name=\"twitter:data2\" content=\"1 minuto\" \/>\n<script type=\"application\/ld+json\" class=\"yoast-schema-graph\">{\"@context\":\"https:\/\/schema.org\",\"@graph\":[{\"@type\":\"Article\",\"@id\":\"https:\/\/www.bienaleditora.com.br\/site\/governador-e-vice-prestigiam-lancamento-do-livro-de-flavio-nogueira\/#article\",\"isPartOf\":{\"@id\":\"https:\/\/www.bienaleditora.com.br\/site\/governador-e-vice-prestigiam-lancamento-do-livro-de-flavio-nogueira\/\"},\"author\":{\"name\":\"Assessoria\",\"@id\":\"https:\/\/www.bienaleditora.com.br\/site\/#\/schema\/person\/d1a5a5a109d4fde6a4d5a867405cb50e\"},\"headline\":\"Governador e vice prestigiam lan\u00e7amento do livro de Fl\u00e1vio Nogueira\",\"datePublished\":\"2024-07-09T19:56:51+00:00\",\"dateModified\":\"2024-07-09T20:02:02+00:00\",\"mainEntityOfPage\":{\"@id\":\"https:\/\/www.bienaleditora.com.br\/site\/governador-e-vice-prestigiam-lancamento-do-livro-de-flavio-nogueira\/\"},\"wordCount\":247,\"publisher\":{\"@id\":\"https:\/\/www.bienaleditora.com.br\/site\/#organization\"},\"image\":{\"@id\":\"https:\/\/www.bienaleditora.com.br\/site\/governador-e-vice-prestigiam-lancamento-do-livro-de-flavio-nogueira\/#primaryimage\"},\"thumbnailUrl\":\"https:\/\/www.bienaleditora.com.br\/site\/wp-content\/uploads\/2024\/07\/12-scaled.jpeg\",\"keywords\":[\"Coelho de Resende.\",\"Lan\u00e7amento\",\"Livro\"],\"articleSection\":[\"blog\"],\"inLanguage\":\"pt-BR\"},{\"@type\":\"WebPage\",\"@id\":\"https:\/\/www.bienaleditora.com.br\/site\/governador-e-vice-prestigiam-lancamento-do-livro-de-flavio-nogueira\/\",\"url\":\"https:\/\/www.bienaleditora.com.br\/site\/governador-e-vice-prestigiam-lancamento-do-livro-de-flavio-nogueira\/\",\"name\":\"Governador e vice prestigiam lan\u00e7amento do livro de Fl\u00e1vio Nogueira - Bienal Editora\",\"isPartOf\":{\"@id\":\"https:\/\/www.bienaleditora.com.br\/site\/#website\"},\"primaryImageOfPage\":{\"@id\":\"https:\/\/www.bienaleditora.com.br\/site\/governador-e-vice-prestigiam-lancamento-do-livro-de-flavio-nogueira\/#primaryimage\"},\"image\":{\"@id\":\"https:\/\/www.bienaleditora.com.br\/site\/governador-e-vice-prestigiam-lancamento-do-livro-de-flavio-nogueira\/#primaryimage\"},\"thumbnailUrl\":\"https:\/\/www.bienaleditora.com.br\/site\/wp-content\/uploads\/2024\/07\/12-scaled.jpeg\",\"datePublished\":\"2024-07-09T19:56:51+00:00\",\"dateModified\":\"2024-07-09T20:02:02+00:00\",\"breadcrumb\":{\"@id\":\"https:\/\/www.bienaleditora.com.br\/site\/governador-e-vice-prestigiam-lancamento-do-livro-de-flavio-nogueira\/#breadcrumb\"},\"inLanguage\":\"pt-BR\",\"potentialAction\":[{\"@type\":\"ReadAction\",\"target\":[\"https:\/\/www.bienaleditora.com.br\/site\/governador-e-vice-prestigiam-lancamento-do-livro-de-flavio-nogueira\/\"]}]},{\"@type\":\"ImageObject\",\"inLanguage\":\"pt-BR\",\"@id\":\"https:\/\/www.bienaleditora.com.br\/site\/governador-e-vice-prestigiam-lancamento-do-livro-de-flavio-nogueira\/#primaryimage\",\"url\":\"https:\/\/www.bienaleditora.com.br\/site\/wp-content\/uploads\/2024\/07\/12-scaled.jpeg\",\"contentUrl\":\"https:\/\/www.bienaleditora.com.br\/site\/wp-content\/uploads\/2024\/07\/12-scaled.jpeg\",\"width\":2560,\"height\":1706,\"caption\":\"Fl\u00e1vio Nogueira lan\u00e7a novo livro em Teresina\"},{\"@type\":\"BreadcrumbList\",\"@id\":\"https:\/\/www.bienaleditora.com.br\/site\/governador-e-vice-prestigiam-lancamento-do-livro-de-flavio-nogueira\/#breadcrumb\",\"itemListElement\":[{\"@type\":\"ListItem\",\"position\":1,\"name\":\"Home\",\"item\":\"https:\/\/www.bienaleditora.com.br\/site\/\"},{\"@type\":\"ListItem\",\"position\":2,\"name\":\"Governador e vice prestigiam lan\u00e7amento do livro de Fl\u00e1vio Nogueira\"}]},{\"@type\":\"WebSite\",\"@id\":\"https:\/\/www.bienaleditora.com.br\/site\/#website\",\"url\":\"https:\/\/www.bienaleditora.com.br\/site\/\",\"name\":\"Bienal Editora\",\"description\":\"Uma editora jovem, n\u00e3o s\u00f3 na idade \u2014 afinal foi fundada em dezembro de 2012 \u2014 mas no esp\u00edrito inovador de optar pela publica\u00e7\u00e3o de fic\u00e7\u00e3o e n\u00e3o fic\u00e7\u00e3o priorizando a qualidade, e n\u00e3o a quantidade de lan\u00e7amentos.\",\"publisher\":{\"@id\":\"https:\/\/www.bienaleditora.com.br\/site\/#organization\"},\"potentialAction\":[{\"@type\":\"SearchAction\",\"target\":{\"@type\":\"EntryPoint\",\"urlTemplate\":\"https:\/\/www.bienaleditora.com.br\/site\/?s={search_term_string}\"},\"query-input\":{\"@type\":\"PropertyValueSpecification\",\"valueRequired\":true,\"valueName\":\"search_term_string\"}}],\"inLanguage\":\"pt-BR\"},{\"@type\":\"Organization\",\"@id\":\"https:\/\/www.bienaleditora.com.br\/site\/#organization\",\"name\":\"Bienal Editora\",\"url\":\"https:\/\/www.bienaleditora.com.br\/site\/\",\"logo\":{\"@type\":\"ImageObject\",\"inLanguage\":\"pt-BR\",\"@id\":\"https:\/\/www.bienaleditora.com.br\/site\/#\/schema\/logo\/image\/\",\"url\":\"https:\/\/www.bienaleditora.com.br\/site\/wp-content\/uploads\/2014\/01\/logomarca_png.png\",\"contentUrl\":\"https:\/\/www.bienaleditora.com.br\/site\/wp-content\/uploads\/2014\/01\/logomarca_png.png\",\"width\":145,\"height\":79,\"caption\":\"Bienal Editora\"},\"image\":{\"@id\":\"https:\/\/www.bienaleditora.com.br\/site\/#\/schema\/logo\/image\/\"}},{\"@type\":\"Person\",\"@id\":\"https:\/\/www.bienaleditora.com.br\/site\/#\/schema\/person\/d1a5a5a109d4fde6a4d5a867405cb50e\",\"name\":\"Assessoria\",\"image\":{\"@type\":\"ImageObject\",\"inLanguage\":\"pt-BR\",\"@id\":\"https:\/\/www.bienaleditora.com.br\/site\/#\/schema\/person\/image\/\",\"url\":\"https:\/\/secure.gravatar.com\/avatar\/fe245404998dfc514ff4b58c7565d7ef?s=96&d=mm&r=g\",\"contentUrl\":\"https:\/\/secure.gravatar.com\/avatar\/fe245404998dfc514ff4b58c7565d7ef?s=96&d=mm&r=g\",\"caption\":\"Assessoria\"},\"url\":\"https:\/\/www.bienaleditora.com.br\/site\/author\/zozimo\/\"}]}<\/script>\n<!-- \/ Yoast SEO plugin. -->","yoast_head_json":{"title":"Governador e vice prestigiam lan\u00e7amento do livro de Fl\u00e1vio Nogueira - Bienal Editora","robots":{"index":"index","follow":"follow","max-snippet":"max-snippet:-1","max-image-preview":"max-image-preview:large","max-video-preview":"max-video-preview:-1"},"canonical":"https:\/\/www.bienaleditora.com.br\/site\/governador-e-vice-prestigiam-lancamento-do-livro-de-flavio-nogueira\/","og_locale":"pt_BR","og_type":"article","og_title":"Governador e vice prestigiam lan\u00e7amento do livro de Fl\u00e1vio Nogueira - Bienal Editora","og_description":"O livro \u201cA Rua Coelho de Resende\u201d, de autoria do m\u00e9dico e deputado federal Fl\u00e1vio Nogueira, foi lan\u00e7ado no restaurante La Pasta Gialla, em Teresina, em ato prestigiado pelo mundo pol\u00edtico, empresarial e intelectual. O governador Rafael Fonteles se fez presente ao lan\u00e7amento, bem como o vice-governador Them\u00edstocles Filho e o deputado federal Marco Aur\u00e9lio [&hellip;]","og_url":"https:\/\/www.bienaleditora.com.br\/site\/governador-e-vice-prestigiam-lancamento-do-livro-de-flavio-nogueira\/","og_site_name":"Bienal Editora","article_published_time":"2024-07-09T19:56:51+00:00","article_modified_time":"2024-07-09T20:02:02+00:00","og_image":[{"width":2560,"height":1706,"url":"https:\/\/www.bienaleditora.com.br\/site\/wp-content\/uploads\/2024\/07\/12-scaled.jpeg","type":"image\/jpeg"}],"author":"Assessoria","twitter_card":"summary_large_image","twitter_misc":{"Escrito por":"Assessoria","Est. tempo de leitura":"1 minuto"},"schema":{"@context":"https:\/\/schema.org","@graph":[{"@type":"Article","@id":"https:\/\/www.bienaleditora.com.br\/site\/governador-e-vice-prestigiam-lancamento-do-livro-de-flavio-nogueira\/#article","isPartOf":{"@id":"https:\/\/www.bienaleditora.com.br\/site\/governador-e-vice-prestigiam-lancamento-do-livro-de-flavio-nogueira\/"},"author":{"name":"Assessoria","@id":"https:\/\/www.bienaleditora.com.br\/site\/#\/schema\/person\/d1a5a5a109d4fde6a4d5a867405cb50e"},"headline":"Governador e vice prestigiam lan\u00e7amento do livro de Fl\u00e1vio Nogueira","datePublished":"2024-07-09T19:56:51+00:00","dateModified":"2024-07-09T20:02:02+00:00","mainEntityOfPage":{"@id":"https:\/\/www.bienaleditora.com.br\/site\/governador-e-vice-prestigiam-lancamento-do-livro-de-flavio-nogueira\/"},"wordCount":247,"publisher":{"@id":"https:\/\/www.bienaleditora.com.br\/site\/#organization"},"image":{"@id":"https:\/\/www.bienaleditora.com.br\/site\/governador-e-vice-prestigiam-lancamento-do-livro-de-flavio-nogueira\/#primaryimage"},"thumbnailUrl":"https:\/\/www.bienaleditora.com.br\/site\/wp-content\/uploads\/2024\/07\/12-scaled.jpeg","keywords":["Coelho de Resende.","Lan\u00e7amento","Livro"],"articleSection":["blog"],"inLanguage":"pt-BR"},{"@type":"WebPage","@id":"https:\/\/www.bienaleditora.com.br\/site\/governador-e-vice-prestigiam-lancamento-do-livro-de-flavio-nogueira\/","url":"https:\/\/www.bienaleditora.com.br\/site\/governador-e-vice-prestigiam-lancamento-do-livro-de-flavio-nogueira\/","name":"Governador e vice prestigiam lan\u00e7amento do livro de Fl\u00e1vio Nogueira - Bienal Editora","isPartOf":{"@id":"https:\/\/www.bienaleditora.com.br\/site\/#website"},"primaryImageOfPage":{"@id":"https:\/\/www.bienaleditora.com.br\/site\/governador-e-vice-prestigiam-lancamento-do-livro-de-flavio-nogueira\/#primaryimage"},"image":{"@id":"https:\/\/www.bienaleditora.com.br\/site\/governador-e-vice-prestigiam-lancamento-do-livro-de-flavio-nogueira\/#primaryimage"},"thumbnailUrl":"https:\/\/www.bienaleditora.com.br\/site\/wp-content\/uploads\/2024\/07\/12-scaled.jpeg","datePublished":"2024-07-09T19:56:51+00:00","dateModified":"2024-07-09T20:02:02+00:00","breadcrumb":{"@id":"https:\/\/www.bienaleditora.com.br\/site\/governador-e-vice-prestigiam-lancamento-do-livro-de-flavio-nogueira\/#breadcrumb"},"inLanguage":"pt-BR","potentialAction":[{"@type":"ReadAction","target":["https:\/\/www.bienaleditora.com.br\/site\/governador-e-vice-prestigiam-lancamento-do-livro-de-flavio-nogueira\/"]}]},{"@type":"ImageObject","inLanguage":"pt-BR","@id":"https:\/\/www.bienaleditora.com.br\/site\/governador-e-vice-prestigiam-lancamento-do-livro-de-flavio-nogueira\/#primaryimage","url":"https:\/\/www.bienaleditora.com.br\/site\/wp-content\/uploads\/2024\/07\/12-scaled.jpeg","contentUrl":"https:\/\/www.bienaleditora.com.br\/site\/wp-content\/uploads\/2024\/07\/12-scaled.jpeg","width":2560,"height":1706,"caption":"Fl\u00e1vio Nogueira lan\u00e7a novo livro em Teresina"},{"@type":"BreadcrumbList","@id":"https:\/\/www.bienaleditora.com.br\/site\/governador-e-vice-prestigiam-lancamento-do-livro-de-flavio-nogueira\/#breadcrumb","itemListElement":[{"@type":"ListItem","position":1,"name":"Home","item":"https:\/\/www.bienaleditora.com.br\/site\/"},{"@type":"ListItem","position":2,"name":"Governador e vice prestigiam lan\u00e7amento do livro de Fl\u00e1vio Nogueira"}]},{"@type":"WebSite","@id":"https:\/\/www.bienaleditora.com.br\/site\/#website","url":"https:\/\/www.bienaleditora.com.br\/site\/","name":"Bienal Editora","description":"Uma editora jovem, n\u00e3o s\u00f3 na idade \u2014 afinal foi fundada em dezembro de 2012 \u2014 mas no esp\u00edrito inovador de optar pela publica\u00e7\u00e3o de fic\u00e7\u00e3o e n\u00e3o fic\u00e7\u00e3o priorizando a qualidade, e n\u00e3o a quantidade de lan\u00e7amentos.","publisher":{"@id":"https:\/\/www.bienaleditora.com.br\/site\/#organization"},"potentialAction":[{"@type":"SearchAction","target":{"@type":"EntryPoint","urlTemplate":"https:\/\/www.bienaleditora.com.br\/site\/?s={search_term_string}"},"query-input":{"@type":"PropertyValueSpecification","valueRequired":true,"valueName":"search_term_string"}}],"inLanguage":"pt-BR"},{"@type":"Organization","@id":"https:\/\/www.bienaleditora.com.br\/site\/#organization","name":"Bienal Editora","url":"https:\/\/www.bienaleditora.com.br\/site\/","logo":{"@type":"ImageObject","inLanguage":"pt-BR","@id":"https:\/\/www.bienaleditora.com.br\/site\/#\/schema\/logo\/image\/","url":"https:\/\/www.bienaleditora.com.br\/site\/wp-content\/uploads\/2014\/01\/logomarca_png.png","contentUrl":"https:\/\/www.bienaleditora.com.br\/site\/wp-content\/uploads\/2014\/01\/logomarca_png.png","width":145,"height":79,"caption":"Bienal Editora"},"image":{"@id":"https:\/\/www.bienaleditora.com.br\/site\/#\/schema\/logo\/image\/"}},{"@type":"Person","@id":"https:\/\/www.bienaleditora.com.br\/site\/#\/schema\/person\/d1a5a5a109d4fde6a4d5a867405cb50e","name":"Assessoria","image":{"@type":"ImageObject","inLanguage":"pt-BR","@id":"https:\/\/www.bienaleditora.com.br\/site\/#\/schema\/person\/image\/","url":"https:\/\/secure.gravatar.com\/avatar\/fe245404998dfc514ff4b58c7565d7ef?s=96&d=mm&r=g","contentUrl":"https:\/\/secure.gravatar.com\/avatar\/fe245404998dfc514ff4b58c7565d7ef?s=96&d=mm&r=g","caption":"Assessoria"},"url":"https:\/\/www.bienaleditora.com.br\/site\/author\/zozimo\/"}]}},"_links":{"self":[{"href":"https:\/\/www.bienaleditora.com.br\/site\/wp-json\/wp\/v2\/posts\/3581","targetHints":{"allow":["GET"]}}],"collection":[{"href":"https:\/\/www.bienaleditora.com.br\/site\/wp-json\/wp\/v2\/posts"}],"about":[{"href":"https:\/\/www.bienaleditora.com.br\/site\/wp-json\/wp\/v2\/types\/post"}],"author":[{"embeddable":true,"href":"https:\/\/www.bienaleditora.com.br\/site\/wp-json\/wp\/v2\/users\/2"}],"replies":[{"embeddable":true,"href":"https:\/\/www.bienaleditora.com.br\/site\/wp-json\/wp\/v2\/comments?post=3581"}],"version-history":[{"count":2,"href":"https:\/\/www.bienaleditora.com.br\/site\/wp-json\/wp\/v2\/posts\/3581\/revisions"}],"predecessor-version":[{"id":3590,"href":"https:\/\/www.bienaleditora.com.br\/site\/wp-json\/wp\/v2\/posts\/3581\/revisions\/3590"}],"wp:featuredmedia":[{"embeddable":true,"href":"https:\/\/www.bienaleditora.com.br\/site\/wp-json\/wp\/v2\/media\/3582"}],"wp:attachment":[{"href":"https:\/\/www.bienaleditora.com.br\/site\/wp-json\/wp\/v2\/media?parent=3581"}],"wp:term":[{"taxonomy":"category","embeddable":true,"href":"https:\/\/www.bienaleditora.com.br\/site\/wp-json\/wp\/v2\/categories?post=3581"},{"taxonomy":"post_tag","embeddable":true,"href":"https:\/\/www.bienaleditora.com.br\/site\/wp-json\/wp\/v2\/tags?post=3581"}],"curies":[{"name":"wp","href":"https:\/\/api.w.org\/{rel}","templated":true}]}}