{"id":3622,"date":"2024-07-24T08:11:44","date_gmt":"2024-07-24T11:11:44","guid":{"rendered":"https:\/\/www.bienaleditora.com.br\/site\/?p=3622"},"modified":"2024-07-25T07:18:30","modified_gmt":"2024-07-25T10:18:30","slug":"novo-livro-de-magno-pires-tem-capitulo-especial-sobre-batalha","status":"publish","type":"post","link":"https:\/\/www.bienaleditora.com.br\/site\/novo-livro-de-magno-pires-tem-capitulo-especial-sobre-batalha\/","title":{"rendered":"Novo livro de Magno Pires tem cap\u00edtulo especial sobre Batalha"},"content":{"rendered":"<p>O novo livro do advogado, escritor e acad\u00eamico Magno Pires, intitulado \u201c<strong>Piau\u00ed: Oportunidades de Investimentos<\/strong>\u201d, traz um cap\u00edtulo especial sobre o munic\u00edpio de Batalha, terra natal do autor.<\/p><p>O livro apresenta dados sobre a hist\u00f3ria do munic\u00edpio, sua voca\u00e7\u00e3o econ\u00f4mica, voltada para a cria\u00e7\u00e3o de caprinos e ovinos; as potencialidades tur\u00edsticas e os festejos de S\u00e3o Gon\u00e7alo.<\/p><p>Tamb\u00e9m destaca a situa\u00e7\u00e3o fisiogr\u00e1fica de Batalha, cujo territ\u00f3rio \u00e9 banhado pelos rios Long\u00e1, dos Matos, Marathaoan e Piracuruca, entre outras informa\u00e7\u00f5es relevantes sobre o munic\u00edpio.<\/p><p>A obra foi lan\u00e7ada no Anfiteatro de Batalha, no \u00faltimo dia 18\/07, em ato que contou com a presen\u00e7a de centenas de convidados.<\/p><p>No lan\u00e7amento, a apresenta\u00e7\u00e3o foi feita pelo advogado e escritor Ant\u00f4nio Pedro de Almeida, da Academia de Letras do Vale do Long\u00e1 e autor do pref\u00e1cio da obra.<\/p><p>Al\u00e9m do livro \u201cPiau\u00ed: Oportunidades de Investimento\u201d, Magno Pires lan\u00e7ou em Batalha mais quatro obras suas: <em>Monografia sobre a Hist\u00f3ria de Batalha<\/em>, <em>Articula\u00e7\u00f5es \u00e0 elei\u00e7\u00e3o vitoriosa de Rafael Fonteles<\/em> e <em>O que \u00e9 Saneamento B\u00e1sico<\/em>, bem como a<em> e<\/em>di\u00e7\u00e3o extra do <em>Jornal Folha dos Cerrados<\/em>.<\/p><p>Os lan\u00e7amentos ocorreram dentro da programa\u00e7\u00e3o dos 86 anos da emancipa\u00e7\u00e3o pol\u00edtico-administrativa de Batalha.<\/p><figure class=\"wp-block-image size-large\"><a href=\"https:\/\/www.bienaleditora.com.br\/site\/wp-content\/uploads\/2024\/07\/14-1.jpeg\"><img fetchpriority=\"high\" decoding=\"async\" width=\"576\" height=\"1024\" src=\"https:\/\/www.bienaleditora.com.br\/site\/wp-content\/uploads\/2024\/07\/14-1-576x1024.jpeg\" alt=\"\" class=\"wp-image-3624\" srcset=\"https:\/\/www.bienaleditora.com.br\/site\/wp-content\/uploads\/2024\/07\/14-1-576x1024.jpeg 576w, https:\/\/www.bienaleditora.com.br\/site\/wp-content\/uploads\/2024\/07\/14-1-169x300.jpeg 169w, https:\/\/www.bienaleditora.com.br\/site\/wp-content\/uploads\/2024\/07\/14-1-600x1067.jpeg 600w, https:\/\/www.bienaleditora.com.br\/site\/wp-content\/uploads\/2024\/07\/14-1.jpeg 720w\" sizes=\"(max-width: 576px) 100vw, 576px\" \/><\/a><\/figure><p><\/p><figure class=\"wp-block-image size-large\"><a href=\"https:\/\/www.bienaleditora.com.br\/site\/wp-content\/uploads\/2024\/07\/11.jpeg\"><img decoding=\"async\" width=\"1024\" height=\"576\" src=\"https:\/\/www.bienaleditora.com.br\/site\/wp-content\/uploads\/2024\/07\/11-1024x576.jpeg\" alt=\"\" class=\"wp-image-3625\" srcset=\"https:\/\/www.bienaleditora.com.br\/site\/wp-content\/uploads\/2024\/07\/11-1024x576.jpeg 1024w, https:\/\/www.bienaleditora.com.br\/site\/wp-content\/uploads\/2024\/07\/11-300x169.jpeg 300w, https:\/\/www.bienaleditora.com.br\/site\/wp-content\/uploads\/2024\/07\/11-768x432.jpeg 768w, https:\/\/www.bienaleditora.com.br\/site\/wp-content\/uploads\/2024\/07\/11-600x338.jpeg 600w, https:\/\/www.bienaleditora.com.br\/site\/wp-content\/uploads\/2024\/07\/11.jpeg 1280w\" sizes=\"(max-width: 1024px) 100vw, 1024px\" \/><\/a><\/figure><p><\/p><figure class=\"wp-block-image size-large\"><a href=\"https:\/\/www.bienaleditora.com.br\/site\/wp-content\/uploads\/2024\/07\/3.jpg\"><img decoding=\"async\" width=\"770\" height=\"1024\" src=\"https:\/\/www.bienaleditora.com.br\/site\/wp-content\/uploads\/2024\/07\/3-770x1024.jpg\" alt=\"\" class=\"wp-image-3626\" srcset=\"https:\/\/www.bienaleditora.com.br\/site\/wp-content\/uploads\/2024\/07\/3-770x1024.jpg 770w, https:\/\/www.bienaleditora.com.br\/site\/wp-content\/uploads\/2024\/07\/3-226x300.jpg 226w, https:\/\/www.bienaleditora.com.br\/site\/wp-content\/uploads\/2024\/07\/3-768x1021.jpg 768w, https:\/\/www.bienaleditora.com.br\/site\/wp-content\/uploads\/2024\/07\/3-1155x1536.jpg 1155w, https:\/\/www.bienaleditora.com.br\/site\/wp-content\/uploads\/2024\/07\/3-600x798.jpg 600w, https:\/\/www.bienaleditora.com.br\/site\/wp-content\/uploads\/2024\/07\/3.jpg 1540w\" sizes=\"(max-width: 770px) 100vw, 770px\" \/><\/a><\/figure><p><\/p><figure class=\"wp-block-image size-large\"><a href=\"https:\/\/www.bienaleditora.com.br\/site\/wp-content\/uploads\/2024\/07\/17-1.jpeg\"><img loading=\"lazy\" decoding=\"async\" width=\"1024\" height=\"576\" src=\"https:\/\/www.bienaleditora.com.br\/site\/wp-content\/uploads\/2024\/07\/17-1-1024x576.jpeg\" alt=\"\" class=\"wp-image-3627\" srcset=\"https:\/\/www.bienaleditora.com.br\/site\/wp-content\/uploads\/2024\/07\/17-1-1024x576.jpeg 1024w, https:\/\/www.bienaleditora.com.br\/site\/wp-content\/uploads\/2024\/07\/17-1-300x169.jpeg 300w, https:\/\/www.bienaleditora.com.br\/site\/wp-content\/uploads\/2024\/07\/17-1-768x432.jpeg 768w, https:\/\/www.bienaleditora.com.br\/site\/wp-content\/uploads\/2024\/07\/17-1-600x338.jpeg 600w, https:\/\/www.bienaleditora.com.br\/site\/wp-content\/uploads\/2024\/07\/17-1.jpeg 1280w\" sizes=\"(max-width: 1024px) 100vw, 1024px\" \/><\/a><\/figure><p><\/p><figure class=\"wp-block-image size-large\"><a href=\"https:\/\/www.bienaleditora.com.br\/site\/wp-content\/uploads\/2024\/07\/8.jpeg\"><img loading=\"lazy\" decoding=\"async\" width=\"1024\" height=\"576\" src=\"https:\/\/www.bienaleditora.com.br\/site\/wp-content\/uploads\/2024\/07\/8-1024x576.jpeg\" alt=\"\" class=\"wp-image-3628\" srcset=\"https:\/\/www.bienaleditora.com.br\/site\/wp-content\/uploads\/2024\/07\/8-1024x576.jpeg 1024w, https:\/\/www.bienaleditora.com.br\/site\/wp-content\/uploads\/2024\/07\/8-300x169.jpeg 300w, https:\/\/www.bienaleditora.com.br\/site\/wp-content\/uploads\/2024\/07\/8-768x432.jpeg 768w, https:\/\/www.bienaleditora.com.br\/site\/wp-content\/uploads\/2024\/07\/8-600x338.jpeg 600w, https:\/\/www.bienaleditora.com.br\/site\/wp-content\/uploads\/2024\/07\/8.jpeg 1280w\" sizes=\"(max-width: 1024px) 100vw, 1024px\" \/><\/a><\/figure><p><\/p><figure class=\"wp-block-image size-large\"><a href=\"https:\/\/www.bienaleditora.com.br\/site\/wp-content\/uploads\/2024\/07\/Capa1.jpeg\"><img loading=\"lazy\" decoding=\"async\" width=\"700\" height=\"1024\" src=\"https:\/\/www.bienaleditora.com.br\/site\/wp-content\/uploads\/2024\/07\/Capa1-700x1024.jpeg\" alt=\"\" class=\"wp-image-3632\" srcset=\"https:\/\/www.bienaleditora.com.br\/site\/wp-content\/uploads\/2024\/07\/Capa1-700x1024.jpeg 700w, https:\/\/www.bienaleditora.com.br\/site\/wp-content\/uploads\/2024\/07\/Capa1-205x300.jpeg 205w, https:\/\/www.bienaleditora.com.br\/site\/wp-content\/uploads\/2024\/07\/Capa1-768x1123.jpeg 768w, https:\/\/www.bienaleditora.com.br\/site\/wp-content\/uploads\/2024\/07\/Capa1-600x878.jpeg 600w, https:\/\/www.bienaleditora.com.br\/site\/wp-content\/uploads\/2024\/07\/Capa1.jpeg 875w\" sizes=\"(max-width: 700px) 100vw, 700px\" \/><\/a><\/figure>","protected":false},"excerpt":{"rendered":"<p>O novo livro do advogado, escritor e acad\u00eamico Magno Pires, intitulado \u201cPiau\u00ed: Oportunidades de Investimentos\u201d, traz um cap\u00edtulo especial sobre o munic\u00edpio de Batalha, terra natal do autor. O livro apresenta dados sobre a hist\u00f3ria do munic\u00edpio, sua voca\u00e7\u00e3o econ\u00f4mica, voltada para a cria\u00e7\u00e3o de caprinos e ovinos; as potencialidades tur\u00edsticas e os festejos de [&hellip;]<\/p>\n","protected":false},"author":2,"featured_media":3630,"comment_status":"closed","ping_status":"open","sticky":false,"template":"","format":"standard","meta":{"_acf_changed":false,"footnotes":""},"categories":[4],"tags":[177,106,140],"class_list":["post-3622","post","type-post","status-publish","format-standard","has-post-thumbnail","hentry","category-blog","tag-batalha","tag-livro","tag-magno-pires"],"acf":[],"yoast_head":"<!-- This site is optimized with the Yoast SEO plugin v26.7 - https:\/\/yoast.com\/wordpress\/plugins\/seo\/ -->\n<title>Novo livro de Magno Pires tem cap\u00edtulo especial sobre Batalha - Bienal Editora<\/title>\n<meta name=\"robots\" content=\"index, follow, max-snippet:-1, max-image-preview:large, max-video-preview:-1\" \/>\n<link rel=\"canonical\" href=\"https:\/\/www.bienaleditora.com.br\/site\/novo-livro-de-magno-pires-tem-capitulo-especial-sobre-batalha\/\" \/>\n<meta property=\"og:locale\" content=\"pt_BR\" \/>\n<meta property=\"og:type\" content=\"article\" \/>\n<meta property=\"og:title\" content=\"Novo livro de Magno Pires tem cap\u00edtulo especial sobre Batalha - Bienal Editora\" \/>\n<meta property=\"og:description\" content=\"O novo livro do advogado, escritor e acad\u00eamico Magno Pires, intitulado \u201cPiau\u00ed: Oportunidades de Investimentos\u201d, traz um cap\u00edtulo especial sobre o munic\u00edpio de Batalha, terra natal do autor. O livro apresenta dados sobre a hist\u00f3ria do munic\u00edpio, sua voca\u00e7\u00e3o econ\u00f4mica, voltada para a cria\u00e7\u00e3o de caprinos e ovinos; as potencialidades tur\u00edsticas e os festejos de [&hellip;]\" \/>\n<meta property=\"og:url\" content=\"https:\/\/www.bienaleditora.com.br\/site\/novo-livro-de-magno-pires-tem-capitulo-especial-sobre-batalha\/\" \/>\n<meta property=\"og:site_name\" content=\"Bienal Editora\" \/>\n<meta property=\"article:published_time\" content=\"2024-07-24T11:11:44+00:00\" \/>\n<meta property=\"article:modified_time\" content=\"2024-07-25T10:18:30+00:00\" \/>\n<meta property=\"og:image\" content=\"https:\/\/www.bienaleditora.com.br\/site\/wp-content\/uploads\/2024\/07\/Capa2.jpeg\" \/>\n\t<meta property=\"og:image:width\" content=\"1280\" \/>\n\t<meta property=\"og:image:height\" content=\"873\" \/>\n\t<meta property=\"og:image:type\" content=\"image\/jpeg\" \/>\n<meta name=\"author\" content=\"Assessoria\" \/>\n<meta name=\"twitter:card\" content=\"summary_large_image\" \/>\n<meta name=\"twitter:label1\" content=\"Escrito por\" \/>\n\t<meta name=\"twitter:data1\" content=\"Assessoria\" \/>\n\t<meta name=\"twitter:label2\" content=\"Est. tempo de leitura\" \/>\n\t<meta name=\"twitter:data2\" content=\"1 minuto\" \/>\n<script type=\"application\/ld+json\" class=\"yoast-schema-graph\">{\"@context\":\"https:\/\/schema.org\",\"@graph\":[{\"@type\":\"Article\",\"@id\":\"https:\/\/www.bienaleditora.com.br\/site\/novo-livro-de-magno-pires-tem-capitulo-especial-sobre-batalha\/#article\",\"isPartOf\":{\"@id\":\"https:\/\/www.bienaleditora.com.br\/site\/novo-livro-de-magno-pires-tem-capitulo-especial-sobre-batalha\/\"},\"author\":{\"name\":\"Assessoria\",\"@id\":\"https:\/\/www.bienaleditora.com.br\/site\/#\/schema\/person\/d1a5a5a109d4fde6a4d5a867405cb50e\"},\"headline\":\"Novo livro de Magno Pires tem cap\u00edtulo especial sobre Batalha\",\"datePublished\":\"2024-07-24T11:11:44+00:00\",\"dateModified\":\"2024-07-25T10:18:30+00:00\",\"mainEntityOfPage\":{\"@id\":\"https:\/\/www.bienaleditora.com.br\/site\/novo-livro-de-magno-pires-tem-capitulo-especial-sobre-batalha\/\"},\"wordCount\":233,\"publisher\":{\"@id\":\"https:\/\/www.bienaleditora.com.br\/site\/#organization\"},\"image\":{\"@id\":\"https:\/\/www.bienaleditora.com.br\/site\/novo-livro-de-magno-pires-tem-capitulo-especial-sobre-batalha\/#primaryimage\"},\"thumbnailUrl\":\"https:\/\/www.bienaleditora.com.br\/site\/wp-content\/uploads\/2024\/07\/Capa2.jpeg\",\"keywords\":[\"Batalha.\",\"Livro\",\"Magno Pires\"],\"articleSection\":[\"blog\"],\"inLanguage\":\"pt-BR\"},{\"@type\":\"WebPage\",\"@id\":\"https:\/\/www.bienaleditora.com.br\/site\/novo-livro-de-magno-pires-tem-capitulo-especial-sobre-batalha\/\",\"url\":\"https:\/\/www.bienaleditora.com.br\/site\/novo-livro-de-magno-pires-tem-capitulo-especial-sobre-batalha\/\",\"name\":\"Novo livro de Magno Pires tem cap\u00edtulo especial sobre Batalha - Bienal Editora\",\"isPartOf\":{\"@id\":\"https:\/\/www.bienaleditora.com.br\/site\/#website\"},\"primaryImageOfPage\":{\"@id\":\"https:\/\/www.bienaleditora.com.br\/site\/novo-livro-de-magno-pires-tem-capitulo-especial-sobre-batalha\/#primaryimage\"},\"image\":{\"@id\":\"https:\/\/www.bienaleditora.com.br\/site\/novo-livro-de-magno-pires-tem-capitulo-especial-sobre-batalha\/#primaryimage\"},\"thumbnailUrl\":\"https:\/\/www.bienaleditora.com.br\/site\/wp-content\/uploads\/2024\/07\/Capa2.jpeg\",\"datePublished\":\"2024-07-24T11:11:44+00:00\",\"dateModified\":\"2024-07-25T10:18:30+00:00\",\"breadcrumb\":{\"@id\":\"https:\/\/www.bienaleditora.com.br\/site\/novo-livro-de-magno-pires-tem-capitulo-especial-sobre-batalha\/#breadcrumb\"},\"inLanguage\":\"pt-BR\",\"potentialAction\":[{\"@type\":\"ReadAction\",\"target\":[\"https:\/\/www.bienaleditora.com.br\/site\/novo-livro-de-magno-pires-tem-capitulo-especial-sobre-batalha\/\"]}]},{\"@type\":\"ImageObject\",\"inLanguage\":\"pt-BR\",\"@id\":\"https:\/\/www.bienaleditora.com.br\/site\/novo-livro-de-magno-pires-tem-capitulo-especial-sobre-batalha\/#primaryimage\",\"url\":\"https:\/\/www.bienaleditora.com.br\/site\/wp-content\/uploads\/2024\/07\/Capa2.jpeg\",\"contentUrl\":\"https:\/\/www.bienaleditora.com.br\/site\/wp-content\/uploads\/2024\/07\/Capa2.jpeg\",\"width\":1280,\"height\":873,\"caption\":\"O novo livro de Magno Pires\/Imagem: Bienal.\"},{\"@type\":\"BreadcrumbList\",\"@id\":\"https:\/\/www.bienaleditora.com.br\/site\/novo-livro-de-magno-pires-tem-capitulo-especial-sobre-batalha\/#breadcrumb\",\"itemListElement\":[{\"@type\":\"ListItem\",\"position\":1,\"name\":\"Home\",\"item\":\"https:\/\/www.bienaleditora.com.br\/site\/\"},{\"@type\":\"ListItem\",\"position\":2,\"name\":\"Novo livro de Magno Pires tem cap\u00edtulo especial sobre Batalha\"}]},{\"@type\":\"WebSite\",\"@id\":\"https:\/\/www.bienaleditora.com.br\/site\/#website\",\"url\":\"https:\/\/www.bienaleditora.com.br\/site\/\",\"name\":\"Bienal Editora\",\"description\":\"Uma editora jovem, n\u00e3o s\u00f3 na idade \u2014 afinal foi fundada em dezembro de 2012 \u2014 mas no esp\u00edrito inovador de optar pela publica\u00e7\u00e3o de fic\u00e7\u00e3o e n\u00e3o fic\u00e7\u00e3o priorizando a qualidade, e n\u00e3o a quantidade de lan\u00e7amentos.\",\"publisher\":{\"@id\":\"https:\/\/www.bienaleditora.com.br\/site\/#organization\"},\"potentialAction\":[{\"@type\":\"SearchAction\",\"target\":{\"@type\":\"EntryPoint\",\"urlTemplate\":\"https:\/\/www.bienaleditora.com.br\/site\/?s={search_term_string}\"},\"query-input\":{\"@type\":\"PropertyValueSpecification\",\"valueRequired\":true,\"valueName\":\"search_term_string\"}}],\"inLanguage\":\"pt-BR\"},{\"@type\":\"Organization\",\"@id\":\"https:\/\/www.bienaleditora.com.br\/site\/#organization\",\"name\":\"Bienal Editora\",\"url\":\"https:\/\/www.bienaleditora.com.br\/site\/\",\"logo\":{\"@type\":\"ImageObject\",\"inLanguage\":\"pt-BR\",\"@id\":\"https:\/\/www.bienaleditora.com.br\/site\/#\/schema\/logo\/image\/\",\"url\":\"https:\/\/www.bienaleditora.com.br\/site\/wp-content\/uploads\/2014\/01\/logomarca_png.png\",\"contentUrl\":\"https:\/\/www.bienaleditora.com.br\/site\/wp-content\/uploads\/2014\/01\/logomarca_png.png\",\"width\":145,\"height\":79,\"caption\":\"Bienal Editora\"},\"image\":{\"@id\":\"https:\/\/www.bienaleditora.com.br\/site\/#\/schema\/logo\/image\/\"}},{\"@type\":\"Person\",\"@id\":\"https:\/\/www.bienaleditora.com.br\/site\/#\/schema\/person\/d1a5a5a109d4fde6a4d5a867405cb50e\",\"name\":\"Assessoria\",\"image\":{\"@type\":\"ImageObject\",\"inLanguage\":\"pt-BR\",\"@id\":\"https:\/\/www.bienaleditora.com.br\/site\/#\/schema\/person\/image\/\",\"url\":\"https:\/\/secure.gravatar.com\/avatar\/fe245404998dfc514ff4b58c7565d7ef?s=96&d=mm&r=g\",\"contentUrl\":\"https:\/\/secure.gravatar.com\/avatar\/fe245404998dfc514ff4b58c7565d7ef?s=96&d=mm&r=g\",\"caption\":\"Assessoria\"},\"url\":\"https:\/\/www.bienaleditora.com.br\/site\/author\/zozimo\/\"}]}<\/script>\n<!-- \/ Yoast SEO plugin. -->","yoast_head_json":{"title":"Novo livro de Magno Pires tem cap\u00edtulo especial sobre Batalha - Bienal Editora","robots":{"index":"index","follow":"follow","max-snippet":"max-snippet:-1","max-image-preview":"max-image-preview:large","max-video-preview":"max-video-preview:-1"},"canonical":"https:\/\/www.bienaleditora.com.br\/site\/novo-livro-de-magno-pires-tem-capitulo-especial-sobre-batalha\/","og_locale":"pt_BR","og_type":"article","og_title":"Novo livro de Magno Pires tem cap\u00edtulo especial sobre Batalha - Bienal Editora","og_description":"O novo livro do advogado, escritor e acad\u00eamico Magno Pires, intitulado \u201cPiau\u00ed: Oportunidades de Investimentos\u201d, traz um cap\u00edtulo especial sobre o munic\u00edpio de Batalha, terra natal do autor. O livro apresenta dados sobre a hist\u00f3ria do munic\u00edpio, sua voca\u00e7\u00e3o econ\u00f4mica, voltada para a cria\u00e7\u00e3o de caprinos e ovinos; as potencialidades tur\u00edsticas e os festejos de [&hellip;]","og_url":"https:\/\/www.bienaleditora.com.br\/site\/novo-livro-de-magno-pires-tem-capitulo-especial-sobre-batalha\/","og_site_name":"Bienal Editora","article_published_time":"2024-07-24T11:11:44+00:00","article_modified_time":"2024-07-25T10:18:30+00:00","og_image":[{"width":1280,"height":873,"url":"https:\/\/www.bienaleditora.com.br\/site\/wp-content\/uploads\/2024\/07\/Capa2.jpeg","type":"image\/jpeg"}],"author":"Assessoria","twitter_card":"summary_large_image","twitter_misc":{"Escrito por":"Assessoria","Est. tempo de leitura":"1 minuto"},"schema":{"@context":"https:\/\/schema.org","@graph":[{"@type":"Article","@id":"https:\/\/www.bienaleditora.com.br\/site\/novo-livro-de-magno-pires-tem-capitulo-especial-sobre-batalha\/#article","isPartOf":{"@id":"https:\/\/www.bienaleditora.com.br\/site\/novo-livro-de-magno-pires-tem-capitulo-especial-sobre-batalha\/"},"author":{"name":"Assessoria","@id":"https:\/\/www.bienaleditora.com.br\/site\/#\/schema\/person\/d1a5a5a109d4fde6a4d5a867405cb50e"},"headline":"Novo livro de Magno Pires tem cap\u00edtulo especial sobre Batalha","datePublished":"2024-07-24T11:11:44+00:00","dateModified":"2024-07-25T10:18:30+00:00","mainEntityOfPage":{"@id":"https:\/\/www.bienaleditora.com.br\/site\/novo-livro-de-magno-pires-tem-capitulo-especial-sobre-batalha\/"},"wordCount":233,"publisher":{"@id":"https:\/\/www.bienaleditora.com.br\/site\/#organization"},"image":{"@id":"https:\/\/www.bienaleditora.com.br\/site\/novo-livro-de-magno-pires-tem-capitulo-especial-sobre-batalha\/#primaryimage"},"thumbnailUrl":"https:\/\/www.bienaleditora.com.br\/site\/wp-content\/uploads\/2024\/07\/Capa2.jpeg","keywords":["Batalha.","Livro","Magno Pires"],"articleSection":["blog"],"inLanguage":"pt-BR"},{"@type":"WebPage","@id":"https:\/\/www.bienaleditora.com.br\/site\/novo-livro-de-magno-pires-tem-capitulo-especial-sobre-batalha\/","url":"https:\/\/www.bienaleditora.com.br\/site\/novo-livro-de-magno-pires-tem-capitulo-especial-sobre-batalha\/","name":"Novo livro de Magno Pires tem cap\u00edtulo especial sobre Batalha - Bienal Editora","isPartOf":{"@id":"https:\/\/www.bienaleditora.com.br\/site\/#website"},"primaryImageOfPage":{"@id":"https:\/\/www.bienaleditora.com.br\/site\/novo-livro-de-magno-pires-tem-capitulo-especial-sobre-batalha\/#primaryimage"},"image":{"@id":"https:\/\/www.bienaleditora.com.br\/site\/novo-livro-de-magno-pires-tem-capitulo-especial-sobre-batalha\/#primaryimage"},"thumbnailUrl":"https:\/\/www.bienaleditora.com.br\/site\/wp-content\/uploads\/2024\/07\/Capa2.jpeg","datePublished":"2024-07-24T11:11:44+00:00","dateModified":"2024-07-25T10:18:30+00:00","breadcrumb":{"@id":"https:\/\/www.bienaleditora.com.br\/site\/novo-livro-de-magno-pires-tem-capitulo-especial-sobre-batalha\/#breadcrumb"},"inLanguage":"pt-BR","potentialAction":[{"@type":"ReadAction","target":["https:\/\/www.bienaleditora.com.br\/site\/novo-livro-de-magno-pires-tem-capitulo-especial-sobre-batalha\/"]}]},{"@type":"ImageObject","inLanguage":"pt-BR","@id":"https:\/\/www.bienaleditora.com.br\/site\/novo-livro-de-magno-pires-tem-capitulo-especial-sobre-batalha\/#primaryimage","url":"https:\/\/www.bienaleditora.com.br\/site\/wp-content\/uploads\/2024\/07\/Capa2.jpeg","contentUrl":"https:\/\/www.bienaleditora.com.br\/site\/wp-content\/uploads\/2024\/07\/Capa2.jpeg","width":1280,"height":873,"caption":"O novo livro de Magno Pires\/Imagem: Bienal."},{"@type":"BreadcrumbList","@id":"https:\/\/www.bienaleditora.com.br\/site\/novo-livro-de-magno-pires-tem-capitulo-especial-sobre-batalha\/#breadcrumb","itemListElement":[{"@type":"ListItem","position":1,"name":"Home","item":"https:\/\/www.bienaleditora.com.br\/site\/"},{"@type":"ListItem","position":2,"name":"Novo livro de Magno Pires tem cap\u00edtulo especial sobre Batalha"}]},{"@type":"WebSite","@id":"https:\/\/www.bienaleditora.com.br\/site\/#website","url":"https:\/\/www.bienaleditora.com.br\/site\/","name":"Bienal Editora","description":"Uma editora jovem, n\u00e3o s\u00f3 na idade \u2014 afinal foi fundada em dezembro de 2012 \u2014 mas no esp\u00edrito inovador de optar pela publica\u00e7\u00e3o de fic\u00e7\u00e3o e n\u00e3o fic\u00e7\u00e3o priorizando a qualidade, e n\u00e3o a quantidade de lan\u00e7amentos.","publisher":{"@id":"https:\/\/www.bienaleditora.com.br\/site\/#organization"},"potentialAction":[{"@type":"SearchAction","target":{"@type":"EntryPoint","urlTemplate":"https:\/\/www.bienaleditora.com.br\/site\/?s={search_term_string}"},"query-input":{"@type":"PropertyValueSpecification","valueRequired":true,"valueName":"search_term_string"}}],"inLanguage":"pt-BR"},{"@type":"Organization","@id":"https:\/\/www.bienaleditora.com.br\/site\/#organization","name":"Bienal Editora","url":"https:\/\/www.bienaleditora.com.br\/site\/","logo":{"@type":"ImageObject","inLanguage":"pt-BR","@id":"https:\/\/www.bienaleditora.com.br\/site\/#\/schema\/logo\/image\/","url":"https:\/\/www.bienaleditora.com.br\/site\/wp-content\/uploads\/2014\/01\/logomarca_png.png","contentUrl":"https:\/\/www.bienaleditora.com.br\/site\/wp-content\/uploads\/2014\/01\/logomarca_png.png","width":145,"height":79,"caption":"Bienal Editora"},"image":{"@id":"https:\/\/www.bienaleditora.com.br\/site\/#\/schema\/logo\/image\/"}},{"@type":"Person","@id":"https:\/\/www.bienaleditora.com.br\/site\/#\/schema\/person\/d1a5a5a109d4fde6a4d5a867405cb50e","name":"Assessoria","image":{"@type":"ImageObject","inLanguage":"pt-BR","@id":"https:\/\/www.bienaleditora.com.br\/site\/#\/schema\/person\/image\/","url":"https:\/\/secure.gravatar.com\/avatar\/fe245404998dfc514ff4b58c7565d7ef?s=96&d=mm&r=g","contentUrl":"https:\/\/secure.gravatar.com\/avatar\/fe245404998dfc514ff4b58c7565d7ef?s=96&d=mm&r=g","caption":"Assessoria"},"url":"https:\/\/www.bienaleditora.com.br\/site\/author\/zozimo\/"}]}},"_links":{"self":[{"href":"https:\/\/www.bienaleditora.com.br\/site\/wp-json\/wp\/v2\/posts\/3622","targetHints":{"allow":["GET"]}}],"collection":[{"href":"https:\/\/www.bienaleditora.com.br\/site\/wp-json\/wp\/v2\/posts"}],"about":[{"href":"https:\/\/www.bienaleditora.com.br\/site\/wp-json\/wp\/v2\/types\/post"}],"author":[{"embeddable":true,"href":"https:\/\/www.bienaleditora.com.br\/site\/wp-json\/wp\/v2\/users\/2"}],"replies":[{"embeddable":true,"href":"https:\/\/www.bienaleditora.com.br\/site\/wp-json\/wp\/v2\/comments?post=3622"}],"version-history":[{"count":2,"href":"https:\/\/www.bienaleditora.com.br\/site\/wp-json\/wp\/v2\/posts\/3622\/revisions"}],"predecessor-version":[{"id":3633,"href":"https:\/\/www.bienaleditora.com.br\/site\/wp-json\/wp\/v2\/posts\/3622\/revisions\/3633"}],"wp:featuredmedia":[{"embeddable":true,"href":"https:\/\/www.bienaleditora.com.br\/site\/wp-json\/wp\/v2\/media\/3630"}],"wp:attachment":[{"href":"https:\/\/www.bienaleditora.com.br\/site\/wp-json\/wp\/v2\/media?parent=3622"}],"wp:term":[{"taxonomy":"category","embeddable":true,"href":"https:\/\/www.bienaleditora.com.br\/site\/wp-json\/wp\/v2\/categories?post=3622"},{"taxonomy":"post_tag","embeddable":true,"href":"https:\/\/www.bienaleditora.com.br\/site\/wp-json\/wp\/v2\/tags?post=3622"}],"curies":[{"name":"wp","href":"https:\/\/api.w.org\/{rel}","templated":true}]}}