{"id":3637,"date":"2024-08-01T08:20:30","date_gmt":"2024-08-01T11:20:30","guid":{"rendered":"https:\/\/www.bienaleditora.com.br\/site\/?p=3637"},"modified":"2024-08-01T08:20:35","modified_gmt":"2024-08-01T11:20:35","slug":"livrarias-recebem-novo-livro-de-flavio-nogueira","status":"publish","type":"post","link":"https:\/\/www.bienaleditora.com.br\/site\/livrarias-recebem-novo-livro-de-flavio-nogueira\/","title":{"rendered":"Livrarias recebem novo livro de Fl\u00e1vio Nogueira"},"content":{"rendered":"<p>O livro \u201cA Rua Coelho de Resende\u201d, de autoria do m\u00e9dico e deputado federal Fl\u00e1vio Nogueira, est\u00e1 dispon\u00edvel em Teresina nas Livrarias Entrelivros, Universit\u00e1ria e Anchieta, ao pre\u00e7o de R$ 50,00 o exemplar.<\/p><p>A obra foi lan\u00e7ada em 8 de julho, no restaurante La Pasta Gialla, em ato prestigiado por personalidades do mundo pol\u00edtico, intelectual, empresarial e da medicina, al\u00e9m de familiares do autor.<\/p><p><strong>O livro<\/strong><\/p><p>Este livro apresenta uma s\u00edntese biogr\u00e1fica de Simpl\u00edcio Coelho Melo de Resende (1841 \u2013 1915), destacada personagem da vida p\u00fablica do Piau\u00ed entre o final do Segundo Imp\u00e9rio e o in\u00edcio do per\u00edodo republicano.<\/p><p>Ao longo do texto, o autor narra os principais acontecimentos da vida do biografado a partir de uma caminhada dominical que faz como transeunte pela Rua Coelho de Resende, em Teresina.<\/p><p>A cada esquina, uma breve parada na qual relaciona seus entroncamentos e vizinhan\u00e7as com outras ruas e logradouros que se remetem a mem\u00f3rias de vultos e fatos hist\u00f3ricos ligados ao personagem biografado.<\/p><p>Nessa caminhada pela rua e pela hist\u00f3ria, o autor conta os eventos marcantes da vida de Coelho de Resende em todos os campos em que desempenhou suas atividades e destaca sua atua\u00e7\u00e3o pol\u00edtica, jornal\u00edstica, jur\u00eddica e no magist\u00e9rio, assinalando sua voz abolicionista.<\/p><p>(<em>Imagens: Lu\u00eds Marcos<\/em>)<\/p><figure class=\"wp-block-image size-large\"><a href=\"https:\/\/www.bienaleditora.com.br\/site\/wp-content\/uploads\/2024\/08\/29-scaled.jpeg\"><img fetchpriority=\"high\" decoding=\"async\" width=\"1024\" height=\"768\" src=\"https:\/\/www.bienaleditora.com.br\/site\/wp-content\/uploads\/2024\/08\/29-1024x768.jpeg\" alt=\"\" class=\"wp-image-3638\" srcset=\"https:\/\/www.bienaleditora.com.br\/site\/wp-content\/uploads\/2024\/08\/29-1024x768.jpeg 1024w, https:\/\/www.bienaleditora.com.br\/site\/wp-content\/uploads\/2024\/08\/29-300x225.jpeg 300w, https:\/\/www.bienaleditora.com.br\/site\/wp-content\/uploads\/2024\/08\/29-768x576.jpeg 768w, https:\/\/www.bienaleditora.com.br\/site\/wp-content\/uploads\/2024\/08\/29-1536x1152.jpeg 1536w, https:\/\/www.bienaleditora.com.br\/site\/wp-content\/uploads\/2024\/08\/29-2048x1536.jpeg 2048w, https:\/\/www.bienaleditora.com.br\/site\/wp-content\/uploads\/2024\/08\/29-600x450.jpeg 600w\" sizes=\"(max-width: 1024px) 100vw, 1024px\" \/><\/a><\/figure><p><em>O governador Rafael Fonteles prefacia o novo livro de Fl\u00e1vio Nogueira.<\/em><\/p><figure class=\"wp-block-image size-large\"><a href=\"https:\/\/www.bienaleditora.com.br\/site\/wp-content\/uploads\/2024\/08\/26-scaled.jpeg\"><img decoding=\"async\" width=\"1024\" height=\"768\" src=\"https:\/\/www.bienaleditora.com.br\/site\/wp-content\/uploads\/2024\/08\/26-1024x768.jpeg\" alt=\"\" class=\"wp-image-3639\" srcset=\"https:\/\/www.bienaleditora.com.br\/site\/wp-content\/uploads\/2024\/08\/26-1024x768.jpeg 1024w, https:\/\/www.bienaleditora.com.br\/site\/wp-content\/uploads\/2024\/08\/26-300x225.jpeg 300w, https:\/\/www.bienaleditora.com.br\/site\/wp-content\/uploads\/2024\/08\/26-768x576.jpeg 768w, https:\/\/www.bienaleditora.com.br\/site\/wp-content\/uploads\/2024\/08\/26-1536x1152.jpeg 1536w, https:\/\/www.bienaleditora.com.br\/site\/wp-content\/uploads\/2024\/08\/26-2048x1536.jpeg 2048w, https:\/\/www.bienaleditora.com.br\/site\/wp-content\/uploads\/2024\/08\/26-600x450.jpeg 600w\" sizes=\"(max-width: 1024px) 100vw, 1024px\" \/><\/a><\/figure><p><\/p><figure class=\"wp-block-image size-large\"><a href=\"https:\/\/www.bienaleditora.com.br\/site\/wp-content\/uploads\/2024\/08\/28-scaled.jpeg\"><img decoding=\"async\" width=\"1024\" height=\"768\" src=\"https:\/\/www.bienaleditora.com.br\/site\/wp-content\/uploads\/2024\/08\/28-1024x768.jpeg\" alt=\"\" class=\"wp-image-3640\" srcset=\"https:\/\/www.bienaleditora.com.br\/site\/wp-content\/uploads\/2024\/08\/28-1024x768.jpeg 1024w, https:\/\/www.bienaleditora.com.br\/site\/wp-content\/uploads\/2024\/08\/28-300x225.jpeg 300w, https:\/\/www.bienaleditora.com.br\/site\/wp-content\/uploads\/2024\/08\/28-768x576.jpeg 768w, https:\/\/www.bienaleditora.com.br\/site\/wp-content\/uploads\/2024\/08\/28-1536x1152.jpeg 1536w, https:\/\/www.bienaleditora.com.br\/site\/wp-content\/uploads\/2024\/08\/28-2048x1536.jpeg 2048w, https:\/\/www.bienaleditora.com.br\/site\/wp-content\/uploads\/2024\/08\/28-600x450.jpeg 600w\" sizes=\"(max-width: 1024px) 100vw, 1024px\" \/><\/a><\/figure><p><\/p><figure class=\"wp-block-image size-large\"><a href=\"https:\/\/www.bienaleditora.com.br\/site\/wp-content\/uploads\/2024\/08\/27-scaled.jpeg\"><img loading=\"lazy\" decoding=\"async\" width=\"1024\" height=\"768\" src=\"https:\/\/www.bienaleditora.com.br\/site\/wp-content\/uploads\/2024\/08\/27-1024x768.jpeg\" alt=\"\" class=\"wp-image-3641\" srcset=\"https:\/\/www.bienaleditora.com.br\/site\/wp-content\/uploads\/2024\/08\/27-1024x768.jpeg 1024w, https:\/\/www.bienaleditora.com.br\/site\/wp-content\/uploads\/2024\/08\/27-300x225.jpeg 300w, https:\/\/www.bienaleditora.com.br\/site\/wp-content\/uploads\/2024\/08\/27-768x576.jpeg 768w, https:\/\/www.bienaleditora.com.br\/site\/wp-content\/uploads\/2024\/08\/27-1536x1152.jpeg 1536w, https:\/\/www.bienaleditora.com.br\/site\/wp-content\/uploads\/2024\/08\/27-2048x1536.jpeg 2048w, https:\/\/www.bienaleditora.com.br\/site\/wp-content\/uploads\/2024\/08\/27-600x450.jpeg 600w\" sizes=\"(max-width: 1024px) 100vw, 1024px\" \/><\/a><\/figure>","protected":false},"excerpt":{"rendered":"<p>O livro \u201cA Rua Coelho de Resende\u201d, de autoria do m\u00e9dico e deputado federal Fl\u00e1vio Nogueira, est\u00e1 dispon\u00edvel em Teresina nas Livrarias Entrelivros, Universit\u00e1ria e Anchieta, ao pre\u00e7o de R$ 50,00 o exemplar. A obra foi lan\u00e7ada em 8 de julho, no restaurante La Pasta Gialla, em ato prestigiado por personalidades do mundo pol\u00edtico, intelectual, [&hellip;]<\/p>\n","protected":false},"author":2,"featured_media":3642,"comment_status":"closed","ping_status":"open","sticky":false,"template":"","format":"standard","meta":{"_acf_changed":false,"footnotes":""},"categories":[4],"tags":[178,106],"class_list":["post-3637","post","type-post","status-publish","format-standard","has-post-thumbnail","hentry","category-blog","tag-livrarias","tag-livro"],"acf":[],"yoast_head":"<!-- This site is optimized with the Yoast SEO plugin v26.7 - https:\/\/yoast.com\/wordpress\/plugins\/seo\/ -->\n<title>Livrarias recebem novo livro de Fl\u00e1vio Nogueira - Bienal Editora<\/title>\n<meta name=\"robots\" content=\"index, follow, max-snippet:-1, max-image-preview:large, max-video-preview:-1\" \/>\n<link rel=\"canonical\" href=\"https:\/\/www.bienaleditora.com.br\/site\/livrarias-recebem-novo-livro-de-flavio-nogueira\/\" \/>\n<meta property=\"og:locale\" content=\"pt_BR\" \/>\n<meta property=\"og:type\" content=\"article\" \/>\n<meta property=\"og:title\" content=\"Livrarias recebem novo livro de Fl\u00e1vio Nogueira - Bienal Editora\" \/>\n<meta property=\"og:description\" content=\"O livro \u201cA Rua Coelho de Resende\u201d, de autoria do m\u00e9dico e deputado federal Fl\u00e1vio Nogueira, est\u00e1 dispon\u00edvel em Teresina nas Livrarias Entrelivros, Universit\u00e1ria e Anchieta, ao pre\u00e7o de R$ 50,00 o exemplar. A obra foi lan\u00e7ada em 8 de julho, no restaurante La Pasta Gialla, em ato prestigiado por personalidades do mundo pol\u00edtico, intelectual, [&hellip;]\" \/>\n<meta property=\"og:url\" content=\"https:\/\/www.bienaleditora.com.br\/site\/livrarias-recebem-novo-livro-de-flavio-nogueira\/\" \/>\n<meta property=\"og:site_name\" content=\"Bienal Editora\" \/>\n<meta property=\"article:published_time\" content=\"2024-08-01T11:20:30+00:00\" \/>\n<meta property=\"article:modified_time\" content=\"2024-08-01T11:20:35+00:00\" \/>\n<meta property=\"og:image\" content=\"https:\/\/www.bienaleditora.com.br\/site\/wp-content\/uploads\/2024\/08\/32-scaled.jpeg\" \/>\n\t<meta property=\"og:image:width\" content=\"2560\" \/>\n\t<meta property=\"og:image:height\" content=\"1707\" \/>\n\t<meta property=\"og:image:type\" content=\"image\/jpeg\" \/>\n<meta name=\"author\" content=\"Assessoria\" \/>\n<meta name=\"twitter:card\" content=\"summary_large_image\" \/>\n<meta name=\"twitter:label1\" content=\"Escrito por\" \/>\n\t<meta name=\"twitter:data1\" content=\"Assessoria\" \/>\n\t<meta name=\"twitter:label2\" content=\"Est. tempo de leitura\" \/>\n\t<meta name=\"twitter:data2\" content=\"1 minuto\" \/>\n<script type=\"application\/ld+json\" class=\"yoast-schema-graph\">{\"@context\":\"https:\/\/schema.org\",\"@graph\":[{\"@type\":\"Article\",\"@id\":\"https:\/\/www.bienaleditora.com.br\/site\/livrarias-recebem-novo-livro-de-flavio-nogueira\/#article\",\"isPartOf\":{\"@id\":\"https:\/\/www.bienaleditora.com.br\/site\/livrarias-recebem-novo-livro-de-flavio-nogueira\/\"},\"author\":{\"name\":\"Assessoria\",\"@id\":\"https:\/\/www.bienaleditora.com.br\/site\/#\/schema\/person\/d1a5a5a109d4fde6a4d5a867405cb50e\"},\"headline\":\"Livrarias recebem novo livro de Fl\u00e1vio Nogueira\",\"datePublished\":\"2024-08-01T11:20:30+00:00\",\"dateModified\":\"2024-08-01T11:20:35+00:00\",\"mainEntityOfPage\":{\"@id\":\"https:\/\/www.bienaleditora.com.br\/site\/livrarias-recebem-novo-livro-de-flavio-nogueira\/\"},\"wordCount\":248,\"publisher\":{\"@id\":\"https:\/\/www.bienaleditora.com.br\/site\/#organization\"},\"image\":{\"@id\":\"https:\/\/www.bienaleditora.com.br\/site\/livrarias-recebem-novo-livro-de-flavio-nogueira\/#primaryimage\"},\"thumbnailUrl\":\"https:\/\/www.bienaleditora.com.br\/site\/wp-content\/uploads\/2024\/08\/32-scaled.jpeg\",\"keywords\":[\"Livrarias.\",\"Livro\"],\"articleSection\":[\"blog\"],\"inLanguage\":\"pt-BR\"},{\"@type\":\"WebPage\",\"@id\":\"https:\/\/www.bienaleditora.com.br\/site\/livrarias-recebem-novo-livro-de-flavio-nogueira\/\",\"url\":\"https:\/\/www.bienaleditora.com.br\/site\/livrarias-recebem-novo-livro-de-flavio-nogueira\/\",\"name\":\"Livrarias recebem novo livro de Fl\u00e1vio Nogueira - Bienal Editora\",\"isPartOf\":{\"@id\":\"https:\/\/www.bienaleditora.com.br\/site\/#website\"},\"primaryImageOfPage\":{\"@id\":\"https:\/\/www.bienaleditora.com.br\/site\/livrarias-recebem-novo-livro-de-flavio-nogueira\/#primaryimage\"},\"image\":{\"@id\":\"https:\/\/www.bienaleditora.com.br\/site\/livrarias-recebem-novo-livro-de-flavio-nogueira\/#primaryimage\"},\"thumbnailUrl\":\"https:\/\/www.bienaleditora.com.br\/site\/wp-content\/uploads\/2024\/08\/32-scaled.jpeg\",\"datePublished\":\"2024-08-01T11:20:30+00:00\",\"dateModified\":\"2024-08-01T11:20:35+00:00\",\"breadcrumb\":{\"@id\":\"https:\/\/www.bienaleditora.com.br\/site\/livrarias-recebem-novo-livro-de-flavio-nogueira\/#breadcrumb\"},\"inLanguage\":\"pt-BR\",\"potentialAction\":[{\"@type\":\"ReadAction\",\"target\":[\"https:\/\/www.bienaleditora.com.br\/site\/livrarias-recebem-novo-livro-de-flavio-nogueira\/\"]}]},{\"@type\":\"ImageObject\",\"inLanguage\":\"pt-BR\",\"@id\":\"https:\/\/www.bienaleditora.com.br\/site\/livrarias-recebem-novo-livro-de-flavio-nogueira\/#primaryimage\",\"url\":\"https:\/\/www.bienaleditora.com.br\/site\/wp-content\/uploads\/2024\/08\/32-scaled.jpeg\",\"contentUrl\":\"https:\/\/www.bienaleditora.com.br\/site\/wp-content\/uploads\/2024\/08\/32-scaled.jpeg\",\"width\":2560,\"height\":1707,\"caption\":\"O novo livro de Fl\u00e1vio Nogueira\/Imagens: Lu\u00eds Marcos.\"},{\"@type\":\"BreadcrumbList\",\"@id\":\"https:\/\/www.bienaleditora.com.br\/site\/livrarias-recebem-novo-livro-de-flavio-nogueira\/#breadcrumb\",\"itemListElement\":[{\"@type\":\"ListItem\",\"position\":1,\"name\":\"Home\",\"item\":\"https:\/\/www.bienaleditora.com.br\/site\/\"},{\"@type\":\"ListItem\",\"position\":2,\"name\":\"Livrarias recebem novo livro de Fl\u00e1vio Nogueira\"}]},{\"@type\":\"WebSite\",\"@id\":\"https:\/\/www.bienaleditora.com.br\/site\/#website\",\"url\":\"https:\/\/www.bienaleditora.com.br\/site\/\",\"name\":\"Bienal Editora\",\"description\":\"Uma editora jovem, n\u00e3o s\u00f3 na idade \u2014 afinal foi fundada em dezembro de 2012 \u2014 mas no esp\u00edrito inovador de optar pela publica\u00e7\u00e3o de fic\u00e7\u00e3o e n\u00e3o fic\u00e7\u00e3o priorizando a qualidade, e n\u00e3o a quantidade de lan\u00e7amentos.\",\"publisher\":{\"@id\":\"https:\/\/www.bienaleditora.com.br\/site\/#organization\"},\"potentialAction\":[{\"@type\":\"SearchAction\",\"target\":{\"@type\":\"EntryPoint\",\"urlTemplate\":\"https:\/\/www.bienaleditora.com.br\/site\/?s={search_term_string}\"},\"query-input\":{\"@type\":\"PropertyValueSpecification\",\"valueRequired\":true,\"valueName\":\"search_term_string\"}}],\"inLanguage\":\"pt-BR\"},{\"@type\":\"Organization\",\"@id\":\"https:\/\/www.bienaleditora.com.br\/site\/#organization\",\"name\":\"Bienal Editora\",\"url\":\"https:\/\/www.bienaleditora.com.br\/site\/\",\"logo\":{\"@type\":\"ImageObject\",\"inLanguage\":\"pt-BR\",\"@id\":\"https:\/\/www.bienaleditora.com.br\/site\/#\/schema\/logo\/image\/\",\"url\":\"https:\/\/www.bienaleditora.com.br\/site\/wp-content\/uploads\/2014\/01\/logomarca_png.png\",\"contentUrl\":\"https:\/\/www.bienaleditora.com.br\/site\/wp-content\/uploads\/2014\/01\/logomarca_png.png\",\"width\":145,\"height\":79,\"caption\":\"Bienal Editora\"},\"image\":{\"@id\":\"https:\/\/www.bienaleditora.com.br\/site\/#\/schema\/logo\/image\/\"}},{\"@type\":\"Person\",\"@id\":\"https:\/\/www.bienaleditora.com.br\/site\/#\/schema\/person\/d1a5a5a109d4fde6a4d5a867405cb50e\",\"name\":\"Assessoria\",\"image\":{\"@type\":\"ImageObject\",\"inLanguage\":\"pt-BR\",\"@id\":\"https:\/\/www.bienaleditora.com.br\/site\/#\/schema\/person\/image\/\",\"url\":\"https:\/\/secure.gravatar.com\/avatar\/fe245404998dfc514ff4b58c7565d7ef?s=96&d=mm&r=g\",\"contentUrl\":\"https:\/\/secure.gravatar.com\/avatar\/fe245404998dfc514ff4b58c7565d7ef?s=96&d=mm&r=g\",\"caption\":\"Assessoria\"},\"url\":\"https:\/\/www.bienaleditora.com.br\/site\/author\/zozimo\/\"}]}<\/script>\n<!-- \/ Yoast SEO plugin. -->","yoast_head_json":{"title":"Livrarias recebem novo livro de Fl\u00e1vio Nogueira - Bienal Editora","robots":{"index":"index","follow":"follow","max-snippet":"max-snippet:-1","max-image-preview":"max-image-preview:large","max-video-preview":"max-video-preview:-1"},"canonical":"https:\/\/www.bienaleditora.com.br\/site\/livrarias-recebem-novo-livro-de-flavio-nogueira\/","og_locale":"pt_BR","og_type":"article","og_title":"Livrarias recebem novo livro de Fl\u00e1vio Nogueira - Bienal Editora","og_description":"O livro \u201cA Rua Coelho de Resende\u201d, de autoria do m\u00e9dico e deputado federal Fl\u00e1vio Nogueira, est\u00e1 dispon\u00edvel em Teresina nas Livrarias Entrelivros, Universit\u00e1ria e Anchieta, ao pre\u00e7o de R$ 50,00 o exemplar. A obra foi lan\u00e7ada em 8 de julho, no restaurante La Pasta Gialla, em ato prestigiado por personalidades do mundo pol\u00edtico, intelectual, [&hellip;]","og_url":"https:\/\/www.bienaleditora.com.br\/site\/livrarias-recebem-novo-livro-de-flavio-nogueira\/","og_site_name":"Bienal Editora","article_published_time":"2024-08-01T11:20:30+00:00","article_modified_time":"2024-08-01T11:20:35+00:00","og_image":[{"width":2560,"height":1707,"url":"https:\/\/www.bienaleditora.com.br\/site\/wp-content\/uploads\/2024\/08\/32-scaled.jpeg","type":"image\/jpeg"}],"author":"Assessoria","twitter_card":"summary_large_image","twitter_misc":{"Escrito por":"Assessoria","Est. tempo de leitura":"1 minuto"},"schema":{"@context":"https:\/\/schema.org","@graph":[{"@type":"Article","@id":"https:\/\/www.bienaleditora.com.br\/site\/livrarias-recebem-novo-livro-de-flavio-nogueira\/#article","isPartOf":{"@id":"https:\/\/www.bienaleditora.com.br\/site\/livrarias-recebem-novo-livro-de-flavio-nogueira\/"},"author":{"name":"Assessoria","@id":"https:\/\/www.bienaleditora.com.br\/site\/#\/schema\/person\/d1a5a5a109d4fde6a4d5a867405cb50e"},"headline":"Livrarias recebem novo livro de Fl\u00e1vio Nogueira","datePublished":"2024-08-01T11:20:30+00:00","dateModified":"2024-08-01T11:20:35+00:00","mainEntityOfPage":{"@id":"https:\/\/www.bienaleditora.com.br\/site\/livrarias-recebem-novo-livro-de-flavio-nogueira\/"},"wordCount":248,"publisher":{"@id":"https:\/\/www.bienaleditora.com.br\/site\/#organization"},"image":{"@id":"https:\/\/www.bienaleditora.com.br\/site\/livrarias-recebem-novo-livro-de-flavio-nogueira\/#primaryimage"},"thumbnailUrl":"https:\/\/www.bienaleditora.com.br\/site\/wp-content\/uploads\/2024\/08\/32-scaled.jpeg","keywords":["Livrarias.","Livro"],"articleSection":["blog"],"inLanguage":"pt-BR"},{"@type":"WebPage","@id":"https:\/\/www.bienaleditora.com.br\/site\/livrarias-recebem-novo-livro-de-flavio-nogueira\/","url":"https:\/\/www.bienaleditora.com.br\/site\/livrarias-recebem-novo-livro-de-flavio-nogueira\/","name":"Livrarias recebem novo livro de Fl\u00e1vio Nogueira - Bienal Editora","isPartOf":{"@id":"https:\/\/www.bienaleditora.com.br\/site\/#website"},"primaryImageOfPage":{"@id":"https:\/\/www.bienaleditora.com.br\/site\/livrarias-recebem-novo-livro-de-flavio-nogueira\/#primaryimage"},"image":{"@id":"https:\/\/www.bienaleditora.com.br\/site\/livrarias-recebem-novo-livro-de-flavio-nogueira\/#primaryimage"},"thumbnailUrl":"https:\/\/www.bienaleditora.com.br\/site\/wp-content\/uploads\/2024\/08\/32-scaled.jpeg","datePublished":"2024-08-01T11:20:30+00:00","dateModified":"2024-08-01T11:20:35+00:00","breadcrumb":{"@id":"https:\/\/www.bienaleditora.com.br\/site\/livrarias-recebem-novo-livro-de-flavio-nogueira\/#breadcrumb"},"inLanguage":"pt-BR","potentialAction":[{"@type":"ReadAction","target":["https:\/\/www.bienaleditora.com.br\/site\/livrarias-recebem-novo-livro-de-flavio-nogueira\/"]}]},{"@type":"ImageObject","inLanguage":"pt-BR","@id":"https:\/\/www.bienaleditora.com.br\/site\/livrarias-recebem-novo-livro-de-flavio-nogueira\/#primaryimage","url":"https:\/\/www.bienaleditora.com.br\/site\/wp-content\/uploads\/2024\/08\/32-scaled.jpeg","contentUrl":"https:\/\/www.bienaleditora.com.br\/site\/wp-content\/uploads\/2024\/08\/32-scaled.jpeg","width":2560,"height":1707,"caption":"O novo livro de Fl\u00e1vio Nogueira\/Imagens: Lu\u00eds Marcos."},{"@type":"BreadcrumbList","@id":"https:\/\/www.bienaleditora.com.br\/site\/livrarias-recebem-novo-livro-de-flavio-nogueira\/#breadcrumb","itemListElement":[{"@type":"ListItem","position":1,"name":"Home","item":"https:\/\/www.bienaleditora.com.br\/site\/"},{"@type":"ListItem","position":2,"name":"Livrarias recebem novo livro de Fl\u00e1vio Nogueira"}]},{"@type":"WebSite","@id":"https:\/\/www.bienaleditora.com.br\/site\/#website","url":"https:\/\/www.bienaleditora.com.br\/site\/","name":"Bienal Editora","description":"Uma editora jovem, n\u00e3o s\u00f3 na idade \u2014 afinal foi fundada em dezembro de 2012 \u2014 mas no esp\u00edrito inovador de optar pela publica\u00e7\u00e3o de fic\u00e7\u00e3o e n\u00e3o fic\u00e7\u00e3o priorizando a qualidade, e n\u00e3o a quantidade de lan\u00e7amentos.","publisher":{"@id":"https:\/\/www.bienaleditora.com.br\/site\/#organization"},"potentialAction":[{"@type":"SearchAction","target":{"@type":"EntryPoint","urlTemplate":"https:\/\/www.bienaleditora.com.br\/site\/?s={search_term_string}"},"query-input":{"@type":"PropertyValueSpecification","valueRequired":true,"valueName":"search_term_string"}}],"inLanguage":"pt-BR"},{"@type":"Organization","@id":"https:\/\/www.bienaleditora.com.br\/site\/#organization","name":"Bienal Editora","url":"https:\/\/www.bienaleditora.com.br\/site\/","logo":{"@type":"ImageObject","inLanguage":"pt-BR","@id":"https:\/\/www.bienaleditora.com.br\/site\/#\/schema\/logo\/image\/","url":"https:\/\/www.bienaleditora.com.br\/site\/wp-content\/uploads\/2014\/01\/logomarca_png.png","contentUrl":"https:\/\/www.bienaleditora.com.br\/site\/wp-content\/uploads\/2014\/01\/logomarca_png.png","width":145,"height":79,"caption":"Bienal Editora"},"image":{"@id":"https:\/\/www.bienaleditora.com.br\/site\/#\/schema\/logo\/image\/"}},{"@type":"Person","@id":"https:\/\/www.bienaleditora.com.br\/site\/#\/schema\/person\/d1a5a5a109d4fde6a4d5a867405cb50e","name":"Assessoria","image":{"@type":"ImageObject","inLanguage":"pt-BR","@id":"https:\/\/www.bienaleditora.com.br\/site\/#\/schema\/person\/image\/","url":"https:\/\/secure.gravatar.com\/avatar\/fe245404998dfc514ff4b58c7565d7ef?s=96&d=mm&r=g","contentUrl":"https:\/\/secure.gravatar.com\/avatar\/fe245404998dfc514ff4b58c7565d7ef?s=96&d=mm&r=g","caption":"Assessoria"},"url":"https:\/\/www.bienaleditora.com.br\/site\/author\/zozimo\/"}]}},"_links":{"self":[{"href":"https:\/\/www.bienaleditora.com.br\/site\/wp-json\/wp\/v2\/posts\/3637","targetHints":{"allow":["GET"]}}],"collection":[{"href":"https:\/\/www.bienaleditora.com.br\/site\/wp-json\/wp\/v2\/posts"}],"about":[{"href":"https:\/\/www.bienaleditora.com.br\/site\/wp-json\/wp\/v2\/types\/post"}],"author":[{"embeddable":true,"href":"https:\/\/www.bienaleditora.com.br\/site\/wp-json\/wp\/v2\/users\/2"}],"replies":[{"embeddable":true,"href":"https:\/\/www.bienaleditora.com.br\/site\/wp-json\/wp\/v2\/comments?post=3637"}],"version-history":[{"count":1,"href":"https:\/\/www.bienaleditora.com.br\/site\/wp-json\/wp\/v2\/posts\/3637\/revisions"}],"predecessor-version":[{"id":3643,"href":"https:\/\/www.bienaleditora.com.br\/site\/wp-json\/wp\/v2\/posts\/3637\/revisions\/3643"}],"wp:featuredmedia":[{"embeddable":true,"href":"https:\/\/www.bienaleditora.com.br\/site\/wp-json\/wp\/v2\/media\/3642"}],"wp:attachment":[{"href":"https:\/\/www.bienaleditora.com.br\/site\/wp-json\/wp\/v2\/media?parent=3637"}],"wp:term":[{"taxonomy":"category","embeddable":true,"href":"https:\/\/www.bienaleditora.com.br\/site\/wp-json\/wp\/v2\/categories?post=3637"},{"taxonomy":"post_tag","embeddable":true,"href":"https:\/\/www.bienaleditora.com.br\/site\/wp-json\/wp\/v2\/tags?post=3637"}],"curies":[{"name":"wp","href":"https:\/\/api.w.org\/{rel}","templated":true}]}}