{"id":4078,"date":"2025-09-10T07:25:57","date_gmt":"2025-09-10T10:25:57","guid":{"rendered":"https:\/\/www.bienaleditora.com.br\/site\/?p=4078"},"modified":"2025-09-10T07:26:00","modified_gmt":"2025-09-10T10:26:00","slug":"especial-dirceu-arcoverde-100-anos-parte-4","status":"publish","type":"post","link":"https:\/\/www.bienaleditora.com.br\/site\/especial-dirceu-arcoverde-100-anos-parte-4\/","title":{"rendered":"ESPECIAL: Dirceu Arcoverde: 100 anos (Parte 4)"},"content":{"rendered":"<p><\/p><p><strong>Morte do senador surpreende e choca piauienses<\/strong><\/p><p><\/p><p class=\"has-text-align-center\"><em>Z\u00f3zimo Tavares (*)<\/em><\/p><p><\/p><p>O inesperado falecimento do senador Dirceu Arcoverde, aos 53 anos e com apenas 44 dias de mandato no Congresso Nacional, foi um choque para os piauienses.<\/p><p>A surpresa maior, entre familiares e amigos, se dava pelo fato de que ele, como m\u00e9dico, cuidava bem da pr\u00f3pria sa\u00fade.<\/p><p>Assim, cumpria voluntariamente uma dieta espartana: n\u00e3o bebia, n\u00e3o fumava, n\u00e3o tomava caf\u00e9 e sua alimenta\u00e7\u00e3o era das mais equilibradas.<\/p><p>Al\u00e9m disso, fazia caminhada di\u00e1ria de uma hora e se apresentava sempre muito sereno.<\/p><p><strong>Tens\u00e3o na v\u00e9spera<\/strong><\/p><p>O deputado federal Paulo Ferraz (1919 &#8211; 1981) foi o \u00faltimo pol\u00edtico a almo\u00e7ar com Dirceu Arcoverde, no restaurante do Congresso Nacional:<\/p><p>&#8211; <em>Fui por insist\u00eancia dele, que desejava muito \u2013 conforme disse \u2013 conversar comigo. Como sempre, quase nada comeu. Enquanto eu me deliciei com um prato de muito gosto, ele pediu posta de peixe, da qual comeu apenas a metade, com uma pequena por\u00e7\u00e3o de \u201cpir\u00ea\u201d, completando a refei\u00e7\u00e3o com meio copo de \u00e1gua mineral. Conclu\u00edmos o almo\u00e7o a uma hora e quarenta minutos, quando ele foi para o gabinete e eu sa\u00ed para casa. Mostrava-se preocupado com o discurso que ia proferir, dali a instantes, na tribuna do Senado, sobre problemas da sa\u00fade. Disse que havia dado tudo de si para realizar uma boa estreia<\/em>.<\/p><p><strong>O AVC na tribuna do Senado<\/strong><\/p><p>Ap\u00f3s o Acidente Vascular Cerebral (AVC) que sofreu na tribuna, na tarde daquele 9 de mar\u00e7o de 1979, Dirceu ficou internado na UTI do Hospital do Ipase, em Bras\u00edlia.<\/p><p>O quadro era sombrio, apresentando-se como irrevers\u00edvel.<\/p><p>A partir da\u00ed os jornais de Teresina davam manchetes di\u00e1rias sobre a delicada situa\u00e7\u00e3o do senador.<\/p><p>O jornalista e escritor Jos\u00e9 Lopes dos Santos registrou, em seu livro <em>Dirceu Arcoverde \u2013 Miss\u00e3o cumprida<\/em>\u201d, publicado logo ap\u00f3s a morte do senador:<\/p><p>\u201c<em>Quem viu, pela televis\u00e3o, suas fotografias falando no Senado, constatou que ele perdeu o controle de uma das m\u00e3os, passando a gesticular com a outra, at\u00e9 concluir o discurso, quando n\u00e3o tombou por ter sido amparado a tempo<\/em>\u201d.<\/p><p>Levado \u00e0s pressas para o hospital, o senador foi operado para a retirada do co\u00e1gulo que se formara com o AVC.<\/p><p><strong>A esperan\u00e7a por um fio<\/strong><\/p><p>O escritor contou, ainda, com base nas informa\u00e7\u00f5es recebidas de Bras\u00edlia, como secret\u00e1rio de Governo \u2013 portanto, com acesso a informa\u00e7\u00f5es privilegiadas:<\/p><p>\u201c<em>O doente passa normalmente, dentro das condi\u00e7\u00f5es atuais de sa\u00fade. H\u00e1 esperan\u00e7as<\/em>&#8220;.<\/p><p>Em outro registro, Jos\u00e9 Lopes dos Santos observa:<\/p><p>\u201c<em>Todas (as esperan\u00e7as) em v\u00e3o. A partir das 4 horas da manh\u00e3 do dia 16, a press\u00e3o arterial descontrola-se e fica oscilando violentamente<\/em>\u201d. &nbsp;<\/p><p>O senador viria a falecer \u00e0s 10h20, enlutando o Piau\u00ed. Era uma sexta-feira.<\/p><p><strong>A despedida<\/strong><\/p><p>O corpo do senador chegou a Teresina no come\u00e7o da noite. A cidade era tomada por um clima de como\u00e7\u00e3o p\u00fablica.<\/p><p>Chovia e me recordo que houve o coment\u00e1rio: \u201cAt\u00e9 o c\u00e9u chorou pelo Dr. Dirceu!\u201d (<em>Continua&#8230;<\/em>)<\/p><p><\/p><p><em>(*) Z\u00f3zimo Tavares \u00e9 jornalista e escritor. Autor da biografia \u201cDirceu Arcoverde \u2013 Uma esperan\u00e7a interrompida\u201d.<\/em><\/p><p><\/p>","protected":false},"excerpt":{"rendered":"<p>Morte do senador surpreende e choca piauienses Z\u00f3zimo Tavares (*) O inesperado falecimento do senador Dirceu Arcoverde, aos 53 anos e com apenas 44 dias de mandato no Congresso Nacional, foi um choque para os piauienses. A surpresa maior, entre familiares e amigos, se dava pelo fato de que ele, como m\u00e9dico, cuidava bem da [&hellip;]<\/p>\n","protected":false},"author":2,"featured_media":4081,"comment_status":"closed","ping_status":"open","sticky":false,"template":"","format":"standard","meta":{"_acf_changed":false,"footnotes":""},"categories":[4],"tags":[239,235,101,238],"class_list":["post-4078","post","type-post","status-publish","format-standard","has-post-thumbnail","hentry","category-blog","tag-100-anos","tag-dirceu-arcoverde","tag-piaui","tag-senador"],"acf":[],"yoast_head":"<!-- This site is optimized with the Yoast SEO plugin v26.7 - https:\/\/yoast.com\/wordpress\/plugins\/seo\/ -->\n<title>ESPECIAL: Dirceu Arcoverde: 100 anos (Parte 4) - Bienal Editora<\/title>\n<meta name=\"robots\" content=\"index, follow, max-snippet:-1, max-image-preview:large, max-video-preview:-1\" \/>\n<link rel=\"canonical\" href=\"https:\/\/www.bienaleditora.com.br\/site\/especial-dirceu-arcoverde-100-anos-parte-4\/\" \/>\n<meta property=\"og:locale\" content=\"pt_BR\" \/>\n<meta property=\"og:type\" content=\"article\" \/>\n<meta property=\"og:title\" content=\"ESPECIAL: Dirceu Arcoverde: 100 anos (Parte 4) - Bienal Editora\" \/>\n<meta property=\"og:description\" content=\"Morte do senador surpreende e choca piauienses Z\u00f3zimo Tavares (*) O inesperado falecimento do senador Dirceu Arcoverde, aos 53 anos e com apenas 44 dias de mandato no Congresso Nacional, foi um choque para os piauienses. A surpresa maior, entre familiares e amigos, se dava pelo fato de que ele, como m\u00e9dico, cuidava bem da [&hellip;]\" \/>\n<meta property=\"og:url\" content=\"https:\/\/www.bienaleditora.com.br\/site\/especial-dirceu-arcoverde-100-anos-parte-4\/\" \/>\n<meta property=\"og:site_name\" content=\"Bienal Editora\" \/>\n<meta property=\"article:published_time\" content=\"2025-09-10T10:25:57+00:00\" \/>\n<meta property=\"article:modified_time\" content=\"2025-09-10T10:26:00+00:00\" \/>\n<meta property=\"og:image\" content=\"https:\/\/www.bienaleditora.com.br\/site\/wp-content\/uploads\/2025\/09\/O-Estado.webp\" \/>\n\t<meta property=\"og:image:width\" content=\"1346\" \/>\n\t<meta property=\"og:image:height\" content=\"1362\" \/>\n\t<meta property=\"og:image:type\" content=\"image\/webp\" \/>\n<meta name=\"author\" content=\"Assessoria\" \/>\n<meta name=\"twitter:card\" content=\"summary_large_image\" \/>\n<meta name=\"twitter:label1\" content=\"Escrito por\" \/>\n\t<meta name=\"twitter:data1\" content=\"Assessoria\" \/>\n\t<meta name=\"twitter:label2\" content=\"Est. tempo de leitura\" \/>\n\t<meta name=\"twitter:data2\" content=\"4 minutos\" \/>\n<script type=\"application\/ld+json\" class=\"yoast-schema-graph\">{\"@context\":\"https:\/\/schema.org\",\"@graph\":[{\"@type\":\"Article\",\"@id\":\"https:\/\/www.bienaleditora.com.br\/site\/especial-dirceu-arcoverde-100-anos-parte-4\/#article\",\"isPartOf\":{\"@id\":\"https:\/\/www.bienaleditora.com.br\/site\/especial-dirceu-arcoverde-100-anos-parte-4\/\"},\"author\":{\"name\":\"Assessoria\",\"@id\":\"https:\/\/www.bienaleditora.com.br\/site\/#\/schema\/person\/d1a5a5a109d4fde6a4d5a867405cb50e\"},\"headline\":\"ESPECIAL: Dirceu Arcoverde: 100 anos (Parte 4)\",\"datePublished\":\"2025-09-10T10:25:57+00:00\",\"dateModified\":\"2025-09-10T10:26:00+00:00\",\"mainEntityOfPage\":{\"@id\":\"https:\/\/www.bienaleditora.com.br\/site\/especial-dirceu-arcoverde-100-anos-parte-4\/\"},\"wordCount\":541,\"publisher\":{\"@id\":\"https:\/\/www.bienaleditora.com.br\/site\/#organization\"},\"image\":{\"@id\":\"https:\/\/www.bienaleditora.com.br\/site\/especial-dirceu-arcoverde-100-anos-parte-4\/#primaryimage\"},\"thumbnailUrl\":\"https:\/\/www.bienaleditora.com.br\/site\/wp-content\/uploads\/2025\/09\/O-Estado.webp\",\"keywords\":[\"100 anos.\",\"Dirceu Arcoverde\",\"Piau\u00ed\",\"Senador\"],\"articleSection\":[\"blog\"],\"inLanguage\":\"pt-BR\"},{\"@type\":\"WebPage\",\"@id\":\"https:\/\/www.bienaleditora.com.br\/site\/especial-dirceu-arcoverde-100-anos-parte-4\/\",\"url\":\"https:\/\/www.bienaleditora.com.br\/site\/especial-dirceu-arcoverde-100-anos-parte-4\/\",\"name\":\"ESPECIAL: Dirceu Arcoverde: 100 anos (Parte 4) - Bienal Editora\",\"isPartOf\":{\"@id\":\"https:\/\/www.bienaleditora.com.br\/site\/#website\"},\"primaryImageOfPage\":{\"@id\":\"https:\/\/www.bienaleditora.com.br\/site\/especial-dirceu-arcoverde-100-anos-parte-4\/#primaryimage\"},\"image\":{\"@id\":\"https:\/\/www.bienaleditora.com.br\/site\/especial-dirceu-arcoverde-100-anos-parte-4\/#primaryimage\"},\"thumbnailUrl\":\"https:\/\/www.bienaleditora.com.br\/site\/wp-content\/uploads\/2025\/09\/O-Estado.webp\",\"datePublished\":\"2025-09-10T10:25:57+00:00\",\"dateModified\":\"2025-09-10T10:26:00+00:00\",\"breadcrumb\":{\"@id\":\"https:\/\/www.bienaleditora.com.br\/site\/especial-dirceu-arcoverde-100-anos-parte-4\/#breadcrumb\"},\"inLanguage\":\"pt-BR\",\"potentialAction\":[{\"@type\":\"ReadAction\",\"target\":[\"https:\/\/www.bienaleditora.com.br\/site\/especial-dirceu-arcoverde-100-anos-parte-4\/\"]}]},{\"@type\":\"ImageObject\",\"inLanguage\":\"pt-BR\",\"@id\":\"https:\/\/www.bienaleditora.com.br\/site\/especial-dirceu-arcoverde-100-anos-parte-4\/#primaryimage\",\"url\":\"https:\/\/www.bienaleditora.com.br\/site\/wp-content\/uploads\/2025\/09\/O-Estado.webp\",\"contentUrl\":\"https:\/\/www.bienaleditora.com.br\/site\/wp-content\/uploads\/2025\/09\/O-Estado.webp\",\"width\":1346,\"height\":1362,\"caption\":\"Capa do jornal O Estado, de 10 de mar\u00e7o de 1979.\"},{\"@type\":\"BreadcrumbList\",\"@id\":\"https:\/\/www.bienaleditora.com.br\/site\/especial-dirceu-arcoverde-100-anos-parte-4\/#breadcrumb\",\"itemListElement\":[{\"@type\":\"ListItem\",\"position\":1,\"name\":\"Home\",\"item\":\"https:\/\/www.bienaleditora.com.br\/site\/\"},{\"@type\":\"ListItem\",\"position\":2,\"name\":\"ESPECIAL: Dirceu Arcoverde: 100 anos (Parte 4)\"}]},{\"@type\":\"WebSite\",\"@id\":\"https:\/\/www.bienaleditora.com.br\/site\/#website\",\"url\":\"https:\/\/www.bienaleditora.com.br\/site\/\",\"name\":\"Bienal Editora\",\"description\":\"Uma editora jovem, n\u00e3o s\u00f3 na idade \u2014 afinal foi fundada em dezembro de 2012 \u2014 mas no esp\u00edrito inovador de optar pela publica\u00e7\u00e3o de fic\u00e7\u00e3o e n\u00e3o fic\u00e7\u00e3o priorizando a qualidade, e n\u00e3o a quantidade de lan\u00e7amentos.\",\"publisher\":{\"@id\":\"https:\/\/www.bienaleditora.com.br\/site\/#organization\"},\"potentialAction\":[{\"@type\":\"SearchAction\",\"target\":{\"@type\":\"EntryPoint\",\"urlTemplate\":\"https:\/\/www.bienaleditora.com.br\/site\/?s={search_term_string}\"},\"query-input\":{\"@type\":\"PropertyValueSpecification\",\"valueRequired\":true,\"valueName\":\"search_term_string\"}}],\"inLanguage\":\"pt-BR\"},{\"@type\":\"Organization\",\"@id\":\"https:\/\/www.bienaleditora.com.br\/site\/#organization\",\"name\":\"Bienal Editora\",\"url\":\"https:\/\/www.bienaleditora.com.br\/site\/\",\"logo\":{\"@type\":\"ImageObject\",\"inLanguage\":\"pt-BR\",\"@id\":\"https:\/\/www.bienaleditora.com.br\/site\/#\/schema\/logo\/image\/\",\"url\":\"https:\/\/www.bienaleditora.com.br\/site\/wp-content\/uploads\/2014\/01\/logomarca_png.png\",\"contentUrl\":\"https:\/\/www.bienaleditora.com.br\/site\/wp-content\/uploads\/2014\/01\/logomarca_png.png\",\"width\":145,\"height\":79,\"caption\":\"Bienal Editora\"},\"image\":{\"@id\":\"https:\/\/www.bienaleditora.com.br\/site\/#\/schema\/logo\/image\/\"}},{\"@type\":\"Person\",\"@id\":\"https:\/\/www.bienaleditora.com.br\/site\/#\/schema\/person\/d1a5a5a109d4fde6a4d5a867405cb50e\",\"name\":\"Assessoria\",\"image\":{\"@type\":\"ImageObject\",\"inLanguage\":\"pt-BR\",\"@id\":\"https:\/\/www.bienaleditora.com.br\/site\/#\/schema\/person\/image\/\",\"url\":\"https:\/\/secure.gravatar.com\/avatar\/fe245404998dfc514ff4b58c7565d7ef?s=96&d=mm&r=g\",\"contentUrl\":\"https:\/\/secure.gravatar.com\/avatar\/fe245404998dfc514ff4b58c7565d7ef?s=96&d=mm&r=g\",\"caption\":\"Assessoria\"},\"url\":\"https:\/\/www.bienaleditora.com.br\/site\/author\/zozimo\/\"}]}<\/script>\n<!-- \/ Yoast SEO plugin. -->","yoast_head_json":{"title":"ESPECIAL: Dirceu Arcoverde: 100 anos (Parte 4) - Bienal Editora","robots":{"index":"index","follow":"follow","max-snippet":"max-snippet:-1","max-image-preview":"max-image-preview:large","max-video-preview":"max-video-preview:-1"},"canonical":"https:\/\/www.bienaleditora.com.br\/site\/especial-dirceu-arcoverde-100-anos-parte-4\/","og_locale":"pt_BR","og_type":"article","og_title":"ESPECIAL: Dirceu Arcoverde: 100 anos (Parte 4) - Bienal Editora","og_description":"Morte do senador surpreende e choca piauienses Z\u00f3zimo Tavares (*) O inesperado falecimento do senador Dirceu Arcoverde, aos 53 anos e com apenas 44 dias de mandato no Congresso Nacional, foi um choque para os piauienses. A surpresa maior, entre familiares e amigos, se dava pelo fato de que ele, como m\u00e9dico, cuidava bem da [&hellip;]","og_url":"https:\/\/www.bienaleditora.com.br\/site\/especial-dirceu-arcoverde-100-anos-parte-4\/","og_site_name":"Bienal Editora","article_published_time":"2025-09-10T10:25:57+00:00","article_modified_time":"2025-09-10T10:26:00+00:00","og_image":[{"width":1346,"height":1362,"url":"https:\/\/www.bienaleditora.com.br\/site\/wp-content\/uploads\/2025\/09\/O-Estado.webp","type":"image\/webp"}],"author":"Assessoria","twitter_card":"summary_large_image","twitter_misc":{"Escrito por":"Assessoria","Est. tempo de leitura":"4 minutos"},"schema":{"@context":"https:\/\/schema.org","@graph":[{"@type":"Article","@id":"https:\/\/www.bienaleditora.com.br\/site\/especial-dirceu-arcoverde-100-anos-parte-4\/#article","isPartOf":{"@id":"https:\/\/www.bienaleditora.com.br\/site\/especial-dirceu-arcoverde-100-anos-parte-4\/"},"author":{"name":"Assessoria","@id":"https:\/\/www.bienaleditora.com.br\/site\/#\/schema\/person\/d1a5a5a109d4fde6a4d5a867405cb50e"},"headline":"ESPECIAL: Dirceu Arcoverde: 100 anos (Parte 4)","datePublished":"2025-09-10T10:25:57+00:00","dateModified":"2025-09-10T10:26:00+00:00","mainEntityOfPage":{"@id":"https:\/\/www.bienaleditora.com.br\/site\/especial-dirceu-arcoverde-100-anos-parte-4\/"},"wordCount":541,"publisher":{"@id":"https:\/\/www.bienaleditora.com.br\/site\/#organization"},"image":{"@id":"https:\/\/www.bienaleditora.com.br\/site\/especial-dirceu-arcoverde-100-anos-parte-4\/#primaryimage"},"thumbnailUrl":"https:\/\/www.bienaleditora.com.br\/site\/wp-content\/uploads\/2025\/09\/O-Estado.webp","keywords":["100 anos.","Dirceu Arcoverde","Piau\u00ed","Senador"],"articleSection":["blog"],"inLanguage":"pt-BR"},{"@type":"WebPage","@id":"https:\/\/www.bienaleditora.com.br\/site\/especial-dirceu-arcoverde-100-anos-parte-4\/","url":"https:\/\/www.bienaleditora.com.br\/site\/especial-dirceu-arcoverde-100-anos-parte-4\/","name":"ESPECIAL: Dirceu Arcoverde: 100 anos (Parte 4) - Bienal Editora","isPartOf":{"@id":"https:\/\/www.bienaleditora.com.br\/site\/#website"},"primaryImageOfPage":{"@id":"https:\/\/www.bienaleditora.com.br\/site\/especial-dirceu-arcoverde-100-anos-parte-4\/#primaryimage"},"image":{"@id":"https:\/\/www.bienaleditora.com.br\/site\/especial-dirceu-arcoverde-100-anos-parte-4\/#primaryimage"},"thumbnailUrl":"https:\/\/www.bienaleditora.com.br\/site\/wp-content\/uploads\/2025\/09\/O-Estado.webp","datePublished":"2025-09-10T10:25:57+00:00","dateModified":"2025-09-10T10:26:00+00:00","breadcrumb":{"@id":"https:\/\/www.bienaleditora.com.br\/site\/especial-dirceu-arcoverde-100-anos-parte-4\/#breadcrumb"},"inLanguage":"pt-BR","potentialAction":[{"@type":"ReadAction","target":["https:\/\/www.bienaleditora.com.br\/site\/especial-dirceu-arcoverde-100-anos-parte-4\/"]}]},{"@type":"ImageObject","inLanguage":"pt-BR","@id":"https:\/\/www.bienaleditora.com.br\/site\/especial-dirceu-arcoverde-100-anos-parte-4\/#primaryimage","url":"https:\/\/www.bienaleditora.com.br\/site\/wp-content\/uploads\/2025\/09\/O-Estado.webp","contentUrl":"https:\/\/www.bienaleditora.com.br\/site\/wp-content\/uploads\/2025\/09\/O-Estado.webp","width":1346,"height":1362,"caption":"Capa do jornal O Estado, de 10 de mar\u00e7o de 1979."},{"@type":"BreadcrumbList","@id":"https:\/\/www.bienaleditora.com.br\/site\/especial-dirceu-arcoverde-100-anos-parte-4\/#breadcrumb","itemListElement":[{"@type":"ListItem","position":1,"name":"Home","item":"https:\/\/www.bienaleditora.com.br\/site\/"},{"@type":"ListItem","position":2,"name":"ESPECIAL: Dirceu Arcoverde: 100 anos (Parte 4)"}]},{"@type":"WebSite","@id":"https:\/\/www.bienaleditora.com.br\/site\/#website","url":"https:\/\/www.bienaleditora.com.br\/site\/","name":"Bienal Editora","description":"Uma editora jovem, n\u00e3o s\u00f3 na idade \u2014 afinal foi fundada em dezembro de 2012 \u2014 mas no esp\u00edrito inovador de optar pela publica\u00e7\u00e3o de fic\u00e7\u00e3o e n\u00e3o fic\u00e7\u00e3o priorizando a qualidade, e n\u00e3o a quantidade de lan\u00e7amentos.","publisher":{"@id":"https:\/\/www.bienaleditora.com.br\/site\/#organization"},"potentialAction":[{"@type":"SearchAction","target":{"@type":"EntryPoint","urlTemplate":"https:\/\/www.bienaleditora.com.br\/site\/?s={search_term_string}"},"query-input":{"@type":"PropertyValueSpecification","valueRequired":true,"valueName":"search_term_string"}}],"inLanguage":"pt-BR"},{"@type":"Organization","@id":"https:\/\/www.bienaleditora.com.br\/site\/#organization","name":"Bienal Editora","url":"https:\/\/www.bienaleditora.com.br\/site\/","logo":{"@type":"ImageObject","inLanguage":"pt-BR","@id":"https:\/\/www.bienaleditora.com.br\/site\/#\/schema\/logo\/image\/","url":"https:\/\/www.bienaleditora.com.br\/site\/wp-content\/uploads\/2014\/01\/logomarca_png.png","contentUrl":"https:\/\/www.bienaleditora.com.br\/site\/wp-content\/uploads\/2014\/01\/logomarca_png.png","width":145,"height":79,"caption":"Bienal Editora"},"image":{"@id":"https:\/\/www.bienaleditora.com.br\/site\/#\/schema\/logo\/image\/"}},{"@type":"Person","@id":"https:\/\/www.bienaleditora.com.br\/site\/#\/schema\/person\/d1a5a5a109d4fde6a4d5a867405cb50e","name":"Assessoria","image":{"@type":"ImageObject","inLanguage":"pt-BR","@id":"https:\/\/www.bienaleditora.com.br\/site\/#\/schema\/person\/image\/","url":"https:\/\/secure.gravatar.com\/avatar\/fe245404998dfc514ff4b58c7565d7ef?s=96&d=mm&r=g","contentUrl":"https:\/\/secure.gravatar.com\/avatar\/fe245404998dfc514ff4b58c7565d7ef?s=96&d=mm&r=g","caption":"Assessoria"},"url":"https:\/\/www.bienaleditora.com.br\/site\/author\/zozimo\/"}]}},"_links":{"self":[{"href":"https:\/\/www.bienaleditora.com.br\/site\/wp-json\/wp\/v2\/posts\/4078","targetHints":{"allow":["GET"]}}],"collection":[{"href":"https:\/\/www.bienaleditora.com.br\/site\/wp-json\/wp\/v2\/posts"}],"about":[{"href":"https:\/\/www.bienaleditora.com.br\/site\/wp-json\/wp\/v2\/types\/post"}],"author":[{"embeddable":true,"href":"https:\/\/www.bienaleditora.com.br\/site\/wp-json\/wp\/v2\/users\/2"}],"replies":[{"embeddable":true,"href":"https:\/\/www.bienaleditora.com.br\/site\/wp-json\/wp\/v2\/comments?post=4078"}],"version-history":[{"count":1,"href":"https:\/\/www.bienaleditora.com.br\/site\/wp-json\/wp\/v2\/posts\/4078\/revisions"}],"predecessor-version":[{"id":4082,"href":"https:\/\/www.bienaleditora.com.br\/site\/wp-json\/wp\/v2\/posts\/4078\/revisions\/4082"}],"wp:featuredmedia":[{"embeddable":true,"href":"https:\/\/www.bienaleditora.com.br\/site\/wp-json\/wp\/v2\/media\/4081"}],"wp:attachment":[{"href":"https:\/\/www.bienaleditora.com.br\/site\/wp-json\/wp\/v2\/media?parent=4078"}],"wp:term":[{"taxonomy":"category","embeddable":true,"href":"https:\/\/www.bienaleditora.com.br\/site\/wp-json\/wp\/v2\/categories?post=4078"},{"taxonomy":"post_tag","embeddable":true,"href":"https:\/\/www.bienaleditora.com.br\/site\/wp-json\/wp\/v2\/tags?post=4078"}],"curies":[{"name":"wp","href":"https:\/\/api.w.org\/{rel}","templated":true}]}}