{"id":4162,"date":"2025-10-24T07:05:43","date_gmt":"2025-10-24T10:05:43","guid":{"rendered":"https:\/\/www.bienaleditora.com.br\/site\/?p=4162"},"modified":"2025-10-24T07:07:48","modified_gmt":"2025-10-24T10:07:48","slug":"livro-de-moises-reis-sera-lancado-neste-sabado-na-apl","status":"publish","type":"post","link":"https:\/\/www.bienaleditora.com.br\/site\/livro-de-moises-reis-sera-lancado-neste-sabado-na-apl\/","title":{"rendered":"Livro de Mois\u00e9s Reis ser\u00e1 lan\u00e7ado neste s\u00e1bado na APL"},"content":{"rendered":"<p><\/p><p>O livro <em>Flores Vermelhas em Noites Azuis<\/em>, do advogado, escritor e acad\u00eamico Mois\u00e9s Reis, ser\u00e1 lan\u00e7ado neste s\u00e1bado (25\/10), \u00e0s 10h, na Academia Piauiense de Letras (APL).<\/p><p>A obra, publicada pela Bienal Editora, est\u00e1 saindo em nova edi\u00e7\u00e3o \u2013 revista ampliada e melhorada.<\/p><p>O autor, advogado militante e escritor, j\u00e1 publicou, entre outros, os livros <em>Olhos de Argos e<\/em> <em>Constitucionalismo e Profecia em Roberto Campos: O Liberal e o Liberalismo na Constitui\u00e7\u00e3o de 1988<\/em>.<\/p><p>\u00c9 s\u00f3cio do Instituto Hist\u00f3rico de Oeiras e membro da Academia Piauiense de Letras, onde ocupa a Cadeira 28.<\/p><p>Outros livros ser\u00e3o lan\u00e7ados na sess\u00e3o deste s\u00e1bado da APL.<\/p>","protected":false},"excerpt":{"rendered":"<p>O livro Flores Vermelhas em Noites Azuis, do advogado, escritor e acad\u00eamico Mois\u00e9s Reis, ser\u00e1 lan\u00e7ado neste s\u00e1bado (25\/10), \u00e0s 10h, na Academia Piauiense de Letras (APL). A obra, publicada pela Bienal Editora, est\u00e1 saindo em nova edi\u00e7\u00e3o \u2013 revista ampliada e melhorada. O autor, advogado militante e escritor, j\u00e1 publicou, entre outros, os livros [&hellip;]<\/p>\n","protected":false},"author":2,"featured_media":4132,"comment_status":"closed","ping_status":"open","sticky":false,"template":"","format":"standard","meta":{"_acf_changed":false,"footnotes":""},"categories":[4],"tags":[208,100,106,243],"class_list":["post-4162","post","type-post","status-publish","format-standard","has-post-thumbnail","hentry","category-blog","tag-apl","tag-lancamento","tag-livro","tag-moises-reis"],"acf":[],"yoast_head":"<!-- This site is optimized with the Yoast SEO plugin v26.7 - https:\/\/yoast.com\/wordpress\/plugins\/seo\/ -->\n<title>Livro de Mois\u00e9s Reis ser\u00e1 lan\u00e7ado neste s\u00e1bado na APL - Bienal Editora<\/title>\n<meta name=\"robots\" content=\"index, follow, max-snippet:-1, max-image-preview:large, max-video-preview:-1\" \/>\n<link rel=\"canonical\" href=\"https:\/\/www.bienaleditora.com.br\/site\/livro-de-moises-reis-sera-lancado-neste-sabado-na-apl\/\" \/>\n<meta property=\"og:locale\" content=\"pt_BR\" \/>\n<meta property=\"og:type\" content=\"article\" \/>\n<meta property=\"og:title\" content=\"Livro de Mois\u00e9s Reis ser\u00e1 lan\u00e7ado neste s\u00e1bado na APL - Bienal Editora\" \/>\n<meta property=\"og:description\" content=\"O livro Flores Vermelhas em Noites Azuis, do advogado, escritor e acad\u00eamico Mois\u00e9s Reis, ser\u00e1 lan\u00e7ado neste s\u00e1bado (25\/10), \u00e0s 10h, na Academia Piauiense de Letras (APL). A obra, publicada pela Bienal Editora, est\u00e1 saindo em nova edi\u00e7\u00e3o \u2013 revista ampliada e melhorada. O autor, advogado militante e escritor, j\u00e1 publicou, entre outros, os livros [&hellip;]\" \/>\n<meta property=\"og:url\" content=\"https:\/\/www.bienaleditora.com.br\/site\/livro-de-moises-reis-sera-lancado-neste-sabado-na-apl\/\" \/>\n<meta property=\"og:site_name\" content=\"Bienal Editora\" \/>\n<meta property=\"article:published_time\" content=\"2025-10-24T10:05:43+00:00\" \/>\n<meta property=\"article:modified_time\" content=\"2025-10-24T10:07:48+00:00\" \/>\n<meta property=\"og:image\" content=\"https:\/\/www.bienaleditora.com.br\/site\/wp-content\/uploads\/2025\/09\/Capa1.webp\" \/>\n\t<meta property=\"og:image:width\" content=\"1119\" \/>\n\t<meta property=\"og:image:height\" content=\"1600\" \/>\n\t<meta property=\"og:image:type\" content=\"image\/webp\" \/>\n<meta name=\"author\" content=\"Assessoria\" \/>\n<meta name=\"twitter:card\" content=\"summary_large_image\" \/>\n<meta name=\"twitter:label1\" content=\"Escrito por\" \/>\n\t<meta name=\"twitter:data1\" content=\"Assessoria\" \/>\n\t<meta name=\"twitter:label2\" content=\"Est. tempo de leitura\" \/>\n\t<meta name=\"twitter:data2\" content=\"1 minuto\" \/>\n<script type=\"application\/ld+json\" class=\"yoast-schema-graph\">{\"@context\":\"https:\/\/schema.org\",\"@graph\":[{\"@type\":\"Article\",\"@id\":\"https:\/\/www.bienaleditora.com.br\/site\/livro-de-moises-reis-sera-lancado-neste-sabado-na-apl\/#article\",\"isPartOf\":{\"@id\":\"https:\/\/www.bienaleditora.com.br\/site\/livro-de-moises-reis-sera-lancado-neste-sabado-na-apl\/\"},\"author\":{\"name\":\"Assessoria\",\"@id\":\"https:\/\/www.bienaleditora.com.br\/site\/#\/schema\/person\/d1a5a5a109d4fde6a4d5a867405cb50e\"},\"headline\":\"Livro de Mois\u00e9s Reis ser\u00e1 lan\u00e7ado neste s\u00e1bado na APL\",\"datePublished\":\"2025-10-24T10:05:43+00:00\",\"dateModified\":\"2025-10-24T10:07:48+00:00\",\"mainEntityOfPage\":{\"@id\":\"https:\/\/www.bienaleditora.com.br\/site\/livro-de-moises-reis-sera-lancado-neste-sabado-na-apl\/\"},\"wordCount\":123,\"publisher\":{\"@id\":\"https:\/\/www.bienaleditora.com.br\/site\/#organization\"},\"image\":{\"@id\":\"https:\/\/www.bienaleditora.com.br\/site\/livro-de-moises-reis-sera-lancado-neste-sabado-na-apl\/#primaryimage\"},\"thumbnailUrl\":\"https:\/\/www.bienaleditora.com.br\/site\/wp-content\/uploads\/2025\/09\/Capa1.webp\",\"keywords\":[\"APL.\",\"Lan\u00e7amento\",\"Livro\",\"Mois\u00e9s Reis\"],\"articleSection\":[\"blog\"],\"inLanguage\":\"pt-BR\"},{\"@type\":\"WebPage\",\"@id\":\"https:\/\/www.bienaleditora.com.br\/site\/livro-de-moises-reis-sera-lancado-neste-sabado-na-apl\/\",\"url\":\"https:\/\/www.bienaleditora.com.br\/site\/livro-de-moises-reis-sera-lancado-neste-sabado-na-apl\/\",\"name\":\"Livro de Mois\u00e9s Reis ser\u00e1 lan\u00e7ado neste s\u00e1bado na APL - Bienal Editora\",\"isPartOf\":{\"@id\":\"https:\/\/www.bienaleditora.com.br\/site\/#website\"},\"primaryImageOfPage\":{\"@id\":\"https:\/\/www.bienaleditora.com.br\/site\/livro-de-moises-reis-sera-lancado-neste-sabado-na-apl\/#primaryimage\"},\"image\":{\"@id\":\"https:\/\/www.bienaleditora.com.br\/site\/livro-de-moises-reis-sera-lancado-neste-sabado-na-apl\/#primaryimage\"},\"thumbnailUrl\":\"https:\/\/www.bienaleditora.com.br\/site\/wp-content\/uploads\/2025\/09\/Capa1.webp\",\"datePublished\":\"2025-10-24T10:05:43+00:00\",\"dateModified\":\"2025-10-24T10:07:48+00:00\",\"breadcrumb\":{\"@id\":\"https:\/\/www.bienaleditora.com.br\/site\/livro-de-moises-reis-sera-lancado-neste-sabado-na-apl\/#breadcrumb\"},\"inLanguage\":\"pt-BR\",\"potentialAction\":[{\"@type\":\"ReadAction\",\"target\":[\"https:\/\/www.bienaleditora.com.br\/site\/livro-de-moises-reis-sera-lancado-neste-sabado-na-apl\/\"]}]},{\"@type\":\"ImageObject\",\"inLanguage\":\"pt-BR\",\"@id\":\"https:\/\/www.bienaleditora.com.br\/site\/livro-de-moises-reis-sera-lancado-neste-sabado-na-apl\/#primaryimage\",\"url\":\"https:\/\/www.bienaleditora.com.br\/site\/wp-content\/uploads\/2025\/09\/Capa1.webp\",\"contentUrl\":\"https:\/\/www.bienaleditora.com.br\/site\/wp-content\/uploads\/2025\/09\/Capa1.webp\",\"width\":1119,\"height\":1600,\"caption\":\"A capa do livro de Mois\u00e9s Reis\/Imagem: Reprodu\u00e7\u00e3o.\"},{\"@type\":\"BreadcrumbList\",\"@id\":\"https:\/\/www.bienaleditora.com.br\/site\/livro-de-moises-reis-sera-lancado-neste-sabado-na-apl\/#breadcrumb\",\"itemListElement\":[{\"@type\":\"ListItem\",\"position\":1,\"name\":\"Home\",\"item\":\"https:\/\/www.bienaleditora.com.br\/site\/\"},{\"@type\":\"ListItem\",\"position\":2,\"name\":\"Livro de Mois\u00e9s Reis ser\u00e1 lan\u00e7ado neste s\u00e1bado na APL\"}]},{\"@type\":\"WebSite\",\"@id\":\"https:\/\/www.bienaleditora.com.br\/site\/#website\",\"url\":\"https:\/\/www.bienaleditora.com.br\/site\/\",\"name\":\"Bienal Editora\",\"description\":\"Uma editora jovem, n\u00e3o s\u00f3 na idade \u2014 afinal foi fundada em dezembro de 2012 \u2014 mas no esp\u00edrito inovador de optar pela publica\u00e7\u00e3o de fic\u00e7\u00e3o e n\u00e3o fic\u00e7\u00e3o priorizando a qualidade, e n\u00e3o a quantidade de lan\u00e7amentos.\",\"publisher\":{\"@id\":\"https:\/\/www.bienaleditora.com.br\/site\/#organization\"},\"potentialAction\":[{\"@type\":\"SearchAction\",\"target\":{\"@type\":\"EntryPoint\",\"urlTemplate\":\"https:\/\/www.bienaleditora.com.br\/site\/?s={search_term_string}\"},\"query-input\":{\"@type\":\"PropertyValueSpecification\",\"valueRequired\":true,\"valueName\":\"search_term_string\"}}],\"inLanguage\":\"pt-BR\"},{\"@type\":\"Organization\",\"@id\":\"https:\/\/www.bienaleditora.com.br\/site\/#organization\",\"name\":\"Bienal Editora\",\"url\":\"https:\/\/www.bienaleditora.com.br\/site\/\",\"logo\":{\"@type\":\"ImageObject\",\"inLanguage\":\"pt-BR\",\"@id\":\"https:\/\/www.bienaleditora.com.br\/site\/#\/schema\/logo\/image\/\",\"url\":\"https:\/\/www.bienaleditora.com.br\/site\/wp-content\/uploads\/2014\/01\/logomarca_png.png\",\"contentUrl\":\"https:\/\/www.bienaleditora.com.br\/site\/wp-content\/uploads\/2014\/01\/logomarca_png.png\",\"width\":145,\"height\":79,\"caption\":\"Bienal Editora\"},\"image\":{\"@id\":\"https:\/\/www.bienaleditora.com.br\/site\/#\/schema\/logo\/image\/\"}},{\"@type\":\"Person\",\"@id\":\"https:\/\/www.bienaleditora.com.br\/site\/#\/schema\/person\/d1a5a5a109d4fde6a4d5a867405cb50e\",\"name\":\"Assessoria\",\"image\":{\"@type\":\"ImageObject\",\"inLanguage\":\"pt-BR\",\"@id\":\"https:\/\/www.bienaleditora.com.br\/site\/#\/schema\/person\/image\/\",\"url\":\"https:\/\/secure.gravatar.com\/avatar\/fe245404998dfc514ff4b58c7565d7ef?s=96&d=mm&r=g\",\"contentUrl\":\"https:\/\/secure.gravatar.com\/avatar\/fe245404998dfc514ff4b58c7565d7ef?s=96&d=mm&r=g\",\"caption\":\"Assessoria\"},\"url\":\"https:\/\/www.bienaleditora.com.br\/site\/author\/zozimo\/\"}]}<\/script>\n<!-- \/ Yoast SEO plugin. -->","yoast_head_json":{"title":"Livro de Mois\u00e9s Reis ser\u00e1 lan\u00e7ado neste s\u00e1bado na APL - Bienal Editora","robots":{"index":"index","follow":"follow","max-snippet":"max-snippet:-1","max-image-preview":"max-image-preview:large","max-video-preview":"max-video-preview:-1"},"canonical":"https:\/\/www.bienaleditora.com.br\/site\/livro-de-moises-reis-sera-lancado-neste-sabado-na-apl\/","og_locale":"pt_BR","og_type":"article","og_title":"Livro de Mois\u00e9s Reis ser\u00e1 lan\u00e7ado neste s\u00e1bado na APL - Bienal Editora","og_description":"O livro Flores Vermelhas em Noites Azuis, do advogado, escritor e acad\u00eamico Mois\u00e9s Reis, ser\u00e1 lan\u00e7ado neste s\u00e1bado (25\/10), \u00e0s 10h, na Academia Piauiense de Letras (APL). A obra, publicada pela Bienal Editora, est\u00e1 saindo em nova edi\u00e7\u00e3o \u2013 revista ampliada e melhorada. O autor, advogado militante e escritor, j\u00e1 publicou, entre outros, os livros [&hellip;]","og_url":"https:\/\/www.bienaleditora.com.br\/site\/livro-de-moises-reis-sera-lancado-neste-sabado-na-apl\/","og_site_name":"Bienal Editora","article_published_time":"2025-10-24T10:05:43+00:00","article_modified_time":"2025-10-24T10:07:48+00:00","og_image":[{"width":1119,"height":1600,"url":"https:\/\/www.bienaleditora.com.br\/site\/wp-content\/uploads\/2025\/09\/Capa1.webp","type":"image\/webp"}],"author":"Assessoria","twitter_card":"summary_large_image","twitter_misc":{"Escrito por":"Assessoria","Est. tempo de leitura":"1 minuto"},"schema":{"@context":"https:\/\/schema.org","@graph":[{"@type":"Article","@id":"https:\/\/www.bienaleditora.com.br\/site\/livro-de-moises-reis-sera-lancado-neste-sabado-na-apl\/#article","isPartOf":{"@id":"https:\/\/www.bienaleditora.com.br\/site\/livro-de-moises-reis-sera-lancado-neste-sabado-na-apl\/"},"author":{"name":"Assessoria","@id":"https:\/\/www.bienaleditora.com.br\/site\/#\/schema\/person\/d1a5a5a109d4fde6a4d5a867405cb50e"},"headline":"Livro de Mois\u00e9s Reis ser\u00e1 lan\u00e7ado neste s\u00e1bado na APL","datePublished":"2025-10-24T10:05:43+00:00","dateModified":"2025-10-24T10:07:48+00:00","mainEntityOfPage":{"@id":"https:\/\/www.bienaleditora.com.br\/site\/livro-de-moises-reis-sera-lancado-neste-sabado-na-apl\/"},"wordCount":123,"publisher":{"@id":"https:\/\/www.bienaleditora.com.br\/site\/#organization"},"image":{"@id":"https:\/\/www.bienaleditora.com.br\/site\/livro-de-moises-reis-sera-lancado-neste-sabado-na-apl\/#primaryimage"},"thumbnailUrl":"https:\/\/www.bienaleditora.com.br\/site\/wp-content\/uploads\/2025\/09\/Capa1.webp","keywords":["APL.","Lan\u00e7amento","Livro","Mois\u00e9s Reis"],"articleSection":["blog"],"inLanguage":"pt-BR"},{"@type":"WebPage","@id":"https:\/\/www.bienaleditora.com.br\/site\/livro-de-moises-reis-sera-lancado-neste-sabado-na-apl\/","url":"https:\/\/www.bienaleditora.com.br\/site\/livro-de-moises-reis-sera-lancado-neste-sabado-na-apl\/","name":"Livro de Mois\u00e9s Reis ser\u00e1 lan\u00e7ado neste s\u00e1bado na APL - Bienal Editora","isPartOf":{"@id":"https:\/\/www.bienaleditora.com.br\/site\/#website"},"primaryImageOfPage":{"@id":"https:\/\/www.bienaleditora.com.br\/site\/livro-de-moises-reis-sera-lancado-neste-sabado-na-apl\/#primaryimage"},"image":{"@id":"https:\/\/www.bienaleditora.com.br\/site\/livro-de-moises-reis-sera-lancado-neste-sabado-na-apl\/#primaryimage"},"thumbnailUrl":"https:\/\/www.bienaleditora.com.br\/site\/wp-content\/uploads\/2025\/09\/Capa1.webp","datePublished":"2025-10-24T10:05:43+00:00","dateModified":"2025-10-24T10:07:48+00:00","breadcrumb":{"@id":"https:\/\/www.bienaleditora.com.br\/site\/livro-de-moises-reis-sera-lancado-neste-sabado-na-apl\/#breadcrumb"},"inLanguage":"pt-BR","potentialAction":[{"@type":"ReadAction","target":["https:\/\/www.bienaleditora.com.br\/site\/livro-de-moises-reis-sera-lancado-neste-sabado-na-apl\/"]}]},{"@type":"ImageObject","inLanguage":"pt-BR","@id":"https:\/\/www.bienaleditora.com.br\/site\/livro-de-moises-reis-sera-lancado-neste-sabado-na-apl\/#primaryimage","url":"https:\/\/www.bienaleditora.com.br\/site\/wp-content\/uploads\/2025\/09\/Capa1.webp","contentUrl":"https:\/\/www.bienaleditora.com.br\/site\/wp-content\/uploads\/2025\/09\/Capa1.webp","width":1119,"height":1600,"caption":"A capa do livro de Mois\u00e9s Reis\/Imagem: Reprodu\u00e7\u00e3o."},{"@type":"BreadcrumbList","@id":"https:\/\/www.bienaleditora.com.br\/site\/livro-de-moises-reis-sera-lancado-neste-sabado-na-apl\/#breadcrumb","itemListElement":[{"@type":"ListItem","position":1,"name":"Home","item":"https:\/\/www.bienaleditora.com.br\/site\/"},{"@type":"ListItem","position":2,"name":"Livro de Mois\u00e9s Reis ser\u00e1 lan\u00e7ado neste s\u00e1bado na APL"}]},{"@type":"WebSite","@id":"https:\/\/www.bienaleditora.com.br\/site\/#website","url":"https:\/\/www.bienaleditora.com.br\/site\/","name":"Bienal Editora","description":"Uma editora jovem, n\u00e3o s\u00f3 na idade \u2014 afinal foi fundada em dezembro de 2012 \u2014 mas no esp\u00edrito inovador de optar pela publica\u00e7\u00e3o de fic\u00e7\u00e3o e n\u00e3o fic\u00e7\u00e3o priorizando a qualidade, e n\u00e3o a quantidade de lan\u00e7amentos.","publisher":{"@id":"https:\/\/www.bienaleditora.com.br\/site\/#organization"},"potentialAction":[{"@type":"SearchAction","target":{"@type":"EntryPoint","urlTemplate":"https:\/\/www.bienaleditora.com.br\/site\/?s={search_term_string}"},"query-input":{"@type":"PropertyValueSpecification","valueRequired":true,"valueName":"search_term_string"}}],"inLanguage":"pt-BR"},{"@type":"Organization","@id":"https:\/\/www.bienaleditora.com.br\/site\/#organization","name":"Bienal Editora","url":"https:\/\/www.bienaleditora.com.br\/site\/","logo":{"@type":"ImageObject","inLanguage":"pt-BR","@id":"https:\/\/www.bienaleditora.com.br\/site\/#\/schema\/logo\/image\/","url":"https:\/\/www.bienaleditora.com.br\/site\/wp-content\/uploads\/2014\/01\/logomarca_png.png","contentUrl":"https:\/\/www.bienaleditora.com.br\/site\/wp-content\/uploads\/2014\/01\/logomarca_png.png","width":145,"height":79,"caption":"Bienal Editora"},"image":{"@id":"https:\/\/www.bienaleditora.com.br\/site\/#\/schema\/logo\/image\/"}},{"@type":"Person","@id":"https:\/\/www.bienaleditora.com.br\/site\/#\/schema\/person\/d1a5a5a109d4fde6a4d5a867405cb50e","name":"Assessoria","image":{"@type":"ImageObject","inLanguage":"pt-BR","@id":"https:\/\/www.bienaleditora.com.br\/site\/#\/schema\/person\/image\/","url":"https:\/\/secure.gravatar.com\/avatar\/fe245404998dfc514ff4b58c7565d7ef?s=96&d=mm&r=g","contentUrl":"https:\/\/secure.gravatar.com\/avatar\/fe245404998dfc514ff4b58c7565d7ef?s=96&d=mm&r=g","caption":"Assessoria"},"url":"https:\/\/www.bienaleditora.com.br\/site\/author\/zozimo\/"}]}},"_links":{"self":[{"href":"https:\/\/www.bienaleditora.com.br\/site\/wp-json\/wp\/v2\/posts\/4162","targetHints":{"allow":["GET"]}}],"collection":[{"href":"https:\/\/www.bienaleditora.com.br\/site\/wp-json\/wp\/v2\/posts"}],"about":[{"href":"https:\/\/www.bienaleditora.com.br\/site\/wp-json\/wp\/v2\/types\/post"}],"author":[{"embeddable":true,"href":"https:\/\/www.bienaleditora.com.br\/site\/wp-json\/wp\/v2\/users\/2"}],"replies":[{"embeddable":true,"href":"https:\/\/www.bienaleditora.com.br\/site\/wp-json\/wp\/v2\/comments?post=4162"}],"version-history":[{"count":1,"href":"https:\/\/www.bienaleditora.com.br\/site\/wp-json\/wp\/v2\/posts\/4162\/revisions"}],"predecessor-version":[{"id":4163,"href":"https:\/\/www.bienaleditora.com.br\/site\/wp-json\/wp\/v2\/posts\/4162\/revisions\/4163"}],"wp:featuredmedia":[{"embeddable":true,"href":"https:\/\/www.bienaleditora.com.br\/site\/wp-json\/wp\/v2\/media\/4132"}],"wp:attachment":[{"href":"https:\/\/www.bienaleditora.com.br\/site\/wp-json\/wp\/v2\/media?parent=4162"}],"wp:term":[{"taxonomy":"category","embeddable":true,"href":"https:\/\/www.bienaleditora.com.br\/site\/wp-json\/wp\/v2\/categories?post=4162"},{"taxonomy":"post_tag","embeddable":true,"href":"https:\/\/www.bienaleditora.com.br\/site\/wp-json\/wp\/v2\/tags?post=4162"}],"curies":[{"name":"wp","href":"https:\/\/api.w.org\/{rel}","templated":true}]}}