{"id":4220,"date":"2026-01-24T09:22:19","date_gmt":"2026-01-24T12:22:19","guid":{"rendered":"https:\/\/www.bienaleditora.com.br\/site\/?p=4220"},"modified":"2026-01-24T12:36:42","modified_gmt":"2026-01-24T15:36:42","slug":"livro-conta-a-historia-do-bar-e-confraria-do-santana","status":"publish","type":"post","link":"https:\/\/www.bienaleditora.com.br\/site\/livro-conta-a-historia-do-bar-e-confraria-do-santana\/","title":{"rendered":"Livro conta a hist\u00f3ria do Bar e Confraria do Santana"},"content":{"rendered":"<p>A Confraria do Bar do Santana voltou a se reunir, ontem (23) \u00e0 noite, para uma nova celebra\u00e7\u00e3o: o lan\u00e7amento do livro que conta a sua pr\u00f3pria hist\u00f3ria.<\/p><p>Com o t\u00edtulo <em>Amigos do Santana \u2013 do Bar \u00e0 Confraria<\/em>, o livro foi escrito por Gustavo Said e Nina Cunha e publicado pela Nova Alian\u00e7a.<\/p><p>Como o t\u00edtulo indica, a confraria nasceu como bar, aberto na d\u00e9cada de 1960 pelo seu propriet\u00e1rio, Jos\u00e9 Santana, na Pra\u00e7a da Liberdade, no Centro de Teresina.<\/p><p>Na d\u00e9cada de 1970, o bar se transferiu para a Rua \u00c1lvaro Mendes, ao fundo da sede do jornal O DIA.<\/p><p>E foi l\u00e1 que nasceu a confraria, em meados da d\u00e9cada seguinte, a partir da aglomera\u00e7\u00e3o de seus frequentadores, destacando-se os irm\u00e3os Armando, Aluisio, Fernando e Roberto Gayoso, vizinhos do bar.<\/p><p><strong>O bar na hist\u00f3ria<\/strong><\/p><p>O livro de Gustavo Said e Nina Cunha conta a hist\u00f3ria do bar e da confraria, destacando seus principais momentos, como a defini\u00e7\u00e3o do nome, o novo endere\u00e7o, a turma da moto, a forma\u00e7\u00e3o da confraria, os eventos realizados \u2013 como o corso \u2013 e os novos rumos, ap\u00f3s o falecimento de seu propriet\u00e1rio, h\u00e1 mais de 20 anos.<\/p><p>\u201cO bar, nesse sentido, \u00e9 um microuniverso em meio \u00e0 cidade. Assim, ao falar de como surge o estabelecimento, de como o Santana se relaciona com os clientes ou de como o bar vai se transformando, o texto pode nos guiar a entender tamb\u00e9m a pr\u00f3pria cidade no tempo e no contexto em que se se localizam as personagens da narrativa, na qual o bar \u00e9 uma esp\u00e9cie de protagonista involunt\u00e1rio\u201d, escreve o jornalista Cl\u00e1udio Barros, na apresenta\u00e7\u00e3o da obra.<\/p><p><strong>A Confraria<\/strong><\/p><p>Santana, parente do jornalista Carlos Castello Branco, formou sua fiel clientela a partir de suas rela\u00e7\u00f5es com intelectuais, bo\u00eamios, profissionais liberais, homens de neg\u00f3cios, pol\u00edticos e autoridades.<\/p><p>Entre os frequentadores de seu bar, estiveram os prefeitos Her\u00e1clito Fortes e Silvio Mendes, os governadores Hugo Napole\u00e3o, Freitas Neto, Guilherme Melo e Wellington Dias e ainda os empres\u00e1rios Jo\u00e3o Claudino, Segisnando Alencar, Humberto Castro e Ney Paranagu\u00e1 e o hoje ministro Carlos Augusto Pires Brand\u00e3o (STJ). Entre os artistas, o cantor e compositor Silizinho.<\/p><p>O bar fechou com o falecimento de seu dono, mas a confraria se manteve, reunindo-se com frequ\u00eancia em outros locais.<\/p><p><strong>O livro<\/strong><\/p><p>A publica\u00e7\u00e3o do livro foi articulada pelo publicit\u00e1rio Silvio Leite, um dos fundadores da Confraria.<\/p><p>O lan\u00e7amento de ontem foi para os membros da Confraria e convidados. O evento foi organizado pelo empres\u00e1rio Paulo Nery, membro da Confraferia.<\/p><p>Haver\u00e1 um lan\u00e7amento para o pr\u00f3ximo na pr\u00f3xima ter\u00e7a-feira (27\/01), a partir das 19h, na Livraria Entrelivros (Av. Dom Severino, 1045, bairro de F\u00e1tima).<\/p><p><em>Imagens: Magal<\/em><\/p><figure class=\"wp-block-image size-full\"><a href=\"https:\/\/www.bienaleditora.com.br\/site\/wp-content\/uploads\/2026\/01\/2.webp\"><img fetchpriority=\"high\" decoding=\"async\" width=\"854\" height=\"569\" src=\"https:\/\/www.bienaleditora.com.br\/site\/wp-content\/uploads\/2026\/01\/2.webp\" alt=\"\" class=\"wp-image-4222\" srcset=\"https:\/\/www.bienaleditora.com.br\/site\/wp-content\/uploads\/2026\/01\/2.webp 854w, https:\/\/www.bienaleditora.com.br\/site\/wp-content\/uploads\/2026\/01\/2-300x200.webp 300w, https:\/\/www.bienaleditora.com.br\/site\/wp-content\/uploads\/2026\/01\/2-768x512.webp 768w, https:\/\/www.bienaleditora.com.br\/site\/wp-content\/uploads\/2026\/01\/2-600x400.webp 600w\" sizes=\"(max-width: 854px) 100vw, 854px\" \/><\/a><\/figure><p><em>O publicit\u00e1rio<\/em> <em>Silvio Leite apresenta o livro<\/em><\/p><figure class=\"wp-block-image size-full\"><a href=\"https:\/\/www.bienaleditora.com.br\/site\/wp-content\/uploads\/2026\/01\/3.webp\"><img decoding=\"async\" width=\"854\" height=\"569\" src=\"https:\/\/www.bienaleditora.com.br\/site\/wp-content\/uploads\/2026\/01\/3.webp\" alt=\"\" class=\"wp-image-4223\" srcset=\"https:\/\/www.bienaleditora.com.br\/site\/wp-content\/uploads\/2026\/01\/3.webp 854w, https:\/\/www.bienaleditora.com.br\/site\/wp-content\/uploads\/2026\/01\/3-300x200.webp 300w, https:\/\/www.bienaleditora.com.br\/site\/wp-content\/uploads\/2026\/01\/3-768x512.webp 768w, https:\/\/www.bienaleditora.com.br\/site\/wp-content\/uploads\/2026\/01\/3-600x400.webp 600w\" sizes=\"(max-width: 854px) 100vw, 854px\" \/><\/a><\/figure><p><em>Jornalista Z\u00f3zimo Tavares elogia o autor e a confraria pela publica\u00e7\u00e3o da obra.<\/em><\/p><figure class=\"wp-block-image size-large\"><a href=\"https:\/\/www.bienaleditora.com.br\/site\/wp-content\/uploads\/2026\/01\/14.webp\"><img decoding=\"async\" width=\"1024\" height=\"576\" src=\"https:\/\/www.bienaleditora.com.br\/site\/wp-content\/uploads\/2026\/01\/14-1024x576.webp\" alt=\"\" class=\"wp-image-4224\" srcset=\"https:\/\/www.bienaleditora.com.br\/site\/wp-content\/uploads\/2026\/01\/14-1024x576.webp 1024w, https:\/\/www.bienaleditora.com.br\/site\/wp-content\/uploads\/2026\/01\/14-300x169.webp 300w, https:\/\/www.bienaleditora.com.br\/site\/wp-content\/uploads\/2026\/01\/14-768x432.webp 768w, https:\/\/www.bienaleditora.com.br\/site\/wp-content\/uploads\/2026\/01\/14-1536x864.webp 1536w, https:\/\/www.bienaleditora.com.br\/site\/wp-content\/uploads\/2026\/01\/14-600x338.webp 600w, https:\/\/www.bienaleditora.com.br\/site\/wp-content\/uploads\/2026\/01\/14.webp 1600w\" sizes=\"(max-width: 1024px) 100vw, 1024px\" \/><\/a><\/figure><p><em>Santana, em uma das p\u00e1ginas do livro.<\/em><\/p><figure class=\"wp-block-image size-large\"><a href=\"https:\/\/www.bienaleditora.com.br\/site\/wp-content\/uploads\/2026\/01\/9.webp\"><img loading=\"lazy\" decoding=\"async\" width=\"1024\" height=\"576\" src=\"https:\/\/www.bienaleditora.com.br\/site\/wp-content\/uploads\/2026\/01\/9-1024x576.webp\" alt=\"\" class=\"wp-image-4228\" srcset=\"https:\/\/www.bienaleditora.com.br\/site\/wp-content\/uploads\/2026\/01\/9-1024x576.webp 1024w, https:\/\/www.bienaleditora.com.br\/site\/wp-content\/uploads\/2026\/01\/9-300x169.webp 300w, https:\/\/www.bienaleditora.com.br\/site\/wp-content\/uploads\/2026\/01\/9-768x432.webp 768w, https:\/\/www.bienaleditora.com.br\/site\/wp-content\/uploads\/2026\/01\/9-1536x864.webp 1536w, https:\/\/www.bienaleditora.com.br\/site\/wp-content\/uploads\/2026\/01\/9-600x338.webp 600w, https:\/\/www.bienaleditora.com.br\/site\/wp-content\/uploads\/2026\/01\/9.webp 1600w\" sizes=\"(max-width: 1024px) 100vw, 1024px\" \/><\/a><\/figure><p><em>A Confraria, em uma de suas confraterniza\u00e7\u00f5es de fim de ano<\/em>.<\/p><figure class=\"wp-block-image size-large is-resized\"><a href=\"https:\/\/www.bienaleditora.com.br\/site\/wp-content\/uploads\/2026\/01\/10.webp\"><img loading=\"lazy\" decoding=\"async\" width=\"621\" height=\"1024\" src=\"https:\/\/www.bienaleditora.com.br\/site\/wp-content\/uploads\/2026\/01\/10-621x1024.webp\" alt=\"\" class=\"wp-image-4229\" style=\"width:800px;height:auto\" srcset=\"https:\/\/www.bienaleditora.com.br\/site\/wp-content\/uploads\/2026\/01\/10-621x1024.webp 621w, https:\/\/www.bienaleditora.com.br\/site\/wp-content\/uploads\/2026\/01\/10-182x300.webp 182w, https:\/\/www.bienaleditora.com.br\/site\/wp-content\/uploads\/2026\/01\/10-768x1265.webp 768w, https:\/\/www.bienaleditora.com.br\/site\/wp-content\/uploads\/2026\/01\/10-932x1536.webp 932w, https:\/\/www.bienaleditora.com.br\/site\/wp-content\/uploads\/2026\/01\/10-600x989.webp 600w, https:\/\/www.bienaleditora.com.br\/site\/wp-content\/uploads\/2026\/01\/10.webp 971w\" sizes=\"(max-width: 621px) 100vw, 621px\" \/><\/a><\/figure><p><em>Santana, dona Nenem (esposa) e Silvio Leite nas p\u00e1ginas do livro.<\/em><\/p><figure class=\"wp-block-image size-full\"><a href=\"https:\/\/www.bienaleditora.com.br\/site\/wp-content\/uploads\/2026\/01\/1.webp\"><img loading=\"lazy\" decoding=\"async\" width=\"853\" height=\"569\" src=\"https:\/\/www.bienaleditora.com.br\/site\/wp-content\/uploads\/2026\/01\/1.webp\" alt=\"\" class=\"wp-image-4225\" srcset=\"https:\/\/www.bienaleditora.com.br\/site\/wp-content\/uploads\/2026\/01\/1.webp 853w, https:\/\/www.bienaleditora.com.br\/site\/wp-content\/uploads\/2026\/01\/1-300x200.webp 300w, https:\/\/www.bienaleditora.com.br\/site\/wp-content\/uploads\/2026\/01\/1-768x512.webp 768w, https:\/\/www.bienaleditora.com.br\/site\/wp-content\/uploads\/2026\/01\/1-600x400.webp 600w\" sizes=\"(max-width: 853px) 100vw, 853px\" \/><\/a><\/figure><p><em>O Bar e Confraria do Santana, ontem \u00e0 noite.<\/em><\/p><figure class=\"wp-block-image size-full\"><a href=\"https:\/\/www.bienaleditora.com.br\/site\/wp-content\/uploads\/2026\/01\/7.webp\"><img loading=\"lazy\" decoding=\"async\" width=\"854\" height=\"569\" src=\"https:\/\/www.bienaleditora.com.br\/site\/wp-content\/uploads\/2026\/01\/7.webp\" alt=\"\" class=\"wp-image-4226\" srcset=\"https:\/\/www.bienaleditora.com.br\/site\/wp-content\/uploads\/2026\/01\/7.webp 854w, https:\/\/www.bienaleditora.com.br\/site\/wp-content\/uploads\/2026\/01\/7-300x200.webp 300w, https:\/\/www.bienaleditora.com.br\/site\/wp-content\/uploads\/2026\/01\/7-768x512.webp 768w, https:\/\/www.bienaleditora.com.br\/site\/wp-content\/uploads\/2026\/01\/7-600x400.webp 600w\" sizes=\"(max-width: 854px) 100vw, 854px\" \/><\/a><\/figure><p><\/p><figure class=\"wp-block-image size-full\"><a href=\"https:\/\/www.bienaleditora.com.br\/site\/wp-content\/uploads\/2026\/01\/4.webp\"><img loading=\"lazy\" decoding=\"async\" width=\"854\" height=\"569\" src=\"https:\/\/www.bienaleditora.com.br\/site\/wp-content\/uploads\/2026\/01\/4.webp\" alt=\"\" class=\"wp-image-4227\" srcset=\"https:\/\/www.bienaleditora.com.br\/site\/wp-content\/uploads\/2026\/01\/4.webp 854w, https:\/\/www.bienaleditora.com.br\/site\/wp-content\/uploads\/2026\/01\/4-300x200.webp 300w, https:\/\/www.bienaleditora.com.br\/site\/wp-content\/uploads\/2026\/01\/4-768x512.webp 768w, https:\/\/www.bienaleditora.com.br\/site\/wp-content\/uploads\/2026\/01\/4-600x400.webp 600w\" sizes=\"(max-width: 854px) 100vw, 854px\" \/><\/a><\/figure><figure class=\"wp-block-image size-large\"><a href=\"https:\/\/www.bienaleditora.com.br\/site\/wp-content\/uploads\/2026\/01\/16.webp\"><img loading=\"lazy\" decoding=\"async\" width=\"1024\" height=\"768\" src=\"https:\/\/www.bienaleditora.com.br\/site\/wp-content\/uploads\/2026\/01\/16-1024x768.webp\" alt=\"\" class=\"wp-image-4234\" srcset=\"https:\/\/www.bienaleditora.com.br\/site\/wp-content\/uploads\/2026\/01\/16-1024x768.webp 1024w, https:\/\/www.bienaleditora.com.br\/site\/wp-content\/uploads\/2026\/01\/16-300x225.webp 300w, https:\/\/www.bienaleditora.com.br\/site\/wp-content\/uploads\/2026\/01\/16-768x576.webp 768w, https:\/\/www.bienaleditora.com.br\/site\/wp-content\/uploads\/2026\/01\/16-1536x1152.webp 1536w, https:\/\/www.bienaleditora.com.br\/site\/wp-content\/uploads\/2026\/01\/16-600x450.webp 600w, https:\/\/www.bienaleditora.com.br\/site\/wp-content\/uploads\/2026\/01\/16.webp 1600w\" sizes=\"(max-width: 1024px) 100vw, 1024px\" \/><\/a><\/figure><figure class=\"wp-block-image size-large\"><a href=\"https:\/\/www.bienaleditora.com.br\/site\/wp-content\/uploads\/2026\/01\/20.webp\"><img loading=\"lazy\" decoding=\"async\" width=\"768\" height=\"1024\" src=\"https:\/\/www.bienaleditora.com.br\/site\/wp-content\/uploads\/2026\/01\/20-768x1024.webp\" alt=\"\" class=\"wp-image-4235\" srcset=\"https:\/\/www.bienaleditora.com.br\/site\/wp-content\/uploads\/2026\/01\/20-768x1024.webp 768w, https:\/\/www.bienaleditora.com.br\/site\/wp-content\/uploads\/2026\/01\/20-225x300.webp 225w, https:\/\/www.bienaleditora.com.br\/site\/wp-content\/uploads\/2026\/01\/20-1152x1536.webp 1152w, https:\/\/www.bienaleditora.com.br\/site\/wp-content\/uploads\/2026\/01\/20-600x800.webp 600w, https:\/\/www.bienaleditora.com.br\/site\/wp-content\/uploads\/2026\/01\/20.webp 1200w\" sizes=\"(max-width: 768px) 100vw, 768px\" \/><\/a><\/figure><figure class=\"wp-block-image size-large\"><a href=\"https:\/\/www.bienaleditora.com.br\/site\/wp-content\/uploads\/2026\/01\/19.webp\"><img loading=\"lazy\" decoding=\"async\" width=\"1024\" height=\"768\" src=\"https:\/\/www.bienaleditora.com.br\/site\/wp-content\/uploads\/2026\/01\/19-1024x768.webp\" alt=\"\" class=\"wp-image-4236\" srcset=\"https:\/\/www.bienaleditora.com.br\/site\/wp-content\/uploads\/2026\/01\/19-1024x768.webp 1024w, https:\/\/www.bienaleditora.com.br\/site\/wp-content\/uploads\/2026\/01\/19-300x225.webp 300w, https:\/\/www.bienaleditora.com.br\/site\/wp-content\/uploads\/2026\/01\/19-768x576.webp 768w, https:\/\/www.bienaleditora.com.br\/site\/wp-content\/uploads\/2026\/01\/19-1536x1152.webp 1536w, https:\/\/www.bienaleditora.com.br\/site\/wp-content\/uploads\/2026\/01\/19-600x450.webp 600w, https:\/\/www.bienaleditora.com.br\/site\/wp-content\/uploads\/2026\/01\/19.webp 1600w\" sizes=\"(max-width: 1024px) 100vw, 1024px\" \/><\/a><\/figure><figure class=\"wp-block-image size-large\"><a href=\"https:\/\/www.bienaleditora.com.br\/site\/wp-content\/uploads\/2026\/01\/18.webp\"><img loading=\"lazy\" decoding=\"async\" width=\"1024\" height=\"768\" src=\"https:\/\/www.bienaleditora.com.br\/site\/wp-content\/uploads\/2026\/01\/18-1024x768.webp\" alt=\"\" class=\"wp-image-4237\" srcset=\"https:\/\/www.bienaleditora.com.br\/site\/wp-content\/uploads\/2026\/01\/18-1024x768.webp 1024w, https:\/\/www.bienaleditora.com.br\/site\/wp-content\/uploads\/2026\/01\/18-300x225.webp 300w, https:\/\/www.bienaleditora.com.br\/site\/wp-content\/uploads\/2026\/01\/18-768x576.webp 768w, https:\/\/www.bienaleditora.com.br\/site\/wp-content\/uploads\/2026\/01\/18-1536x1152.webp 1536w, https:\/\/www.bienaleditora.com.br\/site\/wp-content\/uploads\/2026\/01\/18-600x450.webp 600w, https:\/\/www.bienaleditora.com.br\/site\/wp-content\/uploads\/2026\/01\/18.webp 1600w\" sizes=\"(max-width: 1024px) 100vw, 1024px\" \/><\/a><\/figure><figure class=\"wp-block-image size-large\"><a href=\"https:\/\/www.bienaleditora.com.br\/site\/wp-content\/uploads\/2026\/01\/21.webp\"><img loading=\"lazy\" decoding=\"async\" width=\"768\" height=\"1024\" src=\"https:\/\/www.bienaleditora.com.br\/site\/wp-content\/uploads\/2026\/01\/21-768x1024.webp\" alt=\"\" class=\"wp-image-4238\" srcset=\"https:\/\/www.bienaleditora.com.br\/site\/wp-content\/uploads\/2026\/01\/21-768x1024.webp 768w, https:\/\/www.bienaleditora.com.br\/site\/wp-content\/uploads\/2026\/01\/21-225x300.webp 225w, https:\/\/www.bienaleditora.com.br\/site\/wp-content\/uploads\/2026\/01\/21-1152x1536.webp 1152w, https:\/\/www.bienaleditora.com.br\/site\/wp-content\/uploads\/2026\/01\/21-600x800.webp 600w, https:\/\/www.bienaleditora.com.br\/site\/wp-content\/uploads\/2026\/01\/21.webp 1200w\" sizes=\"(max-width: 768px) 100vw, 768px\" \/><\/a><\/figure>","protected":false},"excerpt":{"rendered":"<p>A Confraria do Bar do Santana voltou a se reunir, ontem (23) \u00e0 noite, para uma nova celebra\u00e7\u00e3o: o lan\u00e7amento do livro que conta a sua pr\u00f3pria hist\u00f3ria. Com o t\u00edtulo Amigos do Santana \u2013 do Bar \u00e0 Confraria, o livro foi escrito por Gustavo Said e Nina Cunha e publicado pela Nova Alian\u00e7a. Como [&hellip;]<\/p>\n","protected":false},"author":2,"featured_media":4221,"comment_status":"closed","ping_status":"open","sticky":false,"template":"","format":"standard","meta":{"_acf_changed":false,"footnotes":""},"categories":[4],"tags":[260,106],"class_list":["post-4220","post","type-post","status-publish","format-standard","has-post-thumbnail","hentry","category-blog","tag-bar-do-santana","tag-livro"],"acf":[],"yoast_head":"<!-- This site is optimized with the Yoast SEO plugin v26.7 - https:\/\/yoast.com\/wordpress\/plugins\/seo\/ -->\n<title>Livro conta a hist\u00f3ria do Bar e Confraria do Santana - Bienal Editora<\/title>\n<meta name=\"robots\" content=\"index, follow, max-snippet:-1, max-image-preview:large, max-video-preview:-1\" \/>\n<link rel=\"canonical\" href=\"https:\/\/www.bienaleditora.com.br\/site\/livro-conta-a-historia-do-bar-e-confraria-do-santana\/\" \/>\n<meta property=\"og:locale\" content=\"pt_BR\" \/>\n<meta property=\"og:type\" content=\"article\" \/>\n<meta property=\"og:title\" content=\"Livro conta a hist\u00f3ria do Bar e Confraria do Santana - Bienal Editora\" \/>\n<meta property=\"og:description\" content=\"A Confraria do Bar do Santana voltou a se reunir, ontem (23) \u00e0 noite, para uma nova celebra\u00e7\u00e3o: o lan\u00e7amento do livro que conta a sua pr\u00f3pria hist\u00f3ria. Com o t\u00edtulo Amigos do Santana \u2013 do Bar \u00e0 Confraria, o livro foi escrito por Gustavo Said e Nina Cunha e publicado pela Nova Alian\u00e7a. Como [&hellip;]\" \/>\n<meta property=\"og:url\" content=\"https:\/\/www.bienaleditora.com.br\/site\/livro-conta-a-historia-do-bar-e-confraria-do-santana\/\" \/>\n<meta property=\"og:site_name\" content=\"Bienal Editora\" \/>\n<meta property=\"article:published_time\" content=\"2026-01-24T12:22:19+00:00\" \/>\n<meta property=\"article:modified_time\" content=\"2026-01-24T15:36:42+00:00\" \/>\n<meta property=\"og:image\" content=\"https:\/\/www.bienaleditora.com.br\/site\/wp-content\/uploads\/2026\/01\/11.webp\" \/>\n\t<meta property=\"og:image:width\" content=\"1504\" \/>\n\t<meta property=\"og:image:height\" content=\"1119\" \/>\n\t<meta property=\"og:image:type\" content=\"image\/webp\" \/>\n<meta name=\"author\" content=\"Assessoria\" \/>\n<meta name=\"twitter:card\" content=\"summary_large_image\" \/>\n<meta name=\"twitter:label1\" content=\"Escrito por\" \/>\n\t<meta name=\"twitter:data1\" content=\"Assessoria\" \/>\n\t<meta name=\"twitter:label2\" content=\"Est. tempo de leitura\" \/>\n\t<meta name=\"twitter:data2\" content=\"6 minutos\" \/>\n<script type=\"application\/ld+json\" class=\"yoast-schema-graph\">{\"@context\":\"https:\/\/schema.org\",\"@graph\":[{\"@type\":\"Article\",\"@id\":\"https:\/\/www.bienaleditora.com.br\/site\/livro-conta-a-historia-do-bar-e-confraria-do-santana\/#article\",\"isPartOf\":{\"@id\":\"https:\/\/www.bienaleditora.com.br\/site\/livro-conta-a-historia-do-bar-e-confraria-do-santana\/\"},\"author\":{\"name\":\"Assessoria\",\"@id\":\"https:\/\/www.bienaleditora.com.br\/site\/#\/schema\/person\/d1a5a5a109d4fde6a4d5a867405cb50e\"},\"headline\":\"Livro conta a hist\u00f3ria do Bar e Confraria do Santana\",\"datePublished\":\"2026-01-24T12:22:19+00:00\",\"dateModified\":\"2026-01-24T15:36:42+00:00\",\"mainEntityOfPage\":{\"@id\":\"https:\/\/www.bienaleditora.com.br\/site\/livro-conta-a-historia-do-bar-e-confraria-do-santana\/\"},\"wordCount\":552,\"publisher\":{\"@id\":\"https:\/\/www.bienaleditora.com.br\/site\/#organization\"},\"image\":{\"@id\":\"https:\/\/www.bienaleditora.com.br\/site\/livro-conta-a-historia-do-bar-e-confraria-do-santana\/#primaryimage\"},\"thumbnailUrl\":\"https:\/\/www.bienaleditora.com.br\/site\/wp-content\/uploads\/2026\/01\/11.webp\",\"keywords\":[\"Bar do Santana\",\"Livro\"],\"articleSection\":[\"blog\"],\"inLanguage\":\"pt-BR\"},{\"@type\":\"WebPage\",\"@id\":\"https:\/\/www.bienaleditora.com.br\/site\/livro-conta-a-historia-do-bar-e-confraria-do-santana\/\",\"url\":\"https:\/\/www.bienaleditora.com.br\/site\/livro-conta-a-historia-do-bar-e-confraria-do-santana\/\",\"name\":\"Livro conta a hist\u00f3ria do Bar e Confraria do Santana - Bienal Editora\",\"isPartOf\":{\"@id\":\"https:\/\/www.bienaleditora.com.br\/site\/#website\"},\"primaryImageOfPage\":{\"@id\":\"https:\/\/www.bienaleditora.com.br\/site\/livro-conta-a-historia-do-bar-e-confraria-do-santana\/#primaryimage\"},\"image\":{\"@id\":\"https:\/\/www.bienaleditora.com.br\/site\/livro-conta-a-historia-do-bar-e-confraria-do-santana\/#primaryimage\"},\"thumbnailUrl\":\"https:\/\/www.bienaleditora.com.br\/site\/wp-content\/uploads\/2026\/01\/11.webp\",\"datePublished\":\"2026-01-24T12:22:19+00:00\",\"dateModified\":\"2026-01-24T15:36:42+00:00\",\"breadcrumb\":{\"@id\":\"https:\/\/www.bienaleditora.com.br\/site\/livro-conta-a-historia-do-bar-e-confraria-do-santana\/#breadcrumb\"},\"inLanguage\":\"pt-BR\",\"potentialAction\":[{\"@type\":\"ReadAction\",\"target\":[\"https:\/\/www.bienaleditora.com.br\/site\/livro-conta-a-historia-do-bar-e-confraria-do-santana\/\"]}]},{\"@type\":\"ImageObject\",\"inLanguage\":\"pt-BR\",\"@id\":\"https:\/\/www.bienaleditora.com.br\/site\/livro-conta-a-historia-do-bar-e-confraria-do-santana\/#primaryimage\",\"url\":\"https:\/\/www.bienaleditora.com.br\/site\/wp-content\/uploads\/2026\/01\/11.webp\",\"contentUrl\":\"https:\/\/www.bienaleditora.com.br\/site\/wp-content\/uploads\/2026\/01\/11.webp\",\"width\":1504,\"height\":1119},{\"@type\":\"BreadcrumbList\",\"@id\":\"https:\/\/www.bienaleditora.com.br\/site\/livro-conta-a-historia-do-bar-e-confraria-do-santana\/#breadcrumb\",\"itemListElement\":[{\"@type\":\"ListItem\",\"position\":1,\"name\":\"Home\",\"item\":\"https:\/\/www.bienaleditora.com.br\/site\/\"},{\"@type\":\"ListItem\",\"position\":2,\"name\":\"Livro conta a hist\u00f3ria do Bar e Confraria do Santana\"}]},{\"@type\":\"WebSite\",\"@id\":\"https:\/\/www.bienaleditora.com.br\/site\/#website\",\"url\":\"https:\/\/www.bienaleditora.com.br\/site\/\",\"name\":\"Bienal Editora\",\"description\":\"Uma editora jovem, n\u00e3o s\u00f3 na idade \u2014 afinal foi fundada em dezembro de 2012 \u2014 mas no esp\u00edrito inovador de optar pela publica\u00e7\u00e3o de fic\u00e7\u00e3o e n\u00e3o fic\u00e7\u00e3o priorizando a qualidade, e n\u00e3o a quantidade de lan\u00e7amentos.\",\"publisher\":{\"@id\":\"https:\/\/www.bienaleditora.com.br\/site\/#organization\"},\"potentialAction\":[{\"@type\":\"SearchAction\",\"target\":{\"@type\":\"EntryPoint\",\"urlTemplate\":\"https:\/\/www.bienaleditora.com.br\/site\/?s={search_term_string}\"},\"query-input\":{\"@type\":\"PropertyValueSpecification\",\"valueRequired\":true,\"valueName\":\"search_term_string\"}}],\"inLanguage\":\"pt-BR\"},{\"@type\":\"Organization\",\"@id\":\"https:\/\/www.bienaleditora.com.br\/site\/#organization\",\"name\":\"Bienal Editora\",\"url\":\"https:\/\/www.bienaleditora.com.br\/site\/\",\"logo\":{\"@type\":\"ImageObject\",\"inLanguage\":\"pt-BR\",\"@id\":\"https:\/\/www.bienaleditora.com.br\/site\/#\/schema\/logo\/image\/\",\"url\":\"https:\/\/www.bienaleditora.com.br\/site\/wp-content\/uploads\/2014\/01\/logomarca_png.png\",\"contentUrl\":\"https:\/\/www.bienaleditora.com.br\/site\/wp-content\/uploads\/2014\/01\/logomarca_png.png\",\"width\":145,\"height\":79,\"caption\":\"Bienal Editora\"},\"image\":{\"@id\":\"https:\/\/www.bienaleditora.com.br\/site\/#\/schema\/logo\/image\/\"}},{\"@type\":\"Person\",\"@id\":\"https:\/\/www.bienaleditora.com.br\/site\/#\/schema\/person\/d1a5a5a109d4fde6a4d5a867405cb50e\",\"name\":\"Assessoria\",\"image\":{\"@type\":\"ImageObject\",\"inLanguage\":\"pt-BR\",\"@id\":\"https:\/\/www.bienaleditora.com.br\/site\/#\/schema\/person\/image\/\",\"url\":\"https:\/\/secure.gravatar.com\/avatar\/fe245404998dfc514ff4b58c7565d7ef?s=96&d=mm&r=g\",\"contentUrl\":\"https:\/\/secure.gravatar.com\/avatar\/fe245404998dfc514ff4b58c7565d7ef?s=96&d=mm&r=g\",\"caption\":\"Assessoria\"},\"url\":\"https:\/\/www.bienaleditora.com.br\/site\/author\/zozimo\/\"}]}<\/script>\n<!-- \/ Yoast SEO plugin. -->","yoast_head_json":{"title":"Livro conta a hist\u00f3ria do Bar e Confraria do Santana - Bienal Editora","robots":{"index":"index","follow":"follow","max-snippet":"max-snippet:-1","max-image-preview":"max-image-preview:large","max-video-preview":"max-video-preview:-1"},"canonical":"https:\/\/www.bienaleditora.com.br\/site\/livro-conta-a-historia-do-bar-e-confraria-do-santana\/","og_locale":"pt_BR","og_type":"article","og_title":"Livro conta a hist\u00f3ria do Bar e Confraria do Santana - Bienal Editora","og_description":"A Confraria do Bar do Santana voltou a se reunir, ontem (23) \u00e0 noite, para uma nova celebra\u00e7\u00e3o: o lan\u00e7amento do livro que conta a sua pr\u00f3pria hist\u00f3ria. Com o t\u00edtulo Amigos do Santana \u2013 do Bar \u00e0 Confraria, o livro foi escrito por Gustavo Said e Nina Cunha e publicado pela Nova Alian\u00e7a. Como [&hellip;]","og_url":"https:\/\/www.bienaleditora.com.br\/site\/livro-conta-a-historia-do-bar-e-confraria-do-santana\/","og_site_name":"Bienal Editora","article_published_time":"2026-01-24T12:22:19+00:00","article_modified_time":"2026-01-24T15:36:42+00:00","og_image":[{"width":1504,"height":1119,"url":"https:\/\/www.bienaleditora.com.br\/site\/wp-content\/uploads\/2026\/01\/11.webp","type":"image\/webp"}],"author":"Assessoria","twitter_card":"summary_large_image","twitter_misc":{"Escrito por":"Assessoria","Est. tempo de leitura":"6 minutos"},"schema":{"@context":"https:\/\/schema.org","@graph":[{"@type":"Article","@id":"https:\/\/www.bienaleditora.com.br\/site\/livro-conta-a-historia-do-bar-e-confraria-do-santana\/#article","isPartOf":{"@id":"https:\/\/www.bienaleditora.com.br\/site\/livro-conta-a-historia-do-bar-e-confraria-do-santana\/"},"author":{"name":"Assessoria","@id":"https:\/\/www.bienaleditora.com.br\/site\/#\/schema\/person\/d1a5a5a109d4fde6a4d5a867405cb50e"},"headline":"Livro conta a hist\u00f3ria do Bar e Confraria do Santana","datePublished":"2026-01-24T12:22:19+00:00","dateModified":"2026-01-24T15:36:42+00:00","mainEntityOfPage":{"@id":"https:\/\/www.bienaleditora.com.br\/site\/livro-conta-a-historia-do-bar-e-confraria-do-santana\/"},"wordCount":552,"publisher":{"@id":"https:\/\/www.bienaleditora.com.br\/site\/#organization"},"image":{"@id":"https:\/\/www.bienaleditora.com.br\/site\/livro-conta-a-historia-do-bar-e-confraria-do-santana\/#primaryimage"},"thumbnailUrl":"https:\/\/www.bienaleditora.com.br\/site\/wp-content\/uploads\/2026\/01\/11.webp","keywords":["Bar do Santana","Livro"],"articleSection":["blog"],"inLanguage":"pt-BR"},{"@type":"WebPage","@id":"https:\/\/www.bienaleditora.com.br\/site\/livro-conta-a-historia-do-bar-e-confraria-do-santana\/","url":"https:\/\/www.bienaleditora.com.br\/site\/livro-conta-a-historia-do-bar-e-confraria-do-santana\/","name":"Livro conta a hist\u00f3ria do Bar e Confraria do Santana - Bienal Editora","isPartOf":{"@id":"https:\/\/www.bienaleditora.com.br\/site\/#website"},"primaryImageOfPage":{"@id":"https:\/\/www.bienaleditora.com.br\/site\/livro-conta-a-historia-do-bar-e-confraria-do-santana\/#primaryimage"},"image":{"@id":"https:\/\/www.bienaleditora.com.br\/site\/livro-conta-a-historia-do-bar-e-confraria-do-santana\/#primaryimage"},"thumbnailUrl":"https:\/\/www.bienaleditora.com.br\/site\/wp-content\/uploads\/2026\/01\/11.webp","datePublished":"2026-01-24T12:22:19+00:00","dateModified":"2026-01-24T15:36:42+00:00","breadcrumb":{"@id":"https:\/\/www.bienaleditora.com.br\/site\/livro-conta-a-historia-do-bar-e-confraria-do-santana\/#breadcrumb"},"inLanguage":"pt-BR","potentialAction":[{"@type":"ReadAction","target":["https:\/\/www.bienaleditora.com.br\/site\/livro-conta-a-historia-do-bar-e-confraria-do-santana\/"]}]},{"@type":"ImageObject","inLanguage":"pt-BR","@id":"https:\/\/www.bienaleditora.com.br\/site\/livro-conta-a-historia-do-bar-e-confraria-do-santana\/#primaryimage","url":"https:\/\/www.bienaleditora.com.br\/site\/wp-content\/uploads\/2026\/01\/11.webp","contentUrl":"https:\/\/www.bienaleditora.com.br\/site\/wp-content\/uploads\/2026\/01\/11.webp","width":1504,"height":1119},{"@type":"BreadcrumbList","@id":"https:\/\/www.bienaleditora.com.br\/site\/livro-conta-a-historia-do-bar-e-confraria-do-santana\/#breadcrumb","itemListElement":[{"@type":"ListItem","position":1,"name":"Home","item":"https:\/\/www.bienaleditora.com.br\/site\/"},{"@type":"ListItem","position":2,"name":"Livro conta a hist\u00f3ria do Bar e Confraria do Santana"}]},{"@type":"WebSite","@id":"https:\/\/www.bienaleditora.com.br\/site\/#website","url":"https:\/\/www.bienaleditora.com.br\/site\/","name":"Bienal Editora","description":"Uma editora jovem, n\u00e3o s\u00f3 na idade \u2014 afinal foi fundada em dezembro de 2012 \u2014 mas no esp\u00edrito inovador de optar pela publica\u00e7\u00e3o de fic\u00e7\u00e3o e n\u00e3o fic\u00e7\u00e3o priorizando a qualidade, e n\u00e3o a quantidade de lan\u00e7amentos.","publisher":{"@id":"https:\/\/www.bienaleditora.com.br\/site\/#organization"},"potentialAction":[{"@type":"SearchAction","target":{"@type":"EntryPoint","urlTemplate":"https:\/\/www.bienaleditora.com.br\/site\/?s={search_term_string}"},"query-input":{"@type":"PropertyValueSpecification","valueRequired":true,"valueName":"search_term_string"}}],"inLanguage":"pt-BR"},{"@type":"Organization","@id":"https:\/\/www.bienaleditora.com.br\/site\/#organization","name":"Bienal Editora","url":"https:\/\/www.bienaleditora.com.br\/site\/","logo":{"@type":"ImageObject","inLanguage":"pt-BR","@id":"https:\/\/www.bienaleditora.com.br\/site\/#\/schema\/logo\/image\/","url":"https:\/\/www.bienaleditora.com.br\/site\/wp-content\/uploads\/2014\/01\/logomarca_png.png","contentUrl":"https:\/\/www.bienaleditora.com.br\/site\/wp-content\/uploads\/2014\/01\/logomarca_png.png","width":145,"height":79,"caption":"Bienal Editora"},"image":{"@id":"https:\/\/www.bienaleditora.com.br\/site\/#\/schema\/logo\/image\/"}},{"@type":"Person","@id":"https:\/\/www.bienaleditora.com.br\/site\/#\/schema\/person\/d1a5a5a109d4fde6a4d5a867405cb50e","name":"Assessoria","image":{"@type":"ImageObject","inLanguage":"pt-BR","@id":"https:\/\/www.bienaleditora.com.br\/site\/#\/schema\/person\/image\/","url":"https:\/\/secure.gravatar.com\/avatar\/fe245404998dfc514ff4b58c7565d7ef?s=96&d=mm&r=g","contentUrl":"https:\/\/secure.gravatar.com\/avatar\/fe245404998dfc514ff4b58c7565d7ef?s=96&d=mm&r=g","caption":"Assessoria"},"url":"https:\/\/www.bienaleditora.com.br\/site\/author\/zozimo\/"}]}},"_links":{"self":[{"href":"https:\/\/www.bienaleditora.com.br\/site\/wp-json\/wp\/v2\/posts\/4220","targetHints":{"allow":["GET"]}}],"collection":[{"href":"https:\/\/www.bienaleditora.com.br\/site\/wp-json\/wp\/v2\/posts"}],"about":[{"href":"https:\/\/www.bienaleditora.com.br\/site\/wp-json\/wp\/v2\/types\/post"}],"author":[{"embeddable":true,"href":"https:\/\/www.bienaleditora.com.br\/site\/wp-json\/wp\/v2\/users\/2"}],"replies":[{"embeddable":true,"href":"https:\/\/www.bienaleditora.com.br\/site\/wp-json\/wp\/v2\/comments?post=4220"}],"version-history":[{"count":4,"href":"https:\/\/www.bienaleditora.com.br\/site\/wp-json\/wp\/v2\/posts\/4220\/revisions"}],"predecessor-version":[{"id":4240,"href":"https:\/\/www.bienaleditora.com.br\/site\/wp-json\/wp\/v2\/posts\/4220\/revisions\/4240"}],"wp:featuredmedia":[{"embeddable":true,"href":"https:\/\/www.bienaleditora.com.br\/site\/wp-json\/wp\/v2\/media\/4221"}],"wp:attachment":[{"href":"https:\/\/www.bienaleditora.com.br\/site\/wp-json\/wp\/v2\/media?parent=4220"}],"wp:term":[{"taxonomy":"category","embeddable":true,"href":"https:\/\/www.bienaleditora.com.br\/site\/wp-json\/wp\/v2\/categories?post=4220"},{"taxonomy":"post_tag","embeddable":true,"href":"https:\/\/www.bienaleditora.com.br\/site\/wp-json\/wp\/v2\/tags?post=4220"}],"curies":[{"name":"wp","href":"https:\/\/api.w.org\/{rel}","templated":true}]}}