{"id":4251,"date":"2026-03-13T06:21:56","date_gmt":"2026-03-13T09:21:56","guid":{"rendered":"https:\/\/www.bienaleditora.com.br\/site\/?p=4251"},"modified":"2026-03-13T06:23:57","modified_gmt":"2026-03-13T09:23:57","slug":"opiniao-de-quem-ja-leu-dirceu-arcoverde-esperanca-interrompida-1","status":"publish","type":"post","link":"https:\/\/www.bienaleditora.com.br\/site\/opiniao-de-quem-ja-leu-dirceu-arcoverde-esperanca-interrompida-1\/","title":{"rendered":"Opini\u00e3o de quem j\u00e1 leu &#8220;DIRCEU ARCOVERDE: ESPERAN\u00c7A INTERROMPIDA&#8221; \u2013 (1)"},"content":{"rendered":"<p><\/p><p class=\"has-text-align-center\">Por <em><strong>Carlos Rubem<\/strong><\/em><\/p><p class=\"has-text-align-center has-small-font-size\"><em>Promotor de justi\u00e7a aposentado e presidente da Funda\u00e7\u00e3o Nogueira Tapety, em Oeiras.<\/em><\/p><p><\/p><p><\/p><p>___________<\/p><p>Adquiri, \u00e0 sorrelfa, um exemplar do livro \u201cDirceu Arcoverde &#8211; Esperan\u00e7a Interrompida\u201d, de autoria do jornalista Z\u00f3zimo Tavares.<\/p><p>A capa do livro estampa uma fotografia apanhada em 1978 onde se v\u00ea o biografado rodeado de correligion\u00e1rios no interior da Farm\u00e1cia Popular, em Oeiras, que pertenceu a Ditinho Reis, meu pai.<\/p><p>Conheci o Dr. Dirceu Arcoverde, m\u00e9dico, em meados de setembro de 1971, na qualidade de Secret\u00e1rio de Sa\u00fade da gest\u00e3o Alberto Silva, oportunidade em que este mandat\u00e1rio instalou seu governo, por tr\u00eas dias, em Oeiras.<\/p><p>Depois, vi-o em diversas oportunidades, inclusive quando tamb\u00e9m instalou por c\u00e1 o seu governo (1975 &#8211; 1978), no dia 24.01.1978, data em que se comemora a verdadeira \u201cAdes\u00e3o do Piau\u00ed ao Grito do Ipiranga\u201d, em 1823. Muitas inaugura\u00e7\u00f5es, festa bonita!&#8230;<\/p><p>No dia 14.08.1978, desincompatibilizou-se do cargo de governador para concorrer \u00e0 uma vaga no Senado Federal. A campanha eleitoral daquele ano foi acirrada. Disputou contra Alberto Silva. Logrou \u00eaxito.<\/p><p>At\u00e9 h\u00e1 pouco guardava uma pu\u00edda camiseta constando os seguintes dizeres: FA\u00c7A COMO EU VOTE EM DIRCEU.<\/p><p>S\u00e3o cinco os cap\u00edtulos que comp\u00f5em o livro. Come\u00e7a com \u201cHoras de tens\u00e3o, dias de ang\u00fastias\u201d, no qual o autor relata as circunst\u00e2ncias em que o perfilado fez sua estreia na tribuna parlamentar, no dia 09.03.1979, ocasi\u00e3o em que sofreu um Acidente Vascular Cerebral &#8211; AVC, levando-o \u00e0 morte sete dias depois.<\/p><p>Fiquei impactado com o que li logo no primeiro cap\u00edtulo.<\/p><p>Revela\u00e7\u00f5es que n\u00e3o cabem aqui declinar. Suspendi a leitura para fazer estas anota\u00e7\u00f5es preliminares.<\/p><p>Tomara que, em breve, a obra venha a lume para que todos possam ter a possibilidade de saborear informa\u00e7\u00f5es instigantes.<\/p><p>Dr. Dirceu foi um pr\u00f3-homem!<\/p>","protected":false},"excerpt":{"rendered":"<p>Por Carlos Rubem Promotor de justi\u00e7a aposentado e presidente da Funda\u00e7\u00e3o Nogueira Tapety, em Oeiras. ___________ Adquiri, \u00e0 sorrelfa, um exemplar do livro \u201cDirceu Arcoverde &#8211; Esperan\u00e7a Interrompida\u201d, de autoria do jornalista Z\u00f3zimo Tavares. A capa do livro estampa uma fotografia apanhada em 1978 onde se v\u00ea o biografado rodeado de correligion\u00e1rios no interior da [&hellip;]<\/p>\n","protected":false},"author":2,"featured_media":4252,"comment_status":"closed","ping_status":"open","sticky":false,"template":"","format":"standard","meta":{"_acf_changed":false,"footnotes":""},"categories":[4],"tags":[167,246,235],"class_list":["post-4251","post","type-post","status-publish","format-standard","has-post-thumbnail","hentry","category-blog","tag-biografia-2","tag-critica-2","tag-dirceu-arcoverde"],"acf":[],"yoast_head":"<!-- This site is optimized with the Yoast SEO plugin v26.7 - https:\/\/yoast.com\/wordpress\/plugins\/seo\/ -->\n<title>Opini\u00e3o de quem j\u00e1 leu &quot;DIRCEU ARCOVERDE: ESPERAN\u00c7A INTERROMPIDA&quot; \u2013 (1) - Bienal Editora<\/title>\n<meta name=\"robots\" content=\"index, follow, max-snippet:-1, max-image-preview:large, max-video-preview:-1\" \/>\n<link rel=\"canonical\" href=\"https:\/\/www.bienaleditora.com.br\/site\/opiniao-de-quem-ja-leu-dirceu-arcoverde-esperanca-interrompida-1\/\" \/>\n<meta property=\"og:locale\" content=\"pt_BR\" \/>\n<meta property=\"og:type\" content=\"article\" \/>\n<meta property=\"og:title\" content=\"Opini\u00e3o de quem j\u00e1 leu &quot;DIRCEU ARCOVERDE: ESPERAN\u00c7A INTERROMPIDA&quot; \u2013 (1) - Bienal Editora\" \/>\n<meta property=\"og:description\" content=\"Por Carlos Rubem Promotor de justi\u00e7a aposentado e presidente da Funda\u00e7\u00e3o Nogueira Tapety, em Oeiras. ___________ Adquiri, \u00e0 sorrelfa, um exemplar do livro \u201cDirceu Arcoverde &#8211; Esperan\u00e7a Interrompida\u201d, de autoria do jornalista Z\u00f3zimo Tavares. A capa do livro estampa uma fotografia apanhada em 1978 onde se v\u00ea o biografado rodeado de correligion\u00e1rios no interior da [&hellip;]\" \/>\n<meta property=\"og:url\" content=\"https:\/\/www.bienaleditora.com.br\/site\/opiniao-de-quem-ja-leu-dirceu-arcoverde-esperanca-interrompida-1\/\" \/>\n<meta property=\"og:site_name\" content=\"Bienal Editora\" \/>\n<meta property=\"article:published_time\" content=\"2026-03-13T09:21:56+00:00\" \/>\n<meta property=\"article:modified_time\" content=\"2026-03-13T09:23:57+00:00\" \/>\n<meta property=\"og:image\" content=\"https:\/\/www.bienaleditora.com.br\/site\/wp-content\/uploads\/2026\/03\/Carlos-Rubem.webp\" \/>\n\t<meta property=\"og:image:width\" content=\"1125\" \/>\n\t<meta property=\"og:image:height\" content=\"1125\" \/>\n\t<meta property=\"og:image:type\" content=\"image\/webp\" \/>\n<meta name=\"author\" content=\"Assessoria\" \/>\n<meta name=\"twitter:card\" content=\"summary_large_image\" \/>\n<meta name=\"twitter:label1\" content=\"Escrito por\" \/>\n\t<meta name=\"twitter:data1\" content=\"Assessoria\" \/>\n\t<meta name=\"twitter:label2\" content=\"Est. tempo de leitura\" \/>\n\t<meta name=\"twitter:data2\" content=\"2 minutos\" \/>\n<script type=\"application\/ld+json\" class=\"yoast-schema-graph\">{\"@context\":\"https:\/\/schema.org\",\"@graph\":[{\"@type\":\"Article\",\"@id\":\"https:\/\/www.bienaleditora.com.br\/site\/opiniao-de-quem-ja-leu-dirceu-arcoverde-esperanca-interrompida-1\/#article\",\"isPartOf\":{\"@id\":\"https:\/\/www.bienaleditora.com.br\/site\/opiniao-de-quem-ja-leu-dirceu-arcoverde-esperanca-interrompida-1\/\"},\"author\":{\"name\":\"Assessoria\",\"@id\":\"https:\/\/www.bienaleditora.com.br\/site\/#\/schema\/person\/d1a5a5a109d4fde6a4d5a867405cb50e\"},\"headline\":\"Opini\u00e3o de quem j\u00e1 leu &#8220;DIRCEU ARCOVERDE: ESPERAN\u00c7A INTERROMPIDA&#8221; \u2013 (1)\",\"datePublished\":\"2026-03-13T09:21:56+00:00\",\"dateModified\":\"2026-03-13T09:23:57+00:00\",\"mainEntityOfPage\":{\"@id\":\"https:\/\/www.bienaleditora.com.br\/site\/opiniao-de-quem-ja-leu-dirceu-arcoverde-esperanca-interrompida-1\/\"},\"wordCount\":318,\"publisher\":{\"@id\":\"https:\/\/www.bienaleditora.com.br\/site\/#organization\"},\"image\":{\"@id\":\"https:\/\/www.bienaleditora.com.br\/site\/opiniao-de-quem-ja-leu-dirceu-arcoverde-esperanca-interrompida-1\/#primaryimage\"},\"thumbnailUrl\":\"https:\/\/www.bienaleditora.com.br\/site\/wp-content\/uploads\/2026\/03\/Carlos-Rubem.webp\",\"keywords\":[\"Biografia\",\"Cr\u00edtica.\",\"Dirceu Arcoverde\"],\"articleSection\":[\"blog\"],\"inLanguage\":\"pt-BR\"},{\"@type\":\"WebPage\",\"@id\":\"https:\/\/www.bienaleditora.com.br\/site\/opiniao-de-quem-ja-leu-dirceu-arcoverde-esperanca-interrompida-1\/\",\"url\":\"https:\/\/www.bienaleditora.com.br\/site\/opiniao-de-quem-ja-leu-dirceu-arcoverde-esperanca-interrompida-1\/\",\"name\":\"Opini\u00e3o de quem j\u00e1 leu \\\"DIRCEU ARCOVERDE: ESPERAN\u00c7A INTERROMPIDA\\\" \u2013 (1) - Bienal Editora\",\"isPartOf\":{\"@id\":\"https:\/\/www.bienaleditora.com.br\/site\/#website\"},\"primaryImageOfPage\":{\"@id\":\"https:\/\/www.bienaleditora.com.br\/site\/opiniao-de-quem-ja-leu-dirceu-arcoverde-esperanca-interrompida-1\/#primaryimage\"},\"image\":{\"@id\":\"https:\/\/www.bienaleditora.com.br\/site\/opiniao-de-quem-ja-leu-dirceu-arcoverde-esperanca-interrompida-1\/#primaryimage\"},\"thumbnailUrl\":\"https:\/\/www.bienaleditora.com.br\/site\/wp-content\/uploads\/2026\/03\/Carlos-Rubem.webp\",\"datePublished\":\"2026-03-13T09:21:56+00:00\",\"dateModified\":\"2026-03-13T09:23:57+00:00\",\"breadcrumb\":{\"@id\":\"https:\/\/www.bienaleditora.com.br\/site\/opiniao-de-quem-ja-leu-dirceu-arcoverde-esperanca-interrompida-1\/#breadcrumb\"},\"inLanguage\":\"pt-BR\",\"potentialAction\":[{\"@type\":\"ReadAction\",\"target\":[\"https:\/\/www.bienaleditora.com.br\/site\/opiniao-de-quem-ja-leu-dirceu-arcoverde-esperanca-interrompida-1\/\"]}]},{\"@type\":\"ImageObject\",\"inLanguage\":\"pt-BR\",\"@id\":\"https:\/\/www.bienaleditora.com.br\/site\/opiniao-de-quem-ja-leu-dirceu-arcoverde-esperanca-interrompida-1\/#primaryimage\",\"url\":\"https:\/\/www.bienaleditora.com.br\/site\/wp-content\/uploads\/2026\/03\/Carlos-Rubem.webp\",\"contentUrl\":\"https:\/\/www.bienaleditora.com.br\/site\/wp-content\/uploads\/2026\/03\/Carlos-Rubem.webp\",\"width\":1125,\"height\":1125},{\"@type\":\"BreadcrumbList\",\"@id\":\"https:\/\/www.bienaleditora.com.br\/site\/opiniao-de-quem-ja-leu-dirceu-arcoverde-esperanca-interrompida-1\/#breadcrumb\",\"itemListElement\":[{\"@type\":\"ListItem\",\"position\":1,\"name\":\"Home\",\"item\":\"https:\/\/www.bienaleditora.com.br\/site\/\"},{\"@type\":\"ListItem\",\"position\":2,\"name\":\"Opini\u00e3o de quem j\u00e1 leu &#8220;DIRCEU ARCOVERDE: ESPERAN\u00c7A INTERROMPIDA&#8221; \u2013 (1)\"}]},{\"@type\":\"WebSite\",\"@id\":\"https:\/\/www.bienaleditora.com.br\/site\/#website\",\"url\":\"https:\/\/www.bienaleditora.com.br\/site\/\",\"name\":\"Bienal Editora\",\"description\":\"Uma editora jovem, n\u00e3o s\u00f3 na idade \u2014 afinal foi fundada em dezembro de 2012 \u2014 mas no esp\u00edrito inovador de optar pela publica\u00e7\u00e3o de fic\u00e7\u00e3o e n\u00e3o fic\u00e7\u00e3o priorizando a qualidade, e n\u00e3o a quantidade de lan\u00e7amentos.\",\"publisher\":{\"@id\":\"https:\/\/www.bienaleditora.com.br\/site\/#organization\"},\"potentialAction\":[{\"@type\":\"SearchAction\",\"target\":{\"@type\":\"EntryPoint\",\"urlTemplate\":\"https:\/\/www.bienaleditora.com.br\/site\/?s={search_term_string}\"},\"query-input\":{\"@type\":\"PropertyValueSpecification\",\"valueRequired\":true,\"valueName\":\"search_term_string\"}}],\"inLanguage\":\"pt-BR\"},{\"@type\":\"Organization\",\"@id\":\"https:\/\/www.bienaleditora.com.br\/site\/#organization\",\"name\":\"Bienal Editora\",\"url\":\"https:\/\/www.bienaleditora.com.br\/site\/\",\"logo\":{\"@type\":\"ImageObject\",\"inLanguage\":\"pt-BR\",\"@id\":\"https:\/\/www.bienaleditora.com.br\/site\/#\/schema\/logo\/image\/\",\"url\":\"https:\/\/www.bienaleditora.com.br\/site\/wp-content\/uploads\/2014\/01\/logomarca_png.png\",\"contentUrl\":\"https:\/\/www.bienaleditora.com.br\/site\/wp-content\/uploads\/2014\/01\/logomarca_png.png\",\"width\":145,\"height\":79,\"caption\":\"Bienal Editora\"},\"image\":{\"@id\":\"https:\/\/www.bienaleditora.com.br\/site\/#\/schema\/logo\/image\/\"}},{\"@type\":\"Person\",\"@id\":\"https:\/\/www.bienaleditora.com.br\/site\/#\/schema\/person\/d1a5a5a109d4fde6a4d5a867405cb50e\",\"name\":\"Assessoria\",\"image\":{\"@type\":\"ImageObject\",\"inLanguage\":\"pt-BR\",\"@id\":\"https:\/\/www.bienaleditora.com.br\/site\/#\/schema\/person\/image\/\",\"url\":\"https:\/\/secure.gravatar.com\/avatar\/fe245404998dfc514ff4b58c7565d7ef?s=96&d=mm&r=g\",\"contentUrl\":\"https:\/\/secure.gravatar.com\/avatar\/fe245404998dfc514ff4b58c7565d7ef?s=96&d=mm&r=g\",\"caption\":\"Assessoria\"},\"url\":\"https:\/\/www.bienaleditora.com.br\/site\/author\/zozimo\/\"}]}<\/script>\n<!-- \/ Yoast SEO plugin. -->","yoast_head_json":{"title":"Opini\u00e3o de quem j\u00e1 leu \"DIRCEU ARCOVERDE: ESPERAN\u00c7A INTERROMPIDA\" \u2013 (1) - Bienal Editora","robots":{"index":"index","follow":"follow","max-snippet":"max-snippet:-1","max-image-preview":"max-image-preview:large","max-video-preview":"max-video-preview:-1"},"canonical":"https:\/\/www.bienaleditora.com.br\/site\/opiniao-de-quem-ja-leu-dirceu-arcoverde-esperanca-interrompida-1\/","og_locale":"pt_BR","og_type":"article","og_title":"Opini\u00e3o de quem j\u00e1 leu \"DIRCEU ARCOVERDE: ESPERAN\u00c7A INTERROMPIDA\" \u2013 (1) - Bienal Editora","og_description":"Por Carlos Rubem Promotor de justi\u00e7a aposentado e presidente da Funda\u00e7\u00e3o Nogueira Tapety, em Oeiras. ___________ Adquiri, \u00e0 sorrelfa, um exemplar do livro \u201cDirceu Arcoverde &#8211; Esperan\u00e7a Interrompida\u201d, de autoria do jornalista Z\u00f3zimo Tavares. A capa do livro estampa uma fotografia apanhada em 1978 onde se v\u00ea o biografado rodeado de correligion\u00e1rios no interior da [&hellip;]","og_url":"https:\/\/www.bienaleditora.com.br\/site\/opiniao-de-quem-ja-leu-dirceu-arcoverde-esperanca-interrompida-1\/","og_site_name":"Bienal Editora","article_published_time":"2026-03-13T09:21:56+00:00","article_modified_time":"2026-03-13T09:23:57+00:00","og_image":[{"width":1125,"height":1125,"url":"https:\/\/www.bienaleditora.com.br\/site\/wp-content\/uploads\/2026\/03\/Carlos-Rubem.webp","type":"image\/webp"}],"author":"Assessoria","twitter_card":"summary_large_image","twitter_misc":{"Escrito por":"Assessoria","Est. tempo de leitura":"2 minutos"},"schema":{"@context":"https:\/\/schema.org","@graph":[{"@type":"Article","@id":"https:\/\/www.bienaleditora.com.br\/site\/opiniao-de-quem-ja-leu-dirceu-arcoverde-esperanca-interrompida-1\/#article","isPartOf":{"@id":"https:\/\/www.bienaleditora.com.br\/site\/opiniao-de-quem-ja-leu-dirceu-arcoverde-esperanca-interrompida-1\/"},"author":{"name":"Assessoria","@id":"https:\/\/www.bienaleditora.com.br\/site\/#\/schema\/person\/d1a5a5a109d4fde6a4d5a867405cb50e"},"headline":"Opini\u00e3o de quem j\u00e1 leu &#8220;DIRCEU ARCOVERDE: ESPERAN\u00c7A INTERROMPIDA&#8221; \u2013 (1)","datePublished":"2026-03-13T09:21:56+00:00","dateModified":"2026-03-13T09:23:57+00:00","mainEntityOfPage":{"@id":"https:\/\/www.bienaleditora.com.br\/site\/opiniao-de-quem-ja-leu-dirceu-arcoverde-esperanca-interrompida-1\/"},"wordCount":318,"publisher":{"@id":"https:\/\/www.bienaleditora.com.br\/site\/#organization"},"image":{"@id":"https:\/\/www.bienaleditora.com.br\/site\/opiniao-de-quem-ja-leu-dirceu-arcoverde-esperanca-interrompida-1\/#primaryimage"},"thumbnailUrl":"https:\/\/www.bienaleditora.com.br\/site\/wp-content\/uploads\/2026\/03\/Carlos-Rubem.webp","keywords":["Biografia","Cr\u00edtica.","Dirceu Arcoverde"],"articleSection":["blog"],"inLanguage":"pt-BR"},{"@type":"WebPage","@id":"https:\/\/www.bienaleditora.com.br\/site\/opiniao-de-quem-ja-leu-dirceu-arcoverde-esperanca-interrompida-1\/","url":"https:\/\/www.bienaleditora.com.br\/site\/opiniao-de-quem-ja-leu-dirceu-arcoverde-esperanca-interrompida-1\/","name":"Opini\u00e3o de quem j\u00e1 leu \"DIRCEU ARCOVERDE: ESPERAN\u00c7A INTERROMPIDA\" \u2013 (1) - Bienal Editora","isPartOf":{"@id":"https:\/\/www.bienaleditora.com.br\/site\/#website"},"primaryImageOfPage":{"@id":"https:\/\/www.bienaleditora.com.br\/site\/opiniao-de-quem-ja-leu-dirceu-arcoverde-esperanca-interrompida-1\/#primaryimage"},"image":{"@id":"https:\/\/www.bienaleditora.com.br\/site\/opiniao-de-quem-ja-leu-dirceu-arcoverde-esperanca-interrompida-1\/#primaryimage"},"thumbnailUrl":"https:\/\/www.bienaleditora.com.br\/site\/wp-content\/uploads\/2026\/03\/Carlos-Rubem.webp","datePublished":"2026-03-13T09:21:56+00:00","dateModified":"2026-03-13T09:23:57+00:00","breadcrumb":{"@id":"https:\/\/www.bienaleditora.com.br\/site\/opiniao-de-quem-ja-leu-dirceu-arcoverde-esperanca-interrompida-1\/#breadcrumb"},"inLanguage":"pt-BR","potentialAction":[{"@type":"ReadAction","target":["https:\/\/www.bienaleditora.com.br\/site\/opiniao-de-quem-ja-leu-dirceu-arcoverde-esperanca-interrompida-1\/"]}]},{"@type":"ImageObject","inLanguage":"pt-BR","@id":"https:\/\/www.bienaleditora.com.br\/site\/opiniao-de-quem-ja-leu-dirceu-arcoverde-esperanca-interrompida-1\/#primaryimage","url":"https:\/\/www.bienaleditora.com.br\/site\/wp-content\/uploads\/2026\/03\/Carlos-Rubem.webp","contentUrl":"https:\/\/www.bienaleditora.com.br\/site\/wp-content\/uploads\/2026\/03\/Carlos-Rubem.webp","width":1125,"height":1125},{"@type":"BreadcrumbList","@id":"https:\/\/www.bienaleditora.com.br\/site\/opiniao-de-quem-ja-leu-dirceu-arcoverde-esperanca-interrompida-1\/#breadcrumb","itemListElement":[{"@type":"ListItem","position":1,"name":"Home","item":"https:\/\/www.bienaleditora.com.br\/site\/"},{"@type":"ListItem","position":2,"name":"Opini\u00e3o de quem j\u00e1 leu &#8220;DIRCEU ARCOVERDE: ESPERAN\u00c7A INTERROMPIDA&#8221; \u2013 (1)"}]},{"@type":"WebSite","@id":"https:\/\/www.bienaleditora.com.br\/site\/#website","url":"https:\/\/www.bienaleditora.com.br\/site\/","name":"Bienal Editora","description":"Uma editora jovem, n\u00e3o s\u00f3 na idade \u2014 afinal foi fundada em dezembro de 2012 \u2014 mas no esp\u00edrito inovador de optar pela publica\u00e7\u00e3o de fic\u00e7\u00e3o e n\u00e3o fic\u00e7\u00e3o priorizando a qualidade, e n\u00e3o a quantidade de lan\u00e7amentos.","publisher":{"@id":"https:\/\/www.bienaleditora.com.br\/site\/#organization"},"potentialAction":[{"@type":"SearchAction","target":{"@type":"EntryPoint","urlTemplate":"https:\/\/www.bienaleditora.com.br\/site\/?s={search_term_string}"},"query-input":{"@type":"PropertyValueSpecification","valueRequired":true,"valueName":"search_term_string"}}],"inLanguage":"pt-BR"},{"@type":"Organization","@id":"https:\/\/www.bienaleditora.com.br\/site\/#organization","name":"Bienal Editora","url":"https:\/\/www.bienaleditora.com.br\/site\/","logo":{"@type":"ImageObject","inLanguage":"pt-BR","@id":"https:\/\/www.bienaleditora.com.br\/site\/#\/schema\/logo\/image\/","url":"https:\/\/www.bienaleditora.com.br\/site\/wp-content\/uploads\/2014\/01\/logomarca_png.png","contentUrl":"https:\/\/www.bienaleditora.com.br\/site\/wp-content\/uploads\/2014\/01\/logomarca_png.png","width":145,"height":79,"caption":"Bienal Editora"},"image":{"@id":"https:\/\/www.bienaleditora.com.br\/site\/#\/schema\/logo\/image\/"}},{"@type":"Person","@id":"https:\/\/www.bienaleditora.com.br\/site\/#\/schema\/person\/d1a5a5a109d4fde6a4d5a867405cb50e","name":"Assessoria","image":{"@type":"ImageObject","inLanguage":"pt-BR","@id":"https:\/\/www.bienaleditora.com.br\/site\/#\/schema\/person\/image\/","url":"https:\/\/secure.gravatar.com\/avatar\/fe245404998dfc514ff4b58c7565d7ef?s=96&d=mm&r=g","contentUrl":"https:\/\/secure.gravatar.com\/avatar\/fe245404998dfc514ff4b58c7565d7ef?s=96&d=mm&r=g","caption":"Assessoria"},"url":"https:\/\/www.bienaleditora.com.br\/site\/author\/zozimo\/"}]}},"_links":{"self":[{"href":"https:\/\/www.bienaleditora.com.br\/site\/wp-json\/wp\/v2\/posts\/4251","targetHints":{"allow":["GET"]}}],"collection":[{"href":"https:\/\/www.bienaleditora.com.br\/site\/wp-json\/wp\/v2\/posts"}],"about":[{"href":"https:\/\/www.bienaleditora.com.br\/site\/wp-json\/wp\/v2\/types\/post"}],"author":[{"embeddable":true,"href":"https:\/\/www.bienaleditora.com.br\/site\/wp-json\/wp\/v2\/users\/2"}],"replies":[{"embeddable":true,"href":"https:\/\/www.bienaleditora.com.br\/site\/wp-json\/wp\/v2\/comments?post=4251"}],"version-history":[{"count":3,"href":"https:\/\/www.bienaleditora.com.br\/site\/wp-json\/wp\/v2\/posts\/4251\/revisions"}],"predecessor-version":[{"id":4255,"href":"https:\/\/www.bienaleditora.com.br\/site\/wp-json\/wp\/v2\/posts\/4251\/revisions\/4255"}],"wp:featuredmedia":[{"embeddable":true,"href":"https:\/\/www.bienaleditora.com.br\/site\/wp-json\/wp\/v2\/media\/4252"}],"wp:attachment":[{"href":"https:\/\/www.bienaleditora.com.br\/site\/wp-json\/wp\/v2\/media?parent=4251"}],"wp:term":[{"taxonomy":"category","embeddable":true,"href":"https:\/\/www.bienaleditora.com.br\/site\/wp-json\/wp\/v2\/categories?post=4251"},{"taxonomy":"post_tag","embeddable":true,"href":"https:\/\/www.bienaleditora.com.br\/site\/wp-json\/wp\/v2\/tags?post=4251"}],"curies":[{"name":"wp","href":"https:\/\/api.w.org\/{rel}","templated":true}]}}