{"id":4258,"date":"2026-03-17T08:10:56","date_gmt":"2026-03-17T11:10:56","guid":{"rendered":"https:\/\/www.bienaleditora.com.br\/site\/?p=4258"},"modified":"2026-03-17T09:35:40","modified_gmt":"2026-03-17T12:35:40","slug":"centenario-de-dirceu-arcoverde-e-celebrado-com-lancamento-de-filme-e-biografia","status":"publish","type":"post","link":"https:\/\/www.bienaleditora.com.br\/site\/centenario-de-dirceu-arcoverde-e-celebrado-com-lancamento-de-filme-e-biografia\/","title":{"rendered":"Centen\u00e1rio de Dirceu Arcoverde \u00e9 celebrado com lan\u00e7amento de filme e biografia"},"content":{"rendered":"<p><\/p><p>O centen\u00e1rio de nascimento do m\u00e9dico, ex-governador e ex-senador Dirceu Arcoverde foi celebrado ontem (16\/03) \u00e0 noite, no Sesc Caju\u00edna, em Teresina, com o lan\u00e7amento de um filme e um livro sobre o homenageado.<\/p><p>A homenagem foi organizada pela fam\u00edlia, \u00e0 frente os filhos J\u00falio Arcoverde, deputado federal; Alo\u00edsio, m\u00e9dico, e Dirceu, engenheiro.<\/p><p>Um grande n\u00famero de convidados compareceu ao evento, dentre eles ex-auxiliares do governador Dirceu Arcoverde, m\u00e9dicos, pol\u00edticos e jornalistas, al\u00e9m de familiares.<\/p><p><strong>Document\u00e1rio<\/strong><\/p><p>O filme \u201cDirceu Arcoverde \u2013 100 anos\u201d conta em 50 minutos a trajet\u00f3ria do ex-governador quebrando a linha do tempo, pois come\u00e7a com o falecimento dele, em Bras\u00edlia, no dia 16 de mar\u00e7o de 1979, aos 53 anos.<\/p><p>Dirceu sofreu um Acidente Vascular Cerebral (AVC) ao fazer o seu discurso de estreia no Senado. Foi internado \u00e0s pressas, passou por duas cirurgias, n\u00e3o resistiu e faleceu uma semana depois.<\/p><p>A seguir, o filme mostra os principais momentos da vida do homenageado, desde o seu nascimento, em Amarante, Piau\u00ed, em 7 de setembro de 1925.<\/p><p>O document\u00e1rio foi produzido pela Plug Propaganda, com roteiro do jornalista Z\u00f3zimo Tavares e do publicit\u00e1rio George Mendes e dire\u00e7\u00e3o do publicit\u00e1rio Lucas Falc\u00e3o.<\/p><p><strong>A biografia<\/strong><\/p><p>O livro \u201cDirceu Arcoverde \u2013 Esperan\u00e7a interrompida\u201d foi escrito pelo jornalista e cientista pol\u00edtico Z\u00f3zimo Tavares e publicado pela Bienal Editora.<\/p><p>A obra serviu de base para o roteiro do filme, juntamente com os livros \u201cA elei\u00e7\u00e3o de um l\u00edder\u201d (1979) e \u201cDirceu Arcoverde: Miss\u00e3o cumprida\u201d (1981), de autoria do jornalista e advogado Jos\u00e9 Lopes dos Santos.<\/p><p><\/p><p class=\"has-small-font-size\">(<em>Imagens: Assessoria Deputado J\u00falio Arcoverde<\/em>)<\/p><figure class=\"wp-block-image size-large\"><a href=\"https:\/\/www.bienaleditora.com.br\/site\/wp-content\/uploads\/2026\/03\/2.webp\"><img fetchpriority=\"high\" decoding=\"async\" width=\"1024\" height=\"685\" src=\"https:\/\/www.bienaleditora.com.br\/site\/wp-content\/uploads\/2026\/03\/2-1024x685.webp\" alt=\"\" class=\"wp-image-4260\" srcset=\"https:\/\/www.bienaleditora.com.br\/site\/wp-content\/uploads\/2026\/03\/2-1024x685.webp 1024w, https:\/\/www.bienaleditora.com.br\/site\/wp-content\/uploads\/2026\/03\/2-300x201.webp 300w, https:\/\/www.bienaleditora.com.br\/site\/wp-content\/uploads\/2026\/03\/2-768x514.webp 768w, https:\/\/www.bienaleditora.com.br\/site\/wp-content\/uploads\/2026\/03\/2-600x401.webp 600w, https:\/\/www.bienaleditora.com.br\/site\/wp-content\/uploads\/2026\/03\/2.webp 1280w\" sizes=\"(max-width: 1024px) 100vw, 1024px\" \/><\/a><\/figure><p><\/p><figure class=\"wp-block-image size-large\"><a href=\"https:\/\/www.bienaleditora.com.br\/site\/wp-content\/uploads\/2026\/03\/4.webp\"><img decoding=\"async\" width=\"1024\" height=\"682\" src=\"https:\/\/www.bienaleditora.com.br\/site\/wp-content\/uploads\/2026\/03\/4-1024x682.webp\" alt=\"\" class=\"wp-image-4261\" srcset=\"https:\/\/www.bienaleditora.com.br\/site\/wp-content\/uploads\/2026\/03\/4-1024x682.webp 1024w, https:\/\/www.bienaleditora.com.br\/site\/wp-content\/uploads\/2026\/03\/4-300x200.webp 300w, https:\/\/www.bienaleditora.com.br\/site\/wp-content\/uploads\/2026\/03\/4-768x511.webp 768w, https:\/\/www.bienaleditora.com.br\/site\/wp-content\/uploads\/2026\/03\/4-600x399.webp 600w, https:\/\/www.bienaleditora.com.br\/site\/wp-content\/uploads\/2026\/03\/4.webp 1280w\" sizes=\"(max-width: 1024px) 100vw, 1024px\" \/><\/a><\/figure><p><\/p><figure class=\"wp-block-image size-large\"><a href=\"https:\/\/www.bienaleditora.com.br\/site\/wp-content\/uploads\/2026\/03\/5.webp\"><img decoding=\"async\" width=\"756\" height=\"1024\" src=\"https:\/\/www.bienaleditora.com.br\/site\/wp-content\/uploads\/2026\/03\/5-756x1024.webp\" alt=\"\" class=\"wp-image-4262\" srcset=\"https:\/\/www.bienaleditora.com.br\/site\/wp-content\/uploads\/2026\/03\/5-756x1024.webp 756w, https:\/\/www.bienaleditora.com.br\/site\/wp-content\/uploads\/2026\/03\/5-221x300.webp 221w, https:\/\/www.bienaleditora.com.br\/site\/wp-content\/uploads\/2026\/03\/5-768x1040.webp 768w, https:\/\/www.bienaleditora.com.br\/site\/wp-content\/uploads\/2026\/03\/5-600x813.webp 600w, https:\/\/www.bienaleditora.com.br\/site\/wp-content\/uploads\/2026\/03\/5.webp 945w\" sizes=\"(max-width: 756px) 100vw, 756px\" \/><\/a><\/figure><p><\/p><figure class=\"wp-block-image size-large\"><a href=\"https:\/\/www.bienaleditora.com.br\/site\/wp-content\/uploads\/2026\/03\/1.webp\"><img loading=\"lazy\" decoding=\"async\" width=\"1024\" height=\"750\" src=\"https:\/\/www.bienaleditora.com.br\/site\/wp-content\/uploads\/2026\/03\/1-1024x750.webp\" alt=\"\" class=\"wp-image-4263\" srcset=\"https:\/\/www.bienaleditora.com.br\/site\/wp-content\/uploads\/2026\/03\/1-1024x750.webp 1024w, https:\/\/www.bienaleditora.com.br\/site\/wp-content\/uploads\/2026\/03\/1-300x220.webp 300w, https:\/\/www.bienaleditora.com.br\/site\/wp-content\/uploads\/2026\/03\/1-768x562.webp 768w, https:\/\/www.bienaleditora.com.br\/site\/wp-content\/uploads\/2026\/03\/1-600x439.webp 600w, https:\/\/www.bienaleditora.com.br\/site\/wp-content\/uploads\/2026\/03\/1.webp 1280w\" sizes=\"(max-width: 1024px) 100vw, 1024px\" \/><\/a><\/figure><figure class=\"wp-block-image size-full\"><a href=\"https:\/\/www.bienaleditora.com.br\/site\/wp-content\/uploads\/2026\/03\/6-1.webp\"><img loading=\"lazy\" decoding=\"async\" width=\"960\" height=\"939\" src=\"https:\/\/www.bienaleditora.com.br\/site\/wp-content\/uploads\/2026\/03\/6-1.webp\" alt=\"\" class=\"wp-image-4265\" srcset=\"https:\/\/www.bienaleditora.com.br\/site\/wp-content\/uploads\/2026\/03\/6-1.webp 960w, https:\/\/www.bienaleditora.com.br\/site\/wp-content\/uploads\/2026\/03\/6-1-300x293.webp 300w, https:\/\/www.bienaleditora.com.br\/site\/wp-content\/uploads\/2026\/03\/6-1-768x751.webp 768w, https:\/\/www.bienaleditora.com.br\/site\/wp-content\/uploads\/2026\/03\/6-1-600x587.webp 600w\" sizes=\"(max-width: 960px) 100vw, 960px\" \/><\/a><\/figure><p><\/p><figure class=\"wp-block-image size-large\"><a href=\"https:\/\/www.bienaleditora.com.br\/site\/wp-content\/uploads\/2026\/03\/7.webp\"><img loading=\"lazy\" decoding=\"async\" width=\"1024\" height=\"759\" src=\"https:\/\/www.bienaleditora.com.br\/site\/wp-content\/uploads\/2026\/03\/7-1024x759.webp\" alt=\"\" class=\"wp-image-4268\" srcset=\"https:\/\/www.bienaleditora.com.br\/site\/wp-content\/uploads\/2026\/03\/7-1024x759.webp 1024w, https:\/\/www.bienaleditora.com.br\/site\/wp-content\/uploads\/2026\/03\/7-300x222.webp 300w, https:\/\/www.bienaleditora.com.br\/site\/wp-content\/uploads\/2026\/03\/7-768x569.webp 768w, https:\/\/www.bienaleditora.com.br\/site\/wp-content\/uploads\/2026\/03\/7-1536x1139.webp 1536w, https:\/\/www.bienaleditora.com.br\/site\/wp-content\/uploads\/2026\/03\/7-600x445.webp 600w, https:\/\/www.bienaleditora.com.br\/site\/wp-content\/uploads\/2026\/03\/7.webp 1600w\" sizes=\"(max-width: 1024px) 100vw, 1024px\" \/><\/a><\/figure>","protected":false},"excerpt":{"rendered":"<p>O centen\u00e1rio de nascimento do m\u00e9dico, ex-governador e ex-senador Dirceu Arcoverde foi celebrado ontem (16\/03) \u00e0 noite, no Sesc Caju\u00edna, em Teresina, com o lan\u00e7amento de um filme e um livro sobre o homenageado. A homenagem foi organizada pela fam\u00edlia, \u00e0 frente os filhos J\u00falio Arcoverde, deputado federal; Alo\u00edsio, m\u00e9dico, e Dirceu, engenheiro. Um grande [&hellip;]<\/p>\n","protected":false},"author":2,"featured_media":4259,"comment_status":"closed","ping_status":"open","sticky":false,"template":"","format":"standard","meta":{"_acf_changed":false,"footnotes":""},"categories":[1],"tags":[],"class_list":["post-4258","post","type-post","status-publish","format-standard","has-post-thumbnail","hentry","category-midia"],"acf":[],"yoast_head":"<!-- This site is optimized with the Yoast SEO plugin v26.7 - https:\/\/yoast.com\/wordpress\/plugins\/seo\/ -->\n<title>Centen\u00e1rio de Dirceu Arcoverde \u00e9 celebrado com lan\u00e7amento de filme e biografia - Bienal Editora<\/title>\n<meta name=\"robots\" content=\"index, follow, max-snippet:-1, max-image-preview:large, max-video-preview:-1\" \/>\n<link rel=\"canonical\" href=\"https:\/\/www.bienaleditora.com.br\/site\/centenario-de-dirceu-arcoverde-e-celebrado-com-lancamento-de-filme-e-biografia\/\" \/>\n<meta property=\"og:locale\" content=\"pt_BR\" \/>\n<meta property=\"og:type\" content=\"article\" \/>\n<meta property=\"og:title\" content=\"Centen\u00e1rio de Dirceu Arcoverde \u00e9 celebrado com lan\u00e7amento de filme e biografia - Bienal Editora\" \/>\n<meta property=\"og:description\" content=\"O centen\u00e1rio de nascimento do m\u00e9dico, ex-governador e ex-senador Dirceu Arcoverde foi celebrado ontem (16\/03) \u00e0 noite, no Sesc Caju\u00edna, em Teresina, com o lan\u00e7amento de um filme e um livro sobre o homenageado. A homenagem foi organizada pela fam\u00edlia, \u00e0 frente os filhos J\u00falio Arcoverde, deputado federal; Alo\u00edsio, m\u00e9dico, e Dirceu, engenheiro. Um grande [&hellip;]\" \/>\n<meta property=\"og:url\" content=\"https:\/\/www.bienaleditora.com.br\/site\/centenario-de-dirceu-arcoverde-e-celebrado-com-lancamento-de-filme-e-biografia\/\" \/>\n<meta property=\"og:site_name\" content=\"Bienal Editora\" \/>\n<meta property=\"article:published_time\" content=\"2026-03-17T11:10:56+00:00\" \/>\n<meta property=\"article:modified_time\" content=\"2026-03-17T12:35:40+00:00\" \/>\n<meta property=\"og:image\" content=\"https:\/\/www.bienaleditora.com.br\/site\/wp-content\/uploads\/2026\/03\/6.webp\" \/>\n\t<meta property=\"og:image:width\" content=\"1280\" \/>\n\t<meta property=\"og:image:height\" content=\"928\" \/>\n\t<meta property=\"og:image:type\" content=\"image\/webp\" \/>\n<meta name=\"author\" content=\"Assessoria\" \/>\n<meta name=\"twitter:card\" content=\"summary_large_image\" \/>\n<meta name=\"twitter:label1\" content=\"Escrito por\" \/>\n\t<meta name=\"twitter:data1\" content=\"Assessoria\" \/>\n\t<meta name=\"twitter:label2\" content=\"Est. tempo de leitura\" \/>\n\t<meta name=\"twitter:data2\" content=\"3 minutos\" \/>\n<script type=\"application\/ld+json\" class=\"yoast-schema-graph\">{\"@context\":\"https:\/\/schema.org\",\"@graph\":[{\"@type\":\"Article\",\"@id\":\"https:\/\/www.bienaleditora.com.br\/site\/centenario-de-dirceu-arcoverde-e-celebrado-com-lancamento-de-filme-e-biografia\/#article\",\"isPartOf\":{\"@id\":\"https:\/\/www.bienaleditora.com.br\/site\/centenario-de-dirceu-arcoverde-e-celebrado-com-lancamento-de-filme-e-biografia\/\"},\"author\":{\"name\":\"Assessoria\",\"@id\":\"https:\/\/www.bienaleditora.com.br\/site\/#\/schema\/person\/d1a5a5a109d4fde6a4d5a867405cb50e\"},\"headline\":\"Centen\u00e1rio de Dirceu Arcoverde \u00e9 celebrado com lan\u00e7amento de filme e biografia\",\"datePublished\":\"2026-03-17T11:10:56+00:00\",\"dateModified\":\"2026-03-17T12:35:40+00:00\",\"mainEntityOfPage\":{\"@id\":\"https:\/\/www.bienaleditora.com.br\/site\/centenario-de-dirceu-arcoverde-e-celebrado-com-lancamento-de-filme-e-biografia\/\"},\"wordCount\":288,\"publisher\":{\"@id\":\"https:\/\/www.bienaleditora.com.br\/site\/#organization\"},\"image\":{\"@id\":\"https:\/\/www.bienaleditora.com.br\/site\/centenario-de-dirceu-arcoverde-e-celebrado-com-lancamento-de-filme-e-biografia\/#primaryimage\"},\"thumbnailUrl\":\"https:\/\/www.bienaleditora.com.br\/site\/wp-content\/uploads\/2026\/03\/6.webp\",\"articleSection\":[\"M\u00eddia\"],\"inLanguage\":\"pt-BR\"},{\"@type\":\"WebPage\",\"@id\":\"https:\/\/www.bienaleditora.com.br\/site\/centenario-de-dirceu-arcoverde-e-celebrado-com-lancamento-de-filme-e-biografia\/\",\"url\":\"https:\/\/www.bienaleditora.com.br\/site\/centenario-de-dirceu-arcoverde-e-celebrado-com-lancamento-de-filme-e-biografia\/\",\"name\":\"Centen\u00e1rio de Dirceu Arcoverde \u00e9 celebrado com lan\u00e7amento de filme e biografia - Bienal Editora\",\"isPartOf\":{\"@id\":\"https:\/\/www.bienaleditora.com.br\/site\/#website\"},\"primaryImageOfPage\":{\"@id\":\"https:\/\/www.bienaleditora.com.br\/site\/centenario-de-dirceu-arcoverde-e-celebrado-com-lancamento-de-filme-e-biografia\/#primaryimage\"},\"image\":{\"@id\":\"https:\/\/www.bienaleditora.com.br\/site\/centenario-de-dirceu-arcoverde-e-celebrado-com-lancamento-de-filme-e-biografia\/#primaryimage\"},\"thumbnailUrl\":\"https:\/\/www.bienaleditora.com.br\/site\/wp-content\/uploads\/2026\/03\/6.webp\",\"datePublished\":\"2026-03-17T11:10:56+00:00\",\"dateModified\":\"2026-03-17T12:35:40+00:00\",\"breadcrumb\":{\"@id\":\"https:\/\/www.bienaleditora.com.br\/site\/centenario-de-dirceu-arcoverde-e-celebrado-com-lancamento-de-filme-e-biografia\/#breadcrumb\"},\"inLanguage\":\"pt-BR\",\"potentialAction\":[{\"@type\":\"ReadAction\",\"target\":[\"https:\/\/www.bienaleditora.com.br\/site\/centenario-de-dirceu-arcoverde-e-celebrado-com-lancamento-de-filme-e-biografia\/\"]}]},{\"@type\":\"ImageObject\",\"inLanguage\":\"pt-BR\",\"@id\":\"https:\/\/www.bienaleditora.com.br\/site\/centenario-de-dirceu-arcoverde-e-celebrado-com-lancamento-de-filme-e-biografia\/#primaryimage\",\"url\":\"https:\/\/www.bienaleditora.com.br\/site\/wp-content\/uploads\/2026\/03\/6.webp\",\"contentUrl\":\"https:\/\/www.bienaleditora.com.br\/site\/wp-content\/uploads\/2026\/03\/6.webp\",\"width\":1280,\"height\":928,\"caption\":\"Capa da biografia de Dirceu Arcoverde\"},{\"@type\":\"BreadcrumbList\",\"@id\":\"https:\/\/www.bienaleditora.com.br\/site\/centenario-de-dirceu-arcoverde-e-celebrado-com-lancamento-de-filme-e-biografia\/#breadcrumb\",\"itemListElement\":[{\"@type\":\"ListItem\",\"position\":1,\"name\":\"Home\",\"item\":\"https:\/\/www.bienaleditora.com.br\/site\/\"},{\"@type\":\"ListItem\",\"position\":2,\"name\":\"Centen\u00e1rio de Dirceu Arcoverde \u00e9 celebrado com lan\u00e7amento de filme e biografia\"}]},{\"@type\":\"WebSite\",\"@id\":\"https:\/\/www.bienaleditora.com.br\/site\/#website\",\"url\":\"https:\/\/www.bienaleditora.com.br\/site\/\",\"name\":\"Bienal Editora\",\"description\":\"Uma editora jovem, n\u00e3o s\u00f3 na idade \u2014 afinal foi fundada em dezembro de 2012 \u2014 mas no esp\u00edrito inovador de optar pela publica\u00e7\u00e3o de fic\u00e7\u00e3o e n\u00e3o fic\u00e7\u00e3o priorizando a qualidade, e n\u00e3o a quantidade de lan\u00e7amentos.\",\"publisher\":{\"@id\":\"https:\/\/www.bienaleditora.com.br\/site\/#organization\"},\"potentialAction\":[{\"@type\":\"SearchAction\",\"target\":{\"@type\":\"EntryPoint\",\"urlTemplate\":\"https:\/\/www.bienaleditora.com.br\/site\/?s={search_term_string}\"},\"query-input\":{\"@type\":\"PropertyValueSpecification\",\"valueRequired\":true,\"valueName\":\"search_term_string\"}}],\"inLanguage\":\"pt-BR\"},{\"@type\":\"Organization\",\"@id\":\"https:\/\/www.bienaleditora.com.br\/site\/#organization\",\"name\":\"Bienal Editora\",\"url\":\"https:\/\/www.bienaleditora.com.br\/site\/\",\"logo\":{\"@type\":\"ImageObject\",\"inLanguage\":\"pt-BR\",\"@id\":\"https:\/\/www.bienaleditora.com.br\/site\/#\/schema\/logo\/image\/\",\"url\":\"https:\/\/www.bienaleditora.com.br\/site\/wp-content\/uploads\/2014\/01\/logomarca_png.png\",\"contentUrl\":\"https:\/\/www.bienaleditora.com.br\/site\/wp-content\/uploads\/2014\/01\/logomarca_png.png\",\"width\":145,\"height\":79,\"caption\":\"Bienal Editora\"},\"image\":{\"@id\":\"https:\/\/www.bienaleditora.com.br\/site\/#\/schema\/logo\/image\/\"}},{\"@type\":\"Person\",\"@id\":\"https:\/\/www.bienaleditora.com.br\/site\/#\/schema\/person\/d1a5a5a109d4fde6a4d5a867405cb50e\",\"name\":\"Assessoria\",\"image\":{\"@type\":\"ImageObject\",\"inLanguage\":\"pt-BR\",\"@id\":\"https:\/\/www.bienaleditora.com.br\/site\/#\/schema\/person\/image\/\",\"url\":\"https:\/\/secure.gravatar.com\/avatar\/fe245404998dfc514ff4b58c7565d7ef?s=96&d=mm&r=g\",\"contentUrl\":\"https:\/\/secure.gravatar.com\/avatar\/fe245404998dfc514ff4b58c7565d7ef?s=96&d=mm&r=g\",\"caption\":\"Assessoria\"},\"url\":\"https:\/\/www.bienaleditora.com.br\/site\/author\/zozimo\/\"}]}<\/script>\n<!-- \/ Yoast SEO plugin. -->","yoast_head_json":{"title":"Centen\u00e1rio de Dirceu Arcoverde \u00e9 celebrado com lan\u00e7amento de filme e biografia - Bienal Editora","robots":{"index":"index","follow":"follow","max-snippet":"max-snippet:-1","max-image-preview":"max-image-preview:large","max-video-preview":"max-video-preview:-1"},"canonical":"https:\/\/www.bienaleditora.com.br\/site\/centenario-de-dirceu-arcoverde-e-celebrado-com-lancamento-de-filme-e-biografia\/","og_locale":"pt_BR","og_type":"article","og_title":"Centen\u00e1rio de Dirceu Arcoverde \u00e9 celebrado com lan\u00e7amento de filme e biografia - Bienal Editora","og_description":"O centen\u00e1rio de nascimento do m\u00e9dico, ex-governador e ex-senador Dirceu Arcoverde foi celebrado ontem (16\/03) \u00e0 noite, no Sesc Caju\u00edna, em Teresina, com o lan\u00e7amento de um filme e um livro sobre o homenageado. A homenagem foi organizada pela fam\u00edlia, \u00e0 frente os filhos J\u00falio Arcoverde, deputado federal; Alo\u00edsio, m\u00e9dico, e Dirceu, engenheiro. Um grande [&hellip;]","og_url":"https:\/\/www.bienaleditora.com.br\/site\/centenario-de-dirceu-arcoverde-e-celebrado-com-lancamento-de-filme-e-biografia\/","og_site_name":"Bienal Editora","article_published_time":"2026-03-17T11:10:56+00:00","article_modified_time":"2026-03-17T12:35:40+00:00","og_image":[{"width":1280,"height":928,"url":"https:\/\/www.bienaleditora.com.br\/site\/wp-content\/uploads\/2026\/03\/6.webp","type":"image\/webp"}],"author":"Assessoria","twitter_card":"summary_large_image","twitter_misc":{"Escrito por":"Assessoria","Est. tempo de leitura":"3 minutos"},"schema":{"@context":"https:\/\/schema.org","@graph":[{"@type":"Article","@id":"https:\/\/www.bienaleditora.com.br\/site\/centenario-de-dirceu-arcoverde-e-celebrado-com-lancamento-de-filme-e-biografia\/#article","isPartOf":{"@id":"https:\/\/www.bienaleditora.com.br\/site\/centenario-de-dirceu-arcoverde-e-celebrado-com-lancamento-de-filme-e-biografia\/"},"author":{"name":"Assessoria","@id":"https:\/\/www.bienaleditora.com.br\/site\/#\/schema\/person\/d1a5a5a109d4fde6a4d5a867405cb50e"},"headline":"Centen\u00e1rio de Dirceu Arcoverde \u00e9 celebrado com lan\u00e7amento de filme e biografia","datePublished":"2026-03-17T11:10:56+00:00","dateModified":"2026-03-17T12:35:40+00:00","mainEntityOfPage":{"@id":"https:\/\/www.bienaleditora.com.br\/site\/centenario-de-dirceu-arcoverde-e-celebrado-com-lancamento-de-filme-e-biografia\/"},"wordCount":288,"publisher":{"@id":"https:\/\/www.bienaleditora.com.br\/site\/#organization"},"image":{"@id":"https:\/\/www.bienaleditora.com.br\/site\/centenario-de-dirceu-arcoverde-e-celebrado-com-lancamento-de-filme-e-biografia\/#primaryimage"},"thumbnailUrl":"https:\/\/www.bienaleditora.com.br\/site\/wp-content\/uploads\/2026\/03\/6.webp","articleSection":["M\u00eddia"],"inLanguage":"pt-BR"},{"@type":"WebPage","@id":"https:\/\/www.bienaleditora.com.br\/site\/centenario-de-dirceu-arcoverde-e-celebrado-com-lancamento-de-filme-e-biografia\/","url":"https:\/\/www.bienaleditora.com.br\/site\/centenario-de-dirceu-arcoverde-e-celebrado-com-lancamento-de-filme-e-biografia\/","name":"Centen\u00e1rio de Dirceu Arcoverde \u00e9 celebrado com lan\u00e7amento de filme e biografia - Bienal Editora","isPartOf":{"@id":"https:\/\/www.bienaleditora.com.br\/site\/#website"},"primaryImageOfPage":{"@id":"https:\/\/www.bienaleditora.com.br\/site\/centenario-de-dirceu-arcoverde-e-celebrado-com-lancamento-de-filme-e-biografia\/#primaryimage"},"image":{"@id":"https:\/\/www.bienaleditora.com.br\/site\/centenario-de-dirceu-arcoverde-e-celebrado-com-lancamento-de-filme-e-biografia\/#primaryimage"},"thumbnailUrl":"https:\/\/www.bienaleditora.com.br\/site\/wp-content\/uploads\/2026\/03\/6.webp","datePublished":"2026-03-17T11:10:56+00:00","dateModified":"2026-03-17T12:35:40+00:00","breadcrumb":{"@id":"https:\/\/www.bienaleditora.com.br\/site\/centenario-de-dirceu-arcoverde-e-celebrado-com-lancamento-de-filme-e-biografia\/#breadcrumb"},"inLanguage":"pt-BR","potentialAction":[{"@type":"ReadAction","target":["https:\/\/www.bienaleditora.com.br\/site\/centenario-de-dirceu-arcoverde-e-celebrado-com-lancamento-de-filme-e-biografia\/"]}]},{"@type":"ImageObject","inLanguage":"pt-BR","@id":"https:\/\/www.bienaleditora.com.br\/site\/centenario-de-dirceu-arcoverde-e-celebrado-com-lancamento-de-filme-e-biografia\/#primaryimage","url":"https:\/\/www.bienaleditora.com.br\/site\/wp-content\/uploads\/2026\/03\/6.webp","contentUrl":"https:\/\/www.bienaleditora.com.br\/site\/wp-content\/uploads\/2026\/03\/6.webp","width":1280,"height":928,"caption":"Capa da biografia de Dirceu Arcoverde"},{"@type":"BreadcrumbList","@id":"https:\/\/www.bienaleditora.com.br\/site\/centenario-de-dirceu-arcoverde-e-celebrado-com-lancamento-de-filme-e-biografia\/#breadcrumb","itemListElement":[{"@type":"ListItem","position":1,"name":"Home","item":"https:\/\/www.bienaleditora.com.br\/site\/"},{"@type":"ListItem","position":2,"name":"Centen\u00e1rio de Dirceu Arcoverde \u00e9 celebrado com lan\u00e7amento de filme e biografia"}]},{"@type":"WebSite","@id":"https:\/\/www.bienaleditora.com.br\/site\/#website","url":"https:\/\/www.bienaleditora.com.br\/site\/","name":"Bienal Editora","description":"Uma editora jovem, n\u00e3o s\u00f3 na idade \u2014 afinal foi fundada em dezembro de 2012 \u2014 mas no esp\u00edrito inovador de optar pela publica\u00e7\u00e3o de fic\u00e7\u00e3o e n\u00e3o fic\u00e7\u00e3o priorizando a qualidade, e n\u00e3o a quantidade de lan\u00e7amentos.","publisher":{"@id":"https:\/\/www.bienaleditora.com.br\/site\/#organization"},"potentialAction":[{"@type":"SearchAction","target":{"@type":"EntryPoint","urlTemplate":"https:\/\/www.bienaleditora.com.br\/site\/?s={search_term_string}"},"query-input":{"@type":"PropertyValueSpecification","valueRequired":true,"valueName":"search_term_string"}}],"inLanguage":"pt-BR"},{"@type":"Organization","@id":"https:\/\/www.bienaleditora.com.br\/site\/#organization","name":"Bienal Editora","url":"https:\/\/www.bienaleditora.com.br\/site\/","logo":{"@type":"ImageObject","inLanguage":"pt-BR","@id":"https:\/\/www.bienaleditora.com.br\/site\/#\/schema\/logo\/image\/","url":"https:\/\/www.bienaleditora.com.br\/site\/wp-content\/uploads\/2014\/01\/logomarca_png.png","contentUrl":"https:\/\/www.bienaleditora.com.br\/site\/wp-content\/uploads\/2014\/01\/logomarca_png.png","width":145,"height":79,"caption":"Bienal Editora"},"image":{"@id":"https:\/\/www.bienaleditora.com.br\/site\/#\/schema\/logo\/image\/"}},{"@type":"Person","@id":"https:\/\/www.bienaleditora.com.br\/site\/#\/schema\/person\/d1a5a5a109d4fde6a4d5a867405cb50e","name":"Assessoria","image":{"@type":"ImageObject","inLanguage":"pt-BR","@id":"https:\/\/www.bienaleditora.com.br\/site\/#\/schema\/person\/image\/","url":"https:\/\/secure.gravatar.com\/avatar\/fe245404998dfc514ff4b58c7565d7ef?s=96&d=mm&r=g","contentUrl":"https:\/\/secure.gravatar.com\/avatar\/fe245404998dfc514ff4b58c7565d7ef?s=96&d=mm&r=g","caption":"Assessoria"},"url":"https:\/\/www.bienaleditora.com.br\/site\/author\/zozimo\/"}]}},"_links":{"self":[{"href":"https:\/\/www.bienaleditora.com.br\/site\/wp-json\/wp\/v2\/posts\/4258","targetHints":{"allow":["GET"]}}],"collection":[{"href":"https:\/\/www.bienaleditora.com.br\/site\/wp-json\/wp\/v2\/posts"}],"about":[{"href":"https:\/\/www.bienaleditora.com.br\/site\/wp-json\/wp\/v2\/types\/post"}],"author":[{"embeddable":true,"href":"https:\/\/www.bienaleditora.com.br\/site\/wp-json\/wp\/v2\/users\/2"}],"replies":[{"embeddable":true,"href":"https:\/\/www.bienaleditora.com.br\/site\/wp-json\/wp\/v2\/comments?post=4258"}],"version-history":[{"count":3,"href":"https:\/\/www.bienaleditora.com.br\/site\/wp-json\/wp\/v2\/posts\/4258\/revisions"}],"predecessor-version":[{"id":4269,"href":"https:\/\/www.bienaleditora.com.br\/site\/wp-json\/wp\/v2\/posts\/4258\/revisions\/4269"}],"wp:featuredmedia":[{"embeddable":true,"href":"https:\/\/www.bienaleditora.com.br\/site\/wp-json\/wp\/v2\/media\/4259"}],"wp:attachment":[{"href":"https:\/\/www.bienaleditora.com.br\/site\/wp-json\/wp\/v2\/media?parent=4258"}],"wp:term":[{"taxonomy":"category","embeddable":true,"href":"https:\/\/www.bienaleditora.com.br\/site\/wp-json\/wp\/v2\/categories?post=4258"},{"taxonomy":"post_tag","embeddable":true,"href":"https:\/\/www.bienaleditora.com.br\/site\/wp-json\/wp\/v2\/tags?post=4258"}],"curies":[{"name":"wp","href":"https:\/\/api.w.org\/{rel}","templated":true}]}}