{"id":4275,"date":"2026-04-27T18:30:45","date_gmt":"2026-04-27T21:30:45","guid":{"rendered":"https:\/\/www.bienaleditora.com.br\/site\/?p=4275"},"modified":"2026-04-28T06:11:02","modified_gmt":"2026-04-28T09:11:02","slug":"apl-faz-sessao-para-homenagear-alvaro-pacheco","status":"publish","type":"post","link":"https:\/\/www.bienaleditora.com.br\/site\/apl-faz-sessao-para-homenagear-alvaro-pacheco\/","title":{"rendered":"APL faz sess\u00e3o para homenagear \u00c1lvaro Pacheco"},"content":{"rendered":"<p><\/p><p>A Academia Piauiense de Letras (APL) realizou, s\u00e1bado passado (25\/04), o paneg\u00edrico do poeta \u00c1lvaro Pacheco, que ocupou a Cadeira 30.<\/p><p>A ora\u00e7\u00e3o da saudade foi proferida pelo acad\u00eamico Z\u00f3zimo Tavares, que discorreu sobre a vida e obra do homenageado.<\/p><p>A sess\u00e3o foi conduzida pelo presidente da APL, Fonseca Neto, que exaltou \u00c1lvaro Pacheco como um dos maiores nomes da poesia brasileira contempor\u00e2nea.<\/p><p>Na mesma sess\u00e3o, o acad\u00eamico Jonathas Nunes lan\u00e7ou o livro &#8220;A Rever\u00eancia Acad\u00eamica&#8221;, com poemas dedicados aos imortais da APL, da Academia de Ci\u00eancias do Piau\u00ed e da Academia Luso-Brasileira de Letras.<\/p><p>A obra foi apresentada pelo acad\u00eamico Luiz Ayrton Santos.<\/p><p><strong>Do Piau\u00ed para o Rio<\/strong><\/p><p>Z\u00f3zimo Tavares recordou que \u00c1lvaro Pacheco nasceu em 26 de novembro de 1933, em Jaic\u00f3s, no semi\u00e1rido piauiense.<\/p><p>\u201cMuito cedo meteu o p\u00e9 na estrada, deixando para tr\u00e1s os sert\u00f5es ermos s\u00f3 lembrados pelos donos do poder em tempos de seca e de elei\u00e7\u00e3o\u201d, relatou.<\/p><p>\u201cA primeira parada foi Teresina, onde cresceu sob os cuidados de parentes. O que mais lhe marcou foi o tio Cl\u00e1udio Pacheco, jurista com quem conviveu por longos anos\u201d.<\/p><p>Depois de falar sobre a ida de \u00c1lvaro para o Rio de Janeiro, em 1950, o orador discorreu sobre a milit\u00e2ncia dele no jornalismo e a formatura em Direito.<\/p><p>Tamb\u00e9m descreveu a atua\u00e7\u00e3o do homenageado como editor, ao transformar a Artenova em uma das principais editoras do Brasil.<\/p><p>E lembrou que, no in\u00edcio da d\u00e9cada de 1970, no primeiro Governo Alberto Silva, o Piau\u00ed executou o seu mais ambicioso projeto editorial at\u00e9 \u00e0quela \u00e9poca, publicando mais de 40 livros.<\/p><p>Uma parte dessas obras foi publicada pela Companhia Editora do Piau\u00ed (Comepi), em condi\u00e7\u00f5es modestas, e outra pela Artenova, em fino acabamento gr\u00e1fico, usando o que havia de mais moderno \u00e0 \u00e9poca.<\/p><p><strong>Percurso po\u00e9tico<\/strong><\/p><p>Z\u00f3zimo Tavares mostrou que a obra de \u00c1lvaro Pacheco est\u00e1 reunida em 16 livros: <em>Os Instantes e os Gestos<\/em> (1958); <em>Pasto da Solid\u00e3o<\/em> (1965); <em>Margem, Rio, Mundo<\/em> (1966); <em>O Sonho dos Cavalos Selvagens<\/em> (1967); <em>A For\u00e7a Humana<\/em> (1970); <em>A Mat\u00e9ria do Sonho<\/em> (1971); <em>Tempo Integral<\/em> (1973); <em>O Homem de Pedra<\/em> (1975); <em>Itiner\u00e1rios<\/em> (1983); <em>Sele\u00e7\u00e3o de Poemas<\/em> (1984); <em>Balada do Nadador do Infinito<\/em> (1984); <em>A Geometria dos Ventos<\/em> (1992); <em>Tryptique Pour&nbsp; Vang&nbsp; Gogh<\/em> (1994); <em>Solst\u00edcio de Inverno<\/em> (1998); <em>A Balada e Outros Poemas<\/em> (2001) e <em>Epifania das Estrelas para Galileu Galilei<\/em> (2002).<\/p><p><strong>Pr\u00eamios e antologias<\/strong><\/p><p>O orador citou tamb\u00e9m que, em 1984, saiu a sua primeira antologia, <em>Sele\u00e7\u00e3o de Poemas<\/em>, organizada por Odylo Costa, filho, Rubem Fonseca e F\u00e1bio Lucas.&nbsp; No ano seguinte, o poeta recebeu o Pr\u00eamio Nacional de Literatura do Pen Clube do Brasil, por seu livro <em>Balada do nadador do infinito<\/em>.<\/p><p>Organizada por Bruno Tolentino, Ant\u00f4nio Carlos Secchin e Teresa Velho, <em>A Balada e Outros Poemas<\/em>, sua segunda antologia, foi publicada em 2001. A Uni\u00e3o Brasileira de Escritores (UBE) concedeu ao poeta, unanimemente, o Pr\u00eamio Cec\u00edlia Meireles de Poesia por este livro.<\/p><p>\u00c1lvaro Pacheco faleceu em novembro de 2025 e ocupou a Cadeira 30 da APL por 31 anos.<\/p><p><\/p><p>(<em>Imagens: Assessoria da APL e Kassio Gomes)<\/em><\/p><figure class=\"wp-block-image size-large\"><a href=\"https:\/\/www.bienaleditora.com.br\/site\/wp-content\/uploads\/2026\/04\/3.webp\"><img fetchpriority=\"high\" decoding=\"async\" width=\"1600\" height=\"1146\" src=\"https:\/\/www.bienaleditora.com.br\/site\/wp-content\/uploads\/2026\/04\/3-1024x733.webp\" alt=\"\" class=\"wp-image-4277\" srcset=\"https:\/\/www.bienaleditora.com.br\/site\/wp-content\/uploads\/2026\/04\/3-1024x733.webp 1024w, https:\/\/www.bienaleditora.com.br\/site\/wp-content\/uploads\/2026\/04\/3-300x215.webp 300w, https:\/\/www.bienaleditora.com.br\/site\/wp-content\/uploads\/2026\/04\/3-768x550.webp 768w, https:\/\/www.bienaleditora.com.br\/site\/wp-content\/uploads\/2026\/04\/3-1536x1100.webp 1536w, https:\/\/www.bienaleditora.com.br\/site\/wp-content\/uploads\/2026\/04\/3-600x430.webp 600w, https:\/\/www.bienaleditora.com.br\/site\/wp-content\/uploads\/2026\/04\/3.webp 1600w\" sizes=\"(max-width: 1600px) 100vw, 1600px\" \/><\/a><\/figure><p><\/p><figure class=\"wp-block-image size-large\"><a href=\"https:\/\/www.bienaleditora.com.br\/site\/wp-content\/uploads\/2026\/04\/11.webp\"><img decoding=\"async\" width=\"1024\" height=\"576\" src=\"https:\/\/www.bienaleditora.com.br\/site\/wp-content\/uploads\/2026\/04\/11-1024x576.webp\" alt=\"\" class=\"wp-image-4278\" srcset=\"https:\/\/www.bienaleditora.com.br\/site\/wp-content\/uploads\/2026\/04\/11-1024x576.webp 1024w, https:\/\/www.bienaleditora.com.br\/site\/wp-content\/uploads\/2026\/04\/11-300x169.webp 300w, https:\/\/www.bienaleditora.com.br\/site\/wp-content\/uploads\/2026\/04\/11-768x432.webp 768w, https:\/\/www.bienaleditora.com.br\/site\/wp-content\/uploads\/2026\/04\/11-600x338.webp 600w, https:\/\/www.bienaleditora.com.br\/site\/wp-content\/uploads\/2026\/04\/11.webp 1280w\" sizes=\"(max-width: 1024px) 100vw, 1024px\" \/><\/a><\/figure><p><\/p><figure class=\"wp-block-image size-large\"><a href=\"https:\/\/www.bienaleditora.com.br\/site\/wp-content\/uploads\/2026\/04\/9.webp\"><img decoding=\"async\" width=\"1024\" height=\"576\" src=\"https:\/\/www.bienaleditora.com.br\/site\/wp-content\/uploads\/2026\/04\/9-1024x576.webp\" alt=\"\" class=\"wp-image-4279\" srcset=\"https:\/\/www.bienaleditora.com.br\/site\/wp-content\/uploads\/2026\/04\/9-1024x576.webp 1024w, https:\/\/www.bienaleditora.com.br\/site\/wp-content\/uploads\/2026\/04\/9-300x169.webp 300w, https:\/\/www.bienaleditora.com.br\/site\/wp-content\/uploads\/2026\/04\/9-768x432.webp 768w, https:\/\/www.bienaleditora.com.br\/site\/wp-content\/uploads\/2026\/04\/9-600x338.webp 600w, https:\/\/www.bienaleditora.com.br\/site\/wp-content\/uploads\/2026\/04\/9.webp 1280w\" sizes=\"(max-width: 1024px) 100vw, 1024px\" \/><\/a><\/figure><p><\/p><figure class=\"wp-block-image size-large\"><a href=\"https:\/\/www.bienaleditora.com.br\/site\/wp-content\/uploads\/2026\/04\/6.webp\"><img loading=\"lazy\" decoding=\"async\" width=\"1024\" height=\"461\" src=\"https:\/\/www.bienaleditora.com.br\/site\/wp-content\/uploads\/2026\/04\/6-1024x461.webp\" alt=\"\" class=\"wp-image-4280\" srcset=\"https:\/\/www.bienaleditora.com.br\/site\/wp-content\/uploads\/2026\/04\/6-1024x461.webp 1024w, https:\/\/www.bienaleditora.com.br\/site\/wp-content\/uploads\/2026\/04\/6-300x135.webp 300w, https:\/\/www.bienaleditora.com.br\/site\/wp-content\/uploads\/2026\/04\/6-768x346.webp 768w, https:\/\/www.bienaleditora.com.br\/site\/wp-content\/uploads\/2026\/04\/6-1536x691.webp 1536w, https:\/\/www.bienaleditora.com.br\/site\/wp-content\/uploads\/2026\/04\/6-600x270.webp 600w, https:\/\/www.bienaleditora.com.br\/site\/wp-content\/uploads\/2026\/04\/6.webp 1600w\" sizes=\"(max-width: 1024px) 100vw, 1024px\" \/><\/a><\/figure><p><\/p><figure class=\"wp-block-image size-large\"><a href=\"https:\/\/www.bienaleditora.com.br\/site\/wp-content\/uploads\/2026\/04\/12.webp\"><img loading=\"lazy\" decoding=\"async\" width=\"1024\" height=\"576\" src=\"https:\/\/www.bienaleditora.com.br\/site\/wp-content\/uploads\/2026\/04\/12-1024x576.webp\" alt=\"\" class=\"wp-image-4281\" srcset=\"https:\/\/www.bienaleditora.com.br\/site\/wp-content\/uploads\/2026\/04\/12-1024x576.webp 1024w, https:\/\/www.bienaleditora.com.br\/site\/wp-content\/uploads\/2026\/04\/12-300x169.webp 300w, https:\/\/www.bienaleditora.com.br\/site\/wp-content\/uploads\/2026\/04\/12-768x432.webp 768w, https:\/\/www.bienaleditora.com.br\/site\/wp-content\/uploads\/2026\/04\/12-600x338.webp 600w, https:\/\/www.bienaleditora.com.br\/site\/wp-content\/uploads\/2026\/04\/12.webp 1280w\" sizes=\"(max-width: 1024px) 100vw, 1024px\" \/><\/a><\/figure><p><\/p><figure class=\"wp-block-image size-large\"><a href=\"https:\/\/www.bienaleditora.com.br\/site\/wp-content\/uploads\/2026\/04\/17.webp\"><img loading=\"lazy\" decoding=\"async\" width=\"1024\" height=\"576\" src=\"https:\/\/www.bienaleditora.com.br\/site\/wp-content\/uploads\/2026\/04\/17-1024x576.webp\" alt=\"\" class=\"wp-image-4283\" srcset=\"https:\/\/www.bienaleditora.com.br\/site\/wp-content\/uploads\/2026\/04\/17-1024x576.webp 1024w, https:\/\/www.bienaleditora.com.br\/site\/wp-content\/uploads\/2026\/04\/17-300x169.webp 300w, https:\/\/www.bienaleditora.com.br\/site\/wp-content\/uploads\/2026\/04\/17-768x432.webp 768w, https:\/\/www.bienaleditora.com.br\/site\/wp-content\/uploads\/2026\/04\/17-1536x864.webp 1536w, https:\/\/www.bienaleditora.com.br\/site\/wp-content\/uploads\/2026\/04\/17-600x338.webp 600w, https:\/\/www.bienaleditora.com.br\/site\/wp-content\/uploads\/2026\/04\/17.webp 1600w\" sizes=\"(max-width: 1024px) 100vw, 1024px\" \/><\/a><\/figure><p><\/p><figure class=\"wp-block-image size-large\"><a href=\"https:\/\/www.bienaleditora.com.br\/site\/wp-content\/uploads\/2026\/04\/18.webp\"><img loading=\"lazy\" decoding=\"async\" width=\"576\" height=\"1024\" src=\"https:\/\/www.bienaleditora.com.br\/site\/wp-content\/uploads\/2026\/04\/18-576x1024.webp\" alt=\"\" class=\"wp-image-4284\" srcset=\"https:\/\/www.bienaleditora.com.br\/site\/wp-content\/uploads\/2026\/04\/18-576x1024.webp 576w, https:\/\/www.bienaleditora.com.br\/site\/wp-content\/uploads\/2026\/04\/18-169x300.webp 169w, https:\/\/www.bienaleditora.com.br\/site\/wp-content\/uploads\/2026\/04\/18-768x1365.webp 768w, https:\/\/www.bienaleditora.com.br\/site\/wp-content\/uploads\/2026\/04\/18-864x1536.webp 864w, https:\/\/www.bienaleditora.com.br\/site\/wp-content\/uploads\/2026\/04\/18-600x1067.webp 600w, https:\/\/www.bienaleditora.com.br\/site\/wp-content\/uploads\/2026\/04\/18.webp 900w\" sizes=\"(max-width: 576px) 100vw, 576px\" \/><\/a><\/figure><figure class=\"wp-block-image size-large\"><a href=\"https:\/\/www.bienaleditora.com.br\/site\/wp-content\/uploads\/2026\/04\/2.webp\"><img loading=\"lazy\" decoding=\"async\" width=\"1024\" height=\"733\" src=\"https:\/\/www.bienaleditora.com.br\/site\/wp-content\/uploads\/2026\/04\/2-1024x733.webp\" alt=\"\" class=\"wp-image-4282\" srcset=\"https:\/\/www.bienaleditora.com.br\/site\/wp-content\/uploads\/2026\/04\/2-1024x733.webp 1024w, https:\/\/www.bienaleditora.com.br\/site\/wp-content\/uploads\/2026\/04\/2-300x215.webp 300w, https:\/\/www.bienaleditora.com.br\/site\/wp-content\/uploads\/2026\/04\/2-768x550.webp 768w, https:\/\/www.bienaleditora.com.br\/site\/wp-content\/uploads\/2026\/04\/2-1536x1100.webp 1536w, https:\/\/www.bienaleditora.com.br\/site\/wp-content\/uploads\/2026\/04\/2-600x430.webp 600w, https:\/\/www.bienaleditora.com.br\/site\/wp-content\/uploads\/2026\/04\/2.webp 1600w\" sizes=\"(max-width: 1024px) 100vw, 1024px\" \/><\/a><\/figure>","protected":false},"excerpt":{"rendered":"<p>A Academia Piauiense de Letras (APL) realizou, s\u00e1bado passado (25\/04), o paneg\u00edrico do poeta \u00c1lvaro Pacheco, que ocupou a Cadeira 30. A ora\u00e7\u00e3o da saudade foi proferida pelo acad\u00eamico Z\u00f3zimo Tavares, que discorreu sobre a vida e obra do homenageado. A sess\u00e3o foi conduzida pelo presidente da APL, Fonseca Neto, que exaltou \u00c1lvaro Pacheco como [&hellip;]<\/p>\n","protected":false},"author":2,"featured_media":4276,"comment_status":"closed","ping_status":"open","sticky":false,"template":"","format":"standard","meta":{"_acf_changed":false,"footnotes":""},"categories":[4],"tags":[262,207,263],"class_list":["post-4275","post","type-post","status-publish","format-standard","has-post-thumbnail","hentry","category-blog","tag-alvaro-pacheco","tag-homenagem","tag-sessao-da-saudade"],"acf":[],"yoast_head":"<!-- This site is optimized with the Yoast SEO plugin v26.7 - https:\/\/yoast.com\/wordpress\/plugins\/seo\/ -->\n<title>APL faz sess\u00e3o para homenagear \u00c1lvaro Pacheco - Bienal Editora<\/title>\n<meta name=\"robots\" content=\"index, follow, max-snippet:-1, max-image-preview:large, max-video-preview:-1\" \/>\n<link rel=\"canonical\" href=\"https:\/\/www.bienaleditora.com.br\/site\/apl-faz-sessao-para-homenagear-alvaro-pacheco\/\" \/>\n<meta property=\"og:locale\" content=\"pt_BR\" \/>\n<meta property=\"og:type\" content=\"article\" \/>\n<meta property=\"og:title\" content=\"APL faz sess\u00e3o para homenagear \u00c1lvaro Pacheco - Bienal Editora\" \/>\n<meta property=\"og:description\" content=\"A Academia Piauiense de Letras (APL) realizou, s\u00e1bado passado (25\/04), o paneg\u00edrico do poeta \u00c1lvaro Pacheco, que ocupou a Cadeira 30. A ora\u00e7\u00e3o da saudade foi proferida pelo acad\u00eamico Z\u00f3zimo Tavares, que discorreu sobre a vida e obra do homenageado. A sess\u00e3o foi conduzida pelo presidente da APL, Fonseca Neto, que exaltou \u00c1lvaro Pacheco como [&hellip;]\" \/>\n<meta property=\"og:url\" content=\"https:\/\/www.bienaleditora.com.br\/site\/apl-faz-sessao-para-homenagear-alvaro-pacheco\/\" \/>\n<meta property=\"og:site_name\" content=\"Bienal Editora\" \/>\n<meta property=\"article:published_time\" content=\"2026-04-27T21:30:45+00:00\" \/>\n<meta property=\"article:modified_time\" content=\"2026-04-28T09:11:02+00:00\" \/>\n<meta property=\"og:image\" content=\"https:\/\/www.bienaleditora.com.br\/site\/wp-content\/uploads\/2026\/04\/4.webp\" \/>\n\t<meta property=\"og:image:width\" content=\"1600\" \/>\n\t<meta property=\"og:image:height\" content=\"1146\" \/>\n\t<meta property=\"og:image:type\" content=\"image\/webp\" \/>\n<meta name=\"author\" content=\"Assessoria\" \/>\n<meta name=\"twitter:card\" content=\"summary_large_image\" \/>\n<meta name=\"twitter:label1\" content=\"Escrito por\" \/>\n\t<meta name=\"twitter:data1\" content=\"Assessoria\" \/>\n\t<meta name=\"twitter:label2\" content=\"Est. tempo de leitura\" \/>\n\t<meta name=\"twitter:data2\" content=\"5 minutos\" \/>\n<script type=\"application\/ld+json\" class=\"yoast-schema-graph\">{\"@context\":\"https:\/\/schema.org\",\"@graph\":[{\"@type\":\"Article\",\"@id\":\"https:\/\/www.bienaleditora.com.br\/site\/apl-faz-sessao-para-homenagear-alvaro-pacheco\/#article\",\"isPartOf\":{\"@id\":\"https:\/\/www.bienaleditora.com.br\/site\/apl-faz-sessao-para-homenagear-alvaro-pacheco\/\"},\"author\":{\"name\":\"Assessoria\",\"@id\":\"https:\/\/www.bienaleditora.com.br\/site\/#\/schema\/person\/d1a5a5a109d4fde6a4d5a867405cb50e\"},\"headline\":\"APL faz sess\u00e3o para homenagear \u00c1lvaro Pacheco\",\"datePublished\":\"2026-04-27T21:30:45+00:00\",\"dateModified\":\"2026-04-28T09:11:02+00:00\",\"mainEntityOfPage\":{\"@id\":\"https:\/\/www.bienaleditora.com.br\/site\/apl-faz-sessao-para-homenagear-alvaro-pacheco\/\"},\"wordCount\":530,\"publisher\":{\"@id\":\"https:\/\/www.bienaleditora.com.br\/site\/#organization\"},\"image\":{\"@id\":\"https:\/\/www.bienaleditora.com.br\/site\/apl-faz-sessao-para-homenagear-alvaro-pacheco\/#primaryimage\"},\"thumbnailUrl\":\"https:\/\/www.bienaleditora.com.br\/site\/wp-content\/uploads\/2026\/04\/4.webp\",\"keywords\":[\"\u00c1lvaro Pacheco\",\"Homenagem\",\"Sess\u00e3o da saudade\"],\"articleSection\":[\"blog\"],\"inLanguage\":\"pt-BR\"},{\"@type\":\"WebPage\",\"@id\":\"https:\/\/www.bienaleditora.com.br\/site\/apl-faz-sessao-para-homenagear-alvaro-pacheco\/\",\"url\":\"https:\/\/www.bienaleditora.com.br\/site\/apl-faz-sessao-para-homenagear-alvaro-pacheco\/\",\"name\":\"APL faz sess\u00e3o para homenagear \u00c1lvaro Pacheco - Bienal Editora\",\"isPartOf\":{\"@id\":\"https:\/\/www.bienaleditora.com.br\/site\/#website\"},\"primaryImageOfPage\":{\"@id\":\"https:\/\/www.bienaleditora.com.br\/site\/apl-faz-sessao-para-homenagear-alvaro-pacheco\/#primaryimage\"},\"image\":{\"@id\":\"https:\/\/www.bienaleditora.com.br\/site\/apl-faz-sessao-para-homenagear-alvaro-pacheco\/#primaryimage\"},\"thumbnailUrl\":\"https:\/\/www.bienaleditora.com.br\/site\/wp-content\/uploads\/2026\/04\/4.webp\",\"datePublished\":\"2026-04-27T21:30:45+00:00\",\"dateModified\":\"2026-04-28T09:11:02+00:00\",\"breadcrumb\":{\"@id\":\"https:\/\/www.bienaleditora.com.br\/site\/apl-faz-sessao-para-homenagear-alvaro-pacheco\/#breadcrumb\"},\"inLanguage\":\"pt-BR\",\"potentialAction\":[{\"@type\":\"ReadAction\",\"target\":[\"https:\/\/www.bienaleditora.com.br\/site\/apl-faz-sessao-para-homenagear-alvaro-pacheco\/\"]}]},{\"@type\":\"ImageObject\",\"inLanguage\":\"pt-BR\",\"@id\":\"https:\/\/www.bienaleditora.com.br\/site\/apl-faz-sessao-para-homenagear-alvaro-pacheco\/#primaryimage\",\"url\":\"https:\/\/www.bienaleditora.com.br\/site\/wp-content\/uploads\/2026\/04\/4.webp\",\"contentUrl\":\"https:\/\/www.bienaleditora.com.br\/site\/wp-content\/uploads\/2026\/04\/4.webp\",\"width\":1600,\"height\":1146},{\"@type\":\"BreadcrumbList\",\"@id\":\"https:\/\/www.bienaleditora.com.br\/site\/apl-faz-sessao-para-homenagear-alvaro-pacheco\/#breadcrumb\",\"itemListElement\":[{\"@type\":\"ListItem\",\"position\":1,\"name\":\"Home\",\"item\":\"https:\/\/www.bienaleditora.com.br\/site\/\"},{\"@type\":\"ListItem\",\"position\":2,\"name\":\"APL faz sess\u00e3o para homenagear \u00c1lvaro Pacheco\"}]},{\"@type\":\"WebSite\",\"@id\":\"https:\/\/www.bienaleditora.com.br\/site\/#website\",\"url\":\"https:\/\/www.bienaleditora.com.br\/site\/\",\"name\":\"Bienal Editora\",\"description\":\"Uma editora jovem, n\u00e3o s\u00f3 na idade \u2014 afinal foi fundada em dezembro de 2012 \u2014 mas no esp\u00edrito inovador de optar pela publica\u00e7\u00e3o de fic\u00e7\u00e3o e n\u00e3o fic\u00e7\u00e3o priorizando a qualidade, e n\u00e3o a quantidade de lan\u00e7amentos.\",\"publisher\":{\"@id\":\"https:\/\/www.bienaleditora.com.br\/site\/#organization\"},\"potentialAction\":[{\"@type\":\"SearchAction\",\"target\":{\"@type\":\"EntryPoint\",\"urlTemplate\":\"https:\/\/www.bienaleditora.com.br\/site\/?s={search_term_string}\"},\"query-input\":{\"@type\":\"PropertyValueSpecification\",\"valueRequired\":true,\"valueName\":\"search_term_string\"}}],\"inLanguage\":\"pt-BR\"},{\"@type\":\"Organization\",\"@id\":\"https:\/\/www.bienaleditora.com.br\/site\/#organization\",\"name\":\"Bienal Editora\",\"url\":\"https:\/\/www.bienaleditora.com.br\/site\/\",\"logo\":{\"@type\":\"ImageObject\",\"inLanguage\":\"pt-BR\",\"@id\":\"https:\/\/www.bienaleditora.com.br\/site\/#\/schema\/logo\/image\/\",\"url\":\"https:\/\/www.bienaleditora.com.br\/site\/wp-content\/uploads\/2014\/01\/logomarca_png.png\",\"contentUrl\":\"https:\/\/www.bienaleditora.com.br\/site\/wp-content\/uploads\/2014\/01\/logomarca_png.png\",\"width\":145,\"height\":79,\"caption\":\"Bienal Editora\"},\"image\":{\"@id\":\"https:\/\/www.bienaleditora.com.br\/site\/#\/schema\/logo\/image\/\"}},{\"@type\":\"Person\",\"@id\":\"https:\/\/www.bienaleditora.com.br\/site\/#\/schema\/person\/d1a5a5a109d4fde6a4d5a867405cb50e\",\"name\":\"Assessoria\",\"image\":{\"@type\":\"ImageObject\",\"inLanguage\":\"pt-BR\",\"@id\":\"https:\/\/www.bienaleditora.com.br\/site\/#\/schema\/person\/image\/\",\"url\":\"https:\/\/secure.gravatar.com\/avatar\/fe245404998dfc514ff4b58c7565d7ef?s=96&d=mm&r=g\",\"contentUrl\":\"https:\/\/secure.gravatar.com\/avatar\/fe245404998dfc514ff4b58c7565d7ef?s=96&d=mm&r=g\",\"caption\":\"Assessoria\"},\"url\":\"https:\/\/www.bienaleditora.com.br\/site\/author\/zozimo\/\"}]}<\/script>\n<!-- \/ Yoast SEO plugin. -->","yoast_head_json":{"title":"APL faz sess\u00e3o para homenagear \u00c1lvaro Pacheco - Bienal Editora","robots":{"index":"index","follow":"follow","max-snippet":"max-snippet:-1","max-image-preview":"max-image-preview:large","max-video-preview":"max-video-preview:-1"},"canonical":"https:\/\/www.bienaleditora.com.br\/site\/apl-faz-sessao-para-homenagear-alvaro-pacheco\/","og_locale":"pt_BR","og_type":"article","og_title":"APL faz sess\u00e3o para homenagear \u00c1lvaro Pacheco - Bienal Editora","og_description":"A Academia Piauiense de Letras (APL) realizou, s\u00e1bado passado (25\/04), o paneg\u00edrico do poeta \u00c1lvaro Pacheco, que ocupou a Cadeira 30. A ora\u00e7\u00e3o da saudade foi proferida pelo acad\u00eamico Z\u00f3zimo Tavares, que discorreu sobre a vida e obra do homenageado. A sess\u00e3o foi conduzida pelo presidente da APL, Fonseca Neto, que exaltou \u00c1lvaro Pacheco como [&hellip;]","og_url":"https:\/\/www.bienaleditora.com.br\/site\/apl-faz-sessao-para-homenagear-alvaro-pacheco\/","og_site_name":"Bienal Editora","article_published_time":"2026-04-27T21:30:45+00:00","article_modified_time":"2026-04-28T09:11:02+00:00","og_image":[{"width":1600,"height":1146,"url":"https:\/\/www.bienaleditora.com.br\/site\/wp-content\/uploads\/2026\/04\/4.webp","type":"image\/webp"}],"author":"Assessoria","twitter_card":"summary_large_image","twitter_misc":{"Escrito por":"Assessoria","Est. tempo de leitura":"5 minutos"},"schema":{"@context":"https:\/\/schema.org","@graph":[{"@type":"Article","@id":"https:\/\/www.bienaleditora.com.br\/site\/apl-faz-sessao-para-homenagear-alvaro-pacheco\/#article","isPartOf":{"@id":"https:\/\/www.bienaleditora.com.br\/site\/apl-faz-sessao-para-homenagear-alvaro-pacheco\/"},"author":{"name":"Assessoria","@id":"https:\/\/www.bienaleditora.com.br\/site\/#\/schema\/person\/d1a5a5a109d4fde6a4d5a867405cb50e"},"headline":"APL faz sess\u00e3o para homenagear \u00c1lvaro Pacheco","datePublished":"2026-04-27T21:30:45+00:00","dateModified":"2026-04-28T09:11:02+00:00","mainEntityOfPage":{"@id":"https:\/\/www.bienaleditora.com.br\/site\/apl-faz-sessao-para-homenagear-alvaro-pacheco\/"},"wordCount":530,"publisher":{"@id":"https:\/\/www.bienaleditora.com.br\/site\/#organization"},"image":{"@id":"https:\/\/www.bienaleditora.com.br\/site\/apl-faz-sessao-para-homenagear-alvaro-pacheco\/#primaryimage"},"thumbnailUrl":"https:\/\/www.bienaleditora.com.br\/site\/wp-content\/uploads\/2026\/04\/4.webp","keywords":["\u00c1lvaro Pacheco","Homenagem","Sess\u00e3o da saudade"],"articleSection":["blog"],"inLanguage":"pt-BR"},{"@type":"WebPage","@id":"https:\/\/www.bienaleditora.com.br\/site\/apl-faz-sessao-para-homenagear-alvaro-pacheco\/","url":"https:\/\/www.bienaleditora.com.br\/site\/apl-faz-sessao-para-homenagear-alvaro-pacheco\/","name":"APL faz sess\u00e3o para homenagear \u00c1lvaro Pacheco - Bienal Editora","isPartOf":{"@id":"https:\/\/www.bienaleditora.com.br\/site\/#website"},"primaryImageOfPage":{"@id":"https:\/\/www.bienaleditora.com.br\/site\/apl-faz-sessao-para-homenagear-alvaro-pacheco\/#primaryimage"},"image":{"@id":"https:\/\/www.bienaleditora.com.br\/site\/apl-faz-sessao-para-homenagear-alvaro-pacheco\/#primaryimage"},"thumbnailUrl":"https:\/\/www.bienaleditora.com.br\/site\/wp-content\/uploads\/2026\/04\/4.webp","datePublished":"2026-04-27T21:30:45+00:00","dateModified":"2026-04-28T09:11:02+00:00","breadcrumb":{"@id":"https:\/\/www.bienaleditora.com.br\/site\/apl-faz-sessao-para-homenagear-alvaro-pacheco\/#breadcrumb"},"inLanguage":"pt-BR","potentialAction":[{"@type":"ReadAction","target":["https:\/\/www.bienaleditora.com.br\/site\/apl-faz-sessao-para-homenagear-alvaro-pacheco\/"]}]},{"@type":"ImageObject","inLanguage":"pt-BR","@id":"https:\/\/www.bienaleditora.com.br\/site\/apl-faz-sessao-para-homenagear-alvaro-pacheco\/#primaryimage","url":"https:\/\/www.bienaleditora.com.br\/site\/wp-content\/uploads\/2026\/04\/4.webp","contentUrl":"https:\/\/www.bienaleditora.com.br\/site\/wp-content\/uploads\/2026\/04\/4.webp","width":1600,"height":1146},{"@type":"BreadcrumbList","@id":"https:\/\/www.bienaleditora.com.br\/site\/apl-faz-sessao-para-homenagear-alvaro-pacheco\/#breadcrumb","itemListElement":[{"@type":"ListItem","position":1,"name":"Home","item":"https:\/\/www.bienaleditora.com.br\/site\/"},{"@type":"ListItem","position":2,"name":"APL faz sess\u00e3o para homenagear \u00c1lvaro Pacheco"}]},{"@type":"WebSite","@id":"https:\/\/www.bienaleditora.com.br\/site\/#website","url":"https:\/\/www.bienaleditora.com.br\/site\/","name":"Bienal Editora","description":"Uma editora jovem, n\u00e3o s\u00f3 na idade \u2014 afinal foi fundada em dezembro de 2012 \u2014 mas no esp\u00edrito inovador de optar pela publica\u00e7\u00e3o de fic\u00e7\u00e3o e n\u00e3o fic\u00e7\u00e3o priorizando a qualidade, e n\u00e3o a quantidade de lan\u00e7amentos.","publisher":{"@id":"https:\/\/www.bienaleditora.com.br\/site\/#organization"},"potentialAction":[{"@type":"SearchAction","target":{"@type":"EntryPoint","urlTemplate":"https:\/\/www.bienaleditora.com.br\/site\/?s={search_term_string}"},"query-input":{"@type":"PropertyValueSpecification","valueRequired":true,"valueName":"search_term_string"}}],"inLanguage":"pt-BR"},{"@type":"Organization","@id":"https:\/\/www.bienaleditora.com.br\/site\/#organization","name":"Bienal Editora","url":"https:\/\/www.bienaleditora.com.br\/site\/","logo":{"@type":"ImageObject","inLanguage":"pt-BR","@id":"https:\/\/www.bienaleditora.com.br\/site\/#\/schema\/logo\/image\/","url":"https:\/\/www.bienaleditora.com.br\/site\/wp-content\/uploads\/2014\/01\/logomarca_png.png","contentUrl":"https:\/\/www.bienaleditora.com.br\/site\/wp-content\/uploads\/2014\/01\/logomarca_png.png","width":145,"height":79,"caption":"Bienal Editora"},"image":{"@id":"https:\/\/www.bienaleditora.com.br\/site\/#\/schema\/logo\/image\/"}},{"@type":"Person","@id":"https:\/\/www.bienaleditora.com.br\/site\/#\/schema\/person\/d1a5a5a109d4fde6a4d5a867405cb50e","name":"Assessoria","image":{"@type":"ImageObject","inLanguage":"pt-BR","@id":"https:\/\/www.bienaleditora.com.br\/site\/#\/schema\/person\/image\/","url":"https:\/\/secure.gravatar.com\/avatar\/fe245404998dfc514ff4b58c7565d7ef?s=96&d=mm&r=g","contentUrl":"https:\/\/secure.gravatar.com\/avatar\/fe245404998dfc514ff4b58c7565d7ef?s=96&d=mm&r=g","caption":"Assessoria"},"url":"https:\/\/www.bienaleditora.com.br\/site\/author\/zozimo\/"}]}},"_links":{"self":[{"href":"https:\/\/www.bienaleditora.com.br\/site\/wp-json\/wp\/v2\/posts\/4275","targetHints":{"allow":["GET"]}}],"collection":[{"href":"https:\/\/www.bienaleditora.com.br\/site\/wp-json\/wp\/v2\/posts"}],"about":[{"href":"https:\/\/www.bienaleditora.com.br\/site\/wp-json\/wp\/v2\/types\/post"}],"author":[{"embeddable":true,"href":"https:\/\/www.bienaleditora.com.br\/site\/wp-json\/wp\/v2\/users\/2"}],"replies":[{"embeddable":true,"href":"https:\/\/www.bienaleditora.com.br\/site\/wp-json\/wp\/v2\/comments?post=4275"}],"version-history":[{"count":4,"href":"https:\/\/www.bienaleditora.com.br\/site\/wp-json\/wp\/v2\/posts\/4275\/revisions"}],"predecessor-version":[{"id":4289,"href":"https:\/\/www.bienaleditora.com.br\/site\/wp-json\/wp\/v2\/posts\/4275\/revisions\/4289"}],"wp:featuredmedia":[{"embeddable":true,"href":"https:\/\/www.bienaleditora.com.br\/site\/wp-json\/wp\/v2\/media\/4276"}],"wp:attachment":[{"href":"https:\/\/www.bienaleditora.com.br\/site\/wp-json\/wp\/v2\/media?parent=4275"}],"wp:term":[{"taxonomy":"category","embeddable":true,"href":"https:\/\/www.bienaleditora.com.br\/site\/wp-json\/wp\/v2\/categories?post=4275"},{"taxonomy":"post_tag","embeddable":true,"href":"https:\/\/www.bienaleditora.com.br\/site\/wp-json\/wp\/v2\/tags?post=4275"}],"curies":[{"name":"wp","href":"https:\/\/api.w.org\/{rel}","templated":true}]}}