{"id":4290,"date":"2026-03-18T07:56:02","date_gmt":"2026-03-18T10:56:02","guid":{"rendered":"https:\/\/www.bienaleditora.com.br\/site\/?p=4290"},"modified":"2026-04-29T08:19:44","modified_gmt":"2026-04-29T11:19:44","slug":"lancamento-de-filme-e-de-biografia-marcam-centenario-de-dirceu","status":"publish","type":"post","link":"https:\/\/www.bienaleditora.com.br\/site\/lancamento-de-filme-e-de-biografia-marcam-centenario-de-dirceu\/","title":{"rendered":"Lan\u00e7amento de filme e de biografia marcam centen\u00e1rio de Dirceu"},"content":{"rendered":"<p><\/p><p>O mundo pol\u00edtico, empresarial e intelectual prestigiou o lan\u00e7amento do document\u00e1rio <em>Dirceu Arcoverde 100 anos<\/em> e do livro <em>Dirceu Arcoverde &#8211; Esperan\u00e7a interrompida<\/em>, realizado no Sesc Caju\u00edna, em 16 de mar\u00e7o passado.<\/p><p>O ministro do Desenvolvimento Social, Wellington Dias, o presidente nacional do PP, senador Ciro Nogueira, e o deputado federal Fl\u00e1vio Nogueira est\u00e3o entre os pol\u00edticos que circularam pelo evento.<\/p><p>Tamb\u00e9m participaram do lan\u00e7amento o ex-governador Wilson Martins, membros da Academia Piauiense de Letras e o humorista Jo\u00e3o Cl\u00e1udio Moreno.<\/p><p>O lan\u00e7amento foi articulado pelo deputado federal J\u00falio Arcoverde, filho do homenageado.<\/p><p>O evento foi organizado pela Plug Propaganda e a UPJ Produ\u00e7\u00f5es, produtoras do filme, e pela Bienal Editora, respons\u00e1vel pela publica\u00e7\u00e3o do livro. &nbsp;&nbsp;<\/p><p><strong>O filme<\/strong><\/p><p>Com 40 minutos de dura\u00e7\u00e3o, o filme tem roteiro do publicit\u00e1rio George Mendes e do jornalista Z\u00f3zimo Tavares.<\/p><p>A produ\u00e7\u00e3o mergulhou fundo no acervo de imagens do senador e ex-governador Dirceu Arcoverde, falecido em 16 de mar\u00e7o de 1979.<\/p><p>O filme traz tamb\u00e9m depoimentos de contempor\u00e2neos que conviveram com Dirceu na condi\u00e7\u00e3o de m\u00e9dicos, amigos, assessores, correligion\u00e1rios e advers\u00e1rios.<\/p><p>O document\u00e1rio apresenta, ainda, filmes publicit\u00e1rios do Governo Dirceu Arcoverde e trechos de seu \u00fanico discurso no Senado.<\/p><p><strong>Biografia<\/strong><\/p><p>O livro, de autoria do jornalista e cientista pol\u00edtico Z\u00f3zimo Tavares, conta a hist\u00f3ria de vida, a carreira profissional e a trajet\u00f3ria pol\u00edtica do ex-governador e ex-senador Dirceu Arcoverde, nascido em Amarante, em 1925.<\/p><p>O biografado foi um conceituado m\u00e9dico, um dos fundadores da Faculdade de Medicina do Piau\u00ed e secret\u00e1rio estadual de Sa\u00fade no primeiro Governo Alberto Silva (1971 \u2013 1975).<\/p><p>Ele governou o Piau\u00ed de 1975 a 1978, quando renunciou para concorrer ao Senado.<\/p><p>Vitorioso nas urnas, exerceu o mandato por apenas 44 dias, pois faleceu em decorr\u00eancia de um Acidente Vascular Cerebral (AVC) quando fazia seu discurso de estreia na tribuna do Senado. Tinha 53 anos.<\/p><figure class=\"wp-block-image size-large is-resized\"><a href=\"https:\/\/www.bienaleditora.com.br\/site\/wp-content\/uploads\/2026\/03\/1a.webp\"><img fetchpriority=\"high\" decoding=\"async\" width=\"768\" height=\"1024\" src=\"https:\/\/www.bienaleditora.com.br\/site\/wp-content\/uploads\/2026\/03\/1a-768x1024.webp\" alt=\"\" class=\"wp-image-4294\" style=\"width:800px;height:auto\" srcset=\"https:\/\/www.bienaleditora.com.br\/site\/wp-content\/uploads\/2026\/03\/1a-768x1024.webp 768w, https:\/\/www.bienaleditora.com.br\/site\/wp-content\/uploads\/2026\/03\/1a-225x300.webp 225w, https:\/\/www.bienaleditora.com.br\/site\/wp-content\/uploads\/2026\/03\/1a-1152x1536.webp 1152w, https:\/\/www.bienaleditora.com.br\/site\/wp-content\/uploads\/2026\/03\/1a-600x800.webp 600w, https:\/\/www.bienaleditora.com.br\/site\/wp-content\/uploads\/2026\/03\/1a.webp 1200w\" sizes=\"(max-width: 768px) 100vw, 768px\" \/><\/a><\/figure><figure class=\"wp-block-image size-large\"><a href=\"https:\/\/www.bienaleditora.com.br\/site\/wp-content\/uploads\/2026\/03\/6a.webp\"><img decoding=\"async\" width=\"768\" height=\"1024\" src=\"https:\/\/www.bienaleditora.com.br\/site\/wp-content\/uploads\/2026\/03\/6a-768x1024.webp\" alt=\"\" class=\"wp-image-4295\" srcset=\"https:\/\/www.bienaleditora.com.br\/site\/wp-content\/uploads\/2026\/03\/6a-768x1024.webp 768w, https:\/\/www.bienaleditora.com.br\/site\/wp-content\/uploads\/2026\/03\/6a-225x300.webp 225w, https:\/\/www.bienaleditora.com.br\/site\/wp-content\/uploads\/2026\/03\/6a-1152x1536.webp 1152w, https:\/\/www.bienaleditora.com.br\/site\/wp-content\/uploads\/2026\/03\/6a-600x800.webp 600w, https:\/\/www.bienaleditora.com.br\/site\/wp-content\/uploads\/2026\/03\/6a.webp 1200w\" sizes=\"(max-width: 768px) 100vw, 768px\" \/><\/a><\/figure><figure class=\"wp-block-image size-large\"><a href=\"https:\/\/www.bienaleditora.com.br\/site\/wp-content\/uploads\/2026\/03\/5a.webp\"><img decoding=\"async\" width=\"1024\" height=\"768\" src=\"https:\/\/www.bienaleditora.com.br\/site\/wp-content\/uploads\/2026\/03\/5a-1024x768.webp\" alt=\"\" class=\"wp-image-4296\" srcset=\"https:\/\/www.bienaleditora.com.br\/site\/wp-content\/uploads\/2026\/03\/5a-1024x768.webp 1024w, https:\/\/www.bienaleditora.com.br\/site\/wp-content\/uploads\/2026\/03\/5a-300x225.webp 300w, https:\/\/www.bienaleditora.com.br\/site\/wp-content\/uploads\/2026\/03\/5a-768x576.webp 768w, https:\/\/www.bienaleditora.com.br\/site\/wp-content\/uploads\/2026\/03\/5a-1536x1152.webp 1536w, https:\/\/www.bienaleditora.com.br\/site\/wp-content\/uploads\/2026\/03\/5a-600x450.webp 600w, https:\/\/www.bienaleditora.com.br\/site\/wp-content\/uploads\/2026\/03\/5a.webp 1600w\" sizes=\"(max-width: 1024px) 100vw, 1024px\" \/><\/a><\/figure><figure class=\"wp-block-image size-large\"><a href=\"https:\/\/www.bienaleditora.com.br\/site\/wp-content\/uploads\/2026\/03\/3a.webp\"><img loading=\"lazy\" decoding=\"async\" width=\"768\" height=\"1024\" src=\"https:\/\/www.bienaleditora.com.br\/site\/wp-content\/uploads\/2026\/03\/3a-768x1024.webp\" alt=\"\" class=\"wp-image-4297\" srcset=\"https:\/\/www.bienaleditora.com.br\/site\/wp-content\/uploads\/2026\/03\/3a-768x1024.webp 768w, https:\/\/www.bienaleditora.com.br\/site\/wp-content\/uploads\/2026\/03\/3a-225x300.webp 225w, https:\/\/www.bienaleditora.com.br\/site\/wp-content\/uploads\/2026\/03\/3a-1152x1536.webp 1152w, https:\/\/www.bienaleditora.com.br\/site\/wp-content\/uploads\/2026\/03\/3a-600x800.webp 600w, https:\/\/www.bienaleditora.com.br\/site\/wp-content\/uploads\/2026\/03\/3a.webp 1200w\" sizes=\"(max-width: 768px) 100vw, 768px\" \/><\/a><\/figure><figure class=\"wp-block-image size-large\"><a href=\"https:\/\/www.bienaleditora.com.br\/site\/wp-content\/uploads\/2026\/03\/7a.webp\"><img loading=\"lazy\" decoding=\"async\" width=\"1024\" height=\"768\" src=\"https:\/\/www.bienaleditora.com.br\/site\/wp-content\/uploads\/2026\/03\/7a-1024x768.webp\" alt=\"\" class=\"wp-image-4298\" srcset=\"https:\/\/www.bienaleditora.com.br\/site\/wp-content\/uploads\/2026\/03\/7a-1024x768.webp 1024w, https:\/\/www.bienaleditora.com.br\/site\/wp-content\/uploads\/2026\/03\/7a-300x225.webp 300w, https:\/\/www.bienaleditora.com.br\/site\/wp-content\/uploads\/2026\/03\/7a-768x576.webp 768w, https:\/\/www.bienaleditora.com.br\/site\/wp-content\/uploads\/2026\/03\/7a-1536x1153.webp 1536w, https:\/\/www.bienaleditora.com.br\/site\/wp-content\/uploads\/2026\/03\/7a-600x450.webp 600w, https:\/\/www.bienaleditora.com.br\/site\/wp-content\/uploads\/2026\/03\/7a.webp 1599w\" sizes=\"(max-width: 1024px) 100vw, 1024px\" \/><\/a><\/figure><figure class=\"wp-block-image size-large\"><a href=\"https:\/\/www.bienaleditora.com.br\/site\/wp-content\/uploads\/2026\/03\/4a.webp\"><img loading=\"lazy\" decoding=\"async\" width=\"768\" height=\"1024\" src=\"https:\/\/www.bienaleditora.com.br\/site\/wp-content\/uploads\/2026\/03\/4a-768x1024.webp\" alt=\"\" class=\"wp-image-4299\" srcset=\"https:\/\/www.bienaleditora.com.br\/site\/wp-content\/uploads\/2026\/03\/4a-768x1024.webp 768w, https:\/\/www.bienaleditora.com.br\/site\/wp-content\/uploads\/2026\/03\/4a-225x300.webp 225w, https:\/\/www.bienaleditora.com.br\/site\/wp-content\/uploads\/2026\/03\/4a-1152x1536.webp 1152w, https:\/\/www.bienaleditora.com.br\/site\/wp-content\/uploads\/2026\/03\/4a-600x800.webp 600w, https:\/\/www.bienaleditora.com.br\/site\/wp-content\/uploads\/2026\/03\/4a.webp 1200w\" sizes=\"(max-width: 768px) 100vw, 768px\" \/><\/a><\/figure><figure class=\"wp-block-image size-large\"><a href=\"https:\/\/www.bienaleditora.com.br\/site\/wp-content\/uploads\/2026\/03\/2a.webp\"><img loading=\"lazy\" decoding=\"async\" width=\"768\" height=\"1024\" src=\"https:\/\/www.bienaleditora.com.br\/site\/wp-content\/uploads\/2026\/03\/2a-768x1024.webp\" alt=\"\" class=\"wp-image-4300\" srcset=\"https:\/\/www.bienaleditora.com.br\/site\/wp-content\/uploads\/2026\/03\/2a-768x1024.webp 768w, https:\/\/www.bienaleditora.com.br\/site\/wp-content\/uploads\/2026\/03\/2a-225x300.webp 225w, https:\/\/www.bienaleditora.com.br\/site\/wp-content\/uploads\/2026\/03\/2a-1152x1536.webp 1152w, https:\/\/www.bienaleditora.com.br\/site\/wp-content\/uploads\/2026\/03\/2a-600x800.webp 600w, https:\/\/www.bienaleditora.com.br\/site\/wp-content\/uploads\/2026\/03\/2a.webp 1200w\" sizes=\"(max-width: 768px) 100vw, 768px\" \/><\/a><\/figure><p><\/p>","protected":false},"excerpt":{"rendered":"<p>O mundo pol\u00edtico, empresarial e intelectual prestigiou o lan\u00e7amento do document\u00e1rio Dirceu Arcoverde 100 anos e do livro Dirceu Arcoverde &#8211; Esperan\u00e7a interrompida, realizado no Sesc Caju\u00edna, em 16 de mar\u00e7o passado. O ministro do Desenvolvimento Social, Wellington Dias, o presidente nacional do PP, senador Ciro Nogueira, e o deputado federal Fl\u00e1vio Nogueira est\u00e3o entre [&hellip;]<\/p>\n","protected":false},"author":2,"featured_media":4268,"comment_status":"closed","ping_status":"open","sticky":false,"template":"","format":"standard","meta":{"_acf_changed":false,"footnotes":""},"categories":[4],"tags":[167,235,164],"class_list":["post-4290","post","type-post","status-publish","format-standard","has-post-thumbnail","hentry","category-blog","tag-biografia-2","tag-dirceu-arcoverde","tag-piaui-2"],"acf":[],"yoast_head":"<!-- This site is optimized with the Yoast SEO plugin v26.7 - https:\/\/yoast.com\/wordpress\/plugins\/seo\/ -->\n<title>Lan\u00e7amento de filme e de biografia marcam centen\u00e1rio de Dirceu - Bienal Editora<\/title>\n<meta name=\"robots\" content=\"index, follow, max-snippet:-1, max-image-preview:large, max-video-preview:-1\" \/>\n<link rel=\"canonical\" href=\"https:\/\/www.bienaleditora.com.br\/site\/lancamento-de-filme-e-de-biografia-marcam-centenario-de-dirceu\/\" \/>\n<meta property=\"og:locale\" content=\"pt_BR\" \/>\n<meta property=\"og:type\" content=\"article\" \/>\n<meta property=\"og:title\" content=\"Lan\u00e7amento de filme e de biografia marcam centen\u00e1rio de Dirceu - Bienal Editora\" \/>\n<meta property=\"og:description\" content=\"O mundo pol\u00edtico, empresarial e intelectual prestigiou o lan\u00e7amento do document\u00e1rio Dirceu Arcoverde 100 anos e do livro Dirceu Arcoverde &#8211; Esperan\u00e7a interrompida, realizado no Sesc Caju\u00edna, em 16 de mar\u00e7o passado. O ministro do Desenvolvimento Social, Wellington Dias, o presidente nacional do PP, senador Ciro Nogueira, e o deputado federal Fl\u00e1vio Nogueira est\u00e3o entre [&hellip;]\" \/>\n<meta property=\"og:url\" content=\"https:\/\/www.bienaleditora.com.br\/site\/lancamento-de-filme-e-de-biografia-marcam-centenario-de-dirceu\/\" \/>\n<meta property=\"og:site_name\" content=\"Bienal Editora\" \/>\n<meta property=\"article:published_time\" content=\"2026-03-18T10:56:02+00:00\" \/>\n<meta property=\"article:modified_time\" content=\"2026-04-29T11:19:44+00:00\" \/>\n<meta property=\"og:image\" content=\"https:\/\/www.bienaleditora.com.br\/site\/wp-content\/uploads\/2026\/03\/7.webp\" \/>\n\t<meta property=\"og:image:width\" content=\"1600\" \/>\n\t<meta property=\"og:image:height\" content=\"1186\" \/>\n\t<meta property=\"og:image:type\" content=\"image\/webp\" \/>\n<meta name=\"author\" content=\"Assessoria\" \/>\n<meta name=\"twitter:card\" content=\"summary_large_image\" \/>\n<meta name=\"twitter:label1\" content=\"Escrito por\" \/>\n\t<meta name=\"twitter:data1\" content=\"Assessoria\" \/>\n\t<meta name=\"twitter:label2\" content=\"Est. tempo de leitura\" \/>\n\t<meta name=\"twitter:data2\" content=\"4 minutos\" \/>\n<script type=\"application\/ld+json\" class=\"yoast-schema-graph\">{\"@context\":\"https:\/\/schema.org\",\"@graph\":[{\"@type\":\"Article\",\"@id\":\"https:\/\/www.bienaleditora.com.br\/site\/lancamento-de-filme-e-de-biografia-marcam-centenario-de-dirceu\/#article\",\"isPartOf\":{\"@id\":\"https:\/\/www.bienaleditora.com.br\/site\/lancamento-de-filme-e-de-biografia-marcam-centenario-de-dirceu\/\"},\"author\":{\"name\":\"Assessoria\",\"@id\":\"https:\/\/www.bienaleditora.com.br\/site\/#\/schema\/person\/d1a5a5a109d4fde6a4d5a867405cb50e\"},\"headline\":\"Lan\u00e7amento de filme e de biografia marcam centen\u00e1rio de Dirceu\",\"datePublished\":\"2026-03-18T10:56:02+00:00\",\"dateModified\":\"2026-04-29T11:19:44+00:00\",\"mainEntityOfPage\":{\"@id\":\"https:\/\/www.bienaleditora.com.br\/site\/lancamento-de-filme-e-de-biografia-marcam-centenario-de-dirceu\/\"},\"wordCount\":346,\"publisher\":{\"@id\":\"https:\/\/www.bienaleditora.com.br\/site\/#organization\"},\"image\":{\"@id\":\"https:\/\/www.bienaleditora.com.br\/site\/lancamento-de-filme-e-de-biografia-marcam-centenario-de-dirceu\/#primaryimage\"},\"thumbnailUrl\":\"https:\/\/www.bienaleditora.com.br\/site\/wp-content\/uploads\/2026\/03\/7.webp\",\"keywords\":[\"Biografia\",\"Dirceu Arcoverde\",\"Piau\u00ed.\"],\"articleSection\":[\"blog\"],\"inLanguage\":\"pt-BR\"},{\"@type\":\"WebPage\",\"@id\":\"https:\/\/www.bienaleditora.com.br\/site\/lancamento-de-filme-e-de-biografia-marcam-centenario-de-dirceu\/\",\"url\":\"https:\/\/www.bienaleditora.com.br\/site\/lancamento-de-filme-e-de-biografia-marcam-centenario-de-dirceu\/\",\"name\":\"Lan\u00e7amento de filme e de biografia marcam centen\u00e1rio de Dirceu - Bienal Editora\",\"isPartOf\":{\"@id\":\"https:\/\/www.bienaleditora.com.br\/site\/#website\"},\"primaryImageOfPage\":{\"@id\":\"https:\/\/www.bienaleditora.com.br\/site\/lancamento-de-filme-e-de-biografia-marcam-centenario-de-dirceu\/#primaryimage\"},\"image\":{\"@id\":\"https:\/\/www.bienaleditora.com.br\/site\/lancamento-de-filme-e-de-biografia-marcam-centenario-de-dirceu\/#primaryimage\"},\"thumbnailUrl\":\"https:\/\/www.bienaleditora.com.br\/site\/wp-content\/uploads\/2026\/03\/7.webp\",\"datePublished\":\"2026-03-18T10:56:02+00:00\",\"dateModified\":\"2026-04-29T11:19:44+00:00\",\"breadcrumb\":{\"@id\":\"https:\/\/www.bienaleditora.com.br\/site\/lancamento-de-filme-e-de-biografia-marcam-centenario-de-dirceu\/#breadcrumb\"},\"inLanguage\":\"pt-BR\",\"potentialAction\":[{\"@type\":\"ReadAction\",\"target\":[\"https:\/\/www.bienaleditora.com.br\/site\/lancamento-de-filme-e-de-biografia-marcam-centenario-de-dirceu\/\"]}]},{\"@type\":\"ImageObject\",\"inLanguage\":\"pt-BR\",\"@id\":\"https:\/\/www.bienaleditora.com.br\/site\/lancamento-de-filme-e-de-biografia-marcam-centenario-de-dirceu\/#primaryimage\",\"url\":\"https:\/\/www.bienaleditora.com.br\/site\/wp-content\/uploads\/2026\/03\/7.webp\",\"contentUrl\":\"https:\/\/www.bienaleditora.com.br\/site\/wp-content\/uploads\/2026\/03\/7.webp\",\"width\":1600,\"height\":1186},{\"@type\":\"BreadcrumbList\",\"@id\":\"https:\/\/www.bienaleditora.com.br\/site\/lancamento-de-filme-e-de-biografia-marcam-centenario-de-dirceu\/#breadcrumb\",\"itemListElement\":[{\"@type\":\"ListItem\",\"position\":1,\"name\":\"Home\",\"item\":\"https:\/\/www.bienaleditora.com.br\/site\/\"},{\"@type\":\"ListItem\",\"position\":2,\"name\":\"Lan\u00e7amento de filme e de biografia marcam centen\u00e1rio de Dirceu\"}]},{\"@type\":\"WebSite\",\"@id\":\"https:\/\/www.bienaleditora.com.br\/site\/#website\",\"url\":\"https:\/\/www.bienaleditora.com.br\/site\/\",\"name\":\"Bienal Editora\",\"description\":\"Uma editora jovem, n\u00e3o s\u00f3 na idade \u2014 afinal foi fundada em dezembro de 2012 \u2014 mas no esp\u00edrito inovador de optar pela publica\u00e7\u00e3o de fic\u00e7\u00e3o e n\u00e3o fic\u00e7\u00e3o priorizando a qualidade, e n\u00e3o a quantidade de lan\u00e7amentos.\",\"publisher\":{\"@id\":\"https:\/\/www.bienaleditora.com.br\/site\/#organization\"},\"potentialAction\":[{\"@type\":\"SearchAction\",\"target\":{\"@type\":\"EntryPoint\",\"urlTemplate\":\"https:\/\/www.bienaleditora.com.br\/site\/?s={search_term_string}\"},\"query-input\":{\"@type\":\"PropertyValueSpecification\",\"valueRequired\":true,\"valueName\":\"search_term_string\"}}],\"inLanguage\":\"pt-BR\"},{\"@type\":\"Organization\",\"@id\":\"https:\/\/www.bienaleditora.com.br\/site\/#organization\",\"name\":\"Bienal Editora\",\"url\":\"https:\/\/www.bienaleditora.com.br\/site\/\",\"logo\":{\"@type\":\"ImageObject\",\"inLanguage\":\"pt-BR\",\"@id\":\"https:\/\/www.bienaleditora.com.br\/site\/#\/schema\/logo\/image\/\",\"url\":\"https:\/\/www.bienaleditora.com.br\/site\/wp-content\/uploads\/2014\/01\/logomarca_png.png\",\"contentUrl\":\"https:\/\/www.bienaleditora.com.br\/site\/wp-content\/uploads\/2014\/01\/logomarca_png.png\",\"width\":145,\"height\":79,\"caption\":\"Bienal Editora\"},\"image\":{\"@id\":\"https:\/\/www.bienaleditora.com.br\/site\/#\/schema\/logo\/image\/\"}},{\"@type\":\"Person\",\"@id\":\"https:\/\/www.bienaleditora.com.br\/site\/#\/schema\/person\/d1a5a5a109d4fde6a4d5a867405cb50e\",\"name\":\"Assessoria\",\"image\":{\"@type\":\"ImageObject\",\"inLanguage\":\"pt-BR\",\"@id\":\"https:\/\/www.bienaleditora.com.br\/site\/#\/schema\/person\/image\/\",\"url\":\"https:\/\/secure.gravatar.com\/avatar\/fe245404998dfc514ff4b58c7565d7ef?s=96&d=mm&r=g\",\"contentUrl\":\"https:\/\/secure.gravatar.com\/avatar\/fe245404998dfc514ff4b58c7565d7ef?s=96&d=mm&r=g\",\"caption\":\"Assessoria\"},\"url\":\"https:\/\/www.bienaleditora.com.br\/site\/author\/zozimo\/\"}]}<\/script>\n<!-- \/ Yoast SEO plugin. -->","yoast_head_json":{"title":"Lan\u00e7amento de filme e de biografia marcam centen\u00e1rio de Dirceu - Bienal Editora","robots":{"index":"index","follow":"follow","max-snippet":"max-snippet:-1","max-image-preview":"max-image-preview:large","max-video-preview":"max-video-preview:-1"},"canonical":"https:\/\/www.bienaleditora.com.br\/site\/lancamento-de-filme-e-de-biografia-marcam-centenario-de-dirceu\/","og_locale":"pt_BR","og_type":"article","og_title":"Lan\u00e7amento de filme e de biografia marcam centen\u00e1rio de Dirceu - Bienal Editora","og_description":"O mundo pol\u00edtico, empresarial e intelectual prestigiou o lan\u00e7amento do document\u00e1rio Dirceu Arcoverde 100 anos e do livro Dirceu Arcoverde &#8211; Esperan\u00e7a interrompida, realizado no Sesc Caju\u00edna, em 16 de mar\u00e7o passado. O ministro do Desenvolvimento Social, Wellington Dias, o presidente nacional do PP, senador Ciro Nogueira, e o deputado federal Fl\u00e1vio Nogueira est\u00e3o entre [&hellip;]","og_url":"https:\/\/www.bienaleditora.com.br\/site\/lancamento-de-filme-e-de-biografia-marcam-centenario-de-dirceu\/","og_site_name":"Bienal Editora","article_published_time":"2026-03-18T10:56:02+00:00","article_modified_time":"2026-04-29T11:19:44+00:00","og_image":[{"width":1600,"height":1186,"url":"https:\/\/www.bienaleditora.com.br\/site\/wp-content\/uploads\/2026\/03\/7.webp","type":"image\/webp"}],"author":"Assessoria","twitter_card":"summary_large_image","twitter_misc":{"Escrito por":"Assessoria","Est. tempo de leitura":"4 minutos"},"schema":{"@context":"https:\/\/schema.org","@graph":[{"@type":"Article","@id":"https:\/\/www.bienaleditora.com.br\/site\/lancamento-de-filme-e-de-biografia-marcam-centenario-de-dirceu\/#article","isPartOf":{"@id":"https:\/\/www.bienaleditora.com.br\/site\/lancamento-de-filme-e-de-biografia-marcam-centenario-de-dirceu\/"},"author":{"name":"Assessoria","@id":"https:\/\/www.bienaleditora.com.br\/site\/#\/schema\/person\/d1a5a5a109d4fde6a4d5a867405cb50e"},"headline":"Lan\u00e7amento de filme e de biografia marcam centen\u00e1rio de Dirceu","datePublished":"2026-03-18T10:56:02+00:00","dateModified":"2026-04-29T11:19:44+00:00","mainEntityOfPage":{"@id":"https:\/\/www.bienaleditora.com.br\/site\/lancamento-de-filme-e-de-biografia-marcam-centenario-de-dirceu\/"},"wordCount":346,"publisher":{"@id":"https:\/\/www.bienaleditora.com.br\/site\/#organization"},"image":{"@id":"https:\/\/www.bienaleditora.com.br\/site\/lancamento-de-filme-e-de-biografia-marcam-centenario-de-dirceu\/#primaryimage"},"thumbnailUrl":"https:\/\/www.bienaleditora.com.br\/site\/wp-content\/uploads\/2026\/03\/7.webp","keywords":["Biografia","Dirceu Arcoverde","Piau\u00ed."],"articleSection":["blog"],"inLanguage":"pt-BR"},{"@type":"WebPage","@id":"https:\/\/www.bienaleditora.com.br\/site\/lancamento-de-filme-e-de-biografia-marcam-centenario-de-dirceu\/","url":"https:\/\/www.bienaleditora.com.br\/site\/lancamento-de-filme-e-de-biografia-marcam-centenario-de-dirceu\/","name":"Lan\u00e7amento de filme e de biografia marcam centen\u00e1rio de Dirceu - Bienal Editora","isPartOf":{"@id":"https:\/\/www.bienaleditora.com.br\/site\/#website"},"primaryImageOfPage":{"@id":"https:\/\/www.bienaleditora.com.br\/site\/lancamento-de-filme-e-de-biografia-marcam-centenario-de-dirceu\/#primaryimage"},"image":{"@id":"https:\/\/www.bienaleditora.com.br\/site\/lancamento-de-filme-e-de-biografia-marcam-centenario-de-dirceu\/#primaryimage"},"thumbnailUrl":"https:\/\/www.bienaleditora.com.br\/site\/wp-content\/uploads\/2026\/03\/7.webp","datePublished":"2026-03-18T10:56:02+00:00","dateModified":"2026-04-29T11:19:44+00:00","breadcrumb":{"@id":"https:\/\/www.bienaleditora.com.br\/site\/lancamento-de-filme-e-de-biografia-marcam-centenario-de-dirceu\/#breadcrumb"},"inLanguage":"pt-BR","potentialAction":[{"@type":"ReadAction","target":["https:\/\/www.bienaleditora.com.br\/site\/lancamento-de-filme-e-de-biografia-marcam-centenario-de-dirceu\/"]}]},{"@type":"ImageObject","inLanguage":"pt-BR","@id":"https:\/\/www.bienaleditora.com.br\/site\/lancamento-de-filme-e-de-biografia-marcam-centenario-de-dirceu\/#primaryimage","url":"https:\/\/www.bienaleditora.com.br\/site\/wp-content\/uploads\/2026\/03\/7.webp","contentUrl":"https:\/\/www.bienaleditora.com.br\/site\/wp-content\/uploads\/2026\/03\/7.webp","width":1600,"height":1186},{"@type":"BreadcrumbList","@id":"https:\/\/www.bienaleditora.com.br\/site\/lancamento-de-filme-e-de-biografia-marcam-centenario-de-dirceu\/#breadcrumb","itemListElement":[{"@type":"ListItem","position":1,"name":"Home","item":"https:\/\/www.bienaleditora.com.br\/site\/"},{"@type":"ListItem","position":2,"name":"Lan\u00e7amento de filme e de biografia marcam centen\u00e1rio de Dirceu"}]},{"@type":"WebSite","@id":"https:\/\/www.bienaleditora.com.br\/site\/#website","url":"https:\/\/www.bienaleditora.com.br\/site\/","name":"Bienal Editora","description":"Uma editora jovem, n\u00e3o s\u00f3 na idade \u2014 afinal foi fundada em dezembro de 2012 \u2014 mas no esp\u00edrito inovador de optar pela publica\u00e7\u00e3o de fic\u00e7\u00e3o e n\u00e3o fic\u00e7\u00e3o priorizando a qualidade, e n\u00e3o a quantidade de lan\u00e7amentos.","publisher":{"@id":"https:\/\/www.bienaleditora.com.br\/site\/#organization"},"potentialAction":[{"@type":"SearchAction","target":{"@type":"EntryPoint","urlTemplate":"https:\/\/www.bienaleditora.com.br\/site\/?s={search_term_string}"},"query-input":{"@type":"PropertyValueSpecification","valueRequired":true,"valueName":"search_term_string"}}],"inLanguage":"pt-BR"},{"@type":"Organization","@id":"https:\/\/www.bienaleditora.com.br\/site\/#organization","name":"Bienal Editora","url":"https:\/\/www.bienaleditora.com.br\/site\/","logo":{"@type":"ImageObject","inLanguage":"pt-BR","@id":"https:\/\/www.bienaleditora.com.br\/site\/#\/schema\/logo\/image\/","url":"https:\/\/www.bienaleditora.com.br\/site\/wp-content\/uploads\/2014\/01\/logomarca_png.png","contentUrl":"https:\/\/www.bienaleditora.com.br\/site\/wp-content\/uploads\/2014\/01\/logomarca_png.png","width":145,"height":79,"caption":"Bienal Editora"},"image":{"@id":"https:\/\/www.bienaleditora.com.br\/site\/#\/schema\/logo\/image\/"}},{"@type":"Person","@id":"https:\/\/www.bienaleditora.com.br\/site\/#\/schema\/person\/d1a5a5a109d4fde6a4d5a867405cb50e","name":"Assessoria","image":{"@type":"ImageObject","inLanguage":"pt-BR","@id":"https:\/\/www.bienaleditora.com.br\/site\/#\/schema\/person\/image\/","url":"https:\/\/secure.gravatar.com\/avatar\/fe245404998dfc514ff4b58c7565d7ef?s=96&d=mm&r=g","contentUrl":"https:\/\/secure.gravatar.com\/avatar\/fe245404998dfc514ff4b58c7565d7ef?s=96&d=mm&r=g","caption":"Assessoria"},"url":"https:\/\/www.bienaleditora.com.br\/site\/author\/zozimo\/"}]}},"_links":{"self":[{"href":"https:\/\/www.bienaleditora.com.br\/site\/wp-json\/wp\/v2\/posts\/4290","targetHints":{"allow":["GET"]}}],"collection":[{"href":"https:\/\/www.bienaleditora.com.br\/site\/wp-json\/wp\/v2\/posts"}],"about":[{"href":"https:\/\/www.bienaleditora.com.br\/site\/wp-json\/wp\/v2\/types\/post"}],"author":[{"embeddable":true,"href":"https:\/\/www.bienaleditora.com.br\/site\/wp-json\/wp\/v2\/users\/2"}],"replies":[{"embeddable":true,"href":"https:\/\/www.bienaleditora.com.br\/site\/wp-json\/wp\/v2\/comments?post=4290"}],"version-history":[{"count":3,"href":"https:\/\/www.bienaleditora.com.br\/site\/wp-json\/wp\/v2\/posts\/4290\/revisions"}],"predecessor-version":[{"id":4301,"href":"https:\/\/www.bienaleditora.com.br\/site\/wp-json\/wp\/v2\/posts\/4290\/revisions\/4301"}],"wp:featuredmedia":[{"embeddable":true,"href":"https:\/\/www.bienaleditora.com.br\/site\/wp-json\/wp\/v2\/media\/4268"}],"wp:attachment":[{"href":"https:\/\/www.bienaleditora.com.br\/site\/wp-json\/wp\/v2\/media?parent=4290"}],"wp:term":[{"taxonomy":"category","embeddable":true,"href":"https:\/\/www.bienaleditora.com.br\/site\/wp-json\/wp\/v2\/categories?post=4290"},{"taxonomy":"post_tag","embeddable":true,"href":"https:\/\/www.bienaleditora.com.br\/site\/wp-json\/wp\/v2\/tags?post=4290"}],"curies":[{"name":"wp","href":"https:\/\/api.w.org\/{rel}","templated":true}]}}